{"id":853,"date":"2017-07-18T23:04:48","date_gmt":"2017-07-18T21:04:48","guid":{"rendered":"http:\/\/dengekurdistan.de\/?p=853"},"modified":"2017-07-25T20:03:07","modified_gmt":"2017-07-25T18:03:07","slug":"esastan-ve-isten-kacmak","status":"publish","type":"post","link":"http:\/\/www.dengekurdistan.de\/?p=853","title":{"rendered":"ESASTAN VE   \u0130\u015eTEN KA\u00c7MAK"},"content":{"rendered":"<p>Bir kom\u00fcnist \u00a0veya\u00a0 bir grup kom\u00fcnist yada bir kom\u00fcn\u00fcst parti ortak akl\u0131 \u00f6nce iyi bir d\u00fc\u015f\u00fcn\u00fcr ta\u015f\u0131n\u0131r, ard\u0131ndan ; \u015eUNU (veya \u015funlar\u0131)YAPACA\u011eIM DER VE YAPAR. En az\u0131ndan var g\u00fcc\u00fcyle yapmaya \u00e7al\u0131\u015f\u0131r.Buna ra\u011fmen s\u00f6z\u00fcn\u00fcn gere\u011fini k\u0131smen veya tamamen yerine getirememi\u015fse, bunun nedenlerini i\u015f\u00e7i s\u0131n\u0131f\u0131na ve genel olarak\u00a0 halka\u00a0 a\u00e7\u0131klar. \u00d6ng\u00f6remediklerinden ve eksikliklerinden dolay\u0131 toplumdan\u00a0 \u00d6Z\u00dcR D\u0130LER.<\/p>\n<p>Ha\u00a0 keza bir kom\u00fcnist veya bir kom\u00fcnist parti \u015funlar\u0131 \u015funlar\u0131 da yapmayaca\u011f\u0131m der ve o yapmayaca\u011f\u0131m dediklerini de yapmaz. E\u011fer bir k\u00f6m\u00fcnist partisi yapaca\u011f\u0131m dediklerini yapmaz; yapmayaca\u011f\u0131m dediklerini de yaparsa ad\u0131ndan ve iddias\u0131ndan vazge\u00e7mi\u015f olur.<\/p>\n<p>Bu yal\u0131n ger\u00e7eklikler d\u00fcr\u00fcst olman\u0131n, i\u015f\u00e7i s\u0131n\u0131f\u0131na, halka, do\u011faya ve insanl\u0131\u011fa kar\u015f\u0131 sorumlu davranman\u0131n\u00a0 ABC sidir. Bir kom\u00fcnist veya bir kom\u00fcnist parti a\u00e7\u0131s\u0131ndan i\u015fin\u00a0 ABC si olan b\u00f6yle bir giri\u015f i\u00e7in kusura bak\u0131lmaya. As\u0131l meram\u0131m\u0131z \u00e7oktand\u0131r a\u00e7\u0131k g\u00f6stergeleriyle \u00fczerimize \u00fczerimize gelen ve art\u0131k kabu\u011fumuza s\u0131\u011fd\u0131ramad\u0131\u011f\u0131m\u0131z \u00a0ESASTAN VE \u0130\u015eTEN KA\u00c7MA hastal\u0131\u011f\u0131n\u0131n\u00a0 bug\u00fcn geldi\u011fi d\u00fczeyi dilimiz d\u00f6nd\u00fc\u011f\u00fcnce\u00a0 yolda\u015flar\u0131m\u0131za anlatmakt\u0131r.<\/p>\n<p>Bizim kadrolar\u0131n neredeyse hepsi bilirler ya, bilmeyenler i\u00e7in yazal\u0131m: Eski su de\u011firmenlerinin iki ta\u015f\u0131 aras\u0131nda \u00f6\u011f\u00fctece\u011fi nesne yoksa e\u011fer, alt ve \u00fcst ta\u015flar birbirlerini yerler. Yakla\u015f\u0131k\u00a0 bir iki saat bo\u015fa \u00e7al\u0131\u015fan bir de\u011firmenin ta\u015flar\u0131 art\u0131k sabunla\u015f\u0131r ve i\u015f g\u00f6rmez olurlar. Dile getirilmesi zor halimiz, \u00f6zellikle \u00dclke i\u00e7erisindeki durumumuz ne yaz\u0131k ki t\u0131pk\u0131 bo\u015fa d\u00f6nen de\u011firmen ta\u015flar\u0131 gibidir. Ortada ne un ne de ekmek var. Yan\u0131k ta\u015f kokusu bacay\u0131 saral\u0131 \u00e7ok oldu. Yani kendi ekseninde d\u00f6nen,\u00a0 k\u0131smi i\u00e7 dola\u015f\u0131mla yetinen bir hal ve ahvalden bir t\u00fcrl\u00fc \u00e7\u0131k\u0131lam\u0131yor. \u0130\u015ften , eylemden , sokaktan\u00a0 ve do\u011fal olarak s\u0131n\u0131ftan ve halktan\u00a0 d\u0131\u015fta\u00a0 ve uzakta olunca\u00a0 kimli\u011fimizin as\u0131l belirleyicilerinden ilkini yitirmi\u015f oluyoruz.<\/p>\n<p>\u0130\u015f, yani hayata uyarlanabilen politika \u00fcretilemiyor. Bu iddilal\u0131 ve kesin dilli c\u00fcmleyi her yolda\u015f\u0131m\u0131z kendisi test edebilir. Test edebilirlik kolay olsun diye zaman\u0131 isterseniz s\u0131n\u0131rlay\u0131n. Son on y\u0131l deyin, son be\u015f y\u0131l, \u00fc\u00e7 y\u0131l deyin mesala. Denilen zaman i\u00e7erisinde neyi ve neleri yapaca\u011f\u0131z dendi ve neler yap\u0131ld\u0131\u00a0 mesala. \u00d6rne\u011fin iki Kongre ya\u015fand\u0131. Resmiyet gere\u011fi \u201eFAAL\u0130YET RAPORLARI\u201c yaz\u0131ld\u0131 ve okundu. Bir f\u0131nd\u0131k kabu\u011funu dolduracak kadar\u00a0 somut i\u015f ve eylem olarak ne var; bir kere daha okunup bak\u0131ls\u0131n. O raporlarda i\u015f\u00a0 olarak yaln\u0131zca i\u00e7 \u00f6rg\u00fctlenme\u00a0 k\u0131smen yaz\u0131l\u0131d\u0131r ama, yaz\u0131lanlar \u00a0da ya dilek ve temenni cinsinden, ya da ba\u015far\u0131s\u0131zl\u0131\u011f\u0131n bahanelinin s\u0131ralan\u0131\u015f\u0131 \u015feklindedir..<\/p>\n<p>Bilinsin ve unutulmas\u0131n ki; somut i\u015f \u00fcretmeyen her yap\u0131 ve ki\u015fi bol bol BAHANE \u00fcretir. Yani i\u015ften ka\u00e7an, s\u00f6z, teori ve politika konular\u0131nda da\u00a0 esastan ka\u00e7ar.<\/p>\n<p>San\u0131r\u0131m bu sars\u0131c\u0131 olmas\u0131 ama\u00e7lanan c\u00fcmlelerin as\u0131l nedenini k\u0131saca da olsa dile getirme zaman\u0131 geldi. T\u00fcm yolda\u015flar biliyorlar ama, biz yinede belirtelim: \u00c7oktand\u0131r\u00a0 \u0130\u00c7 TARTI\u015eMA diye \u00a0bir sa\u011f\u0131rlar diyalo\u011fu ya\u015famaktay\u0131z. Sadece ad\u0131 tart\u0131\u015fma olan bu sa\u011f\u0131rlar diyalo\u011funun bir ucunda \u00d6SP genel ba\u015fkan\u0131 var, di\u011fer yan\u0131nda KKP li kimi yolda\u015flar. Nerdeyse d\u00f6rt y\u0131ldan beri\u00a0 bu verimsiz \u00e7at\u0131\u015fma s\u00fcr\u00fcyor. Tart\u0131\u015fman\u0131n verimsizli\u011finin ve somutta i\u015fe yaramamas\u0131n\u0131n iki aya\u011f\u0131 var. Birisi Sinan \u00c7ifty\u00fcrek\u2019in y\u0131llar i\u00e7erisinde\u00a0 al\u0131\u015fkanl\u0131k haline getirdi\u011fi i\u015ften, somuttan, sokaktan ve\u00a0 elle tutulur politikalardan\u00a0 israrla ka\u00e7mas\u0131d\u0131r. Az \u00f6nce belirttik. \u0130\u015ften ka\u00e7\u0131\u015f esastan ka\u00e7\u0131\u015f\u0131 da beraberinde getiriyor.<\/p>\n<p>Tart\u0131\u015fmaya yaz\u0131l\u0131 olarak kat\u0131lan KKP li kadorlar ise\u00a0 bilindi\u011fi \u00fczere Avrupa\u2019dalar. Kimse yan\u0131na koymasada, g\u00f6\u00e7menlik, hele hele uzun s\u00fcreli g\u00f6\u00e7menlik\u00a0 tart\u0131\u015fmalar \u00fczerinde bir bas\u0131n\u00e7 olu\u015fturuyor.\u00a0 S\u00d6YLENEN S\u00d6ZLERLE \u00dclke aras\u0131ndaki uzakl\u0131k , ileri s\u00fcr\u00fclen politik g\u00f6r\u00fc\u015flerle prati\u011fin\u00a0 alan ayr\u0131l\u0131\u011f\u0131 belli bir tutuklu\u011fa yola\u00e7\u0131yor. Hani derler ya YUMRU\u011eU MASAYA VURMAK\u2026..Ben DER VE\u00a0 YAPARIM \u00a0olanaklar\u0131na sahip olmamak insan\u0131n elini azda olsa titretiyor. \u0130\u015fte o co\u011frafik olarak uzaktan gelen\u00a0 ve ancak di\u015fler aras\u0131ndan hayk\u0131r\u0131labilen\u00a0 sesler arac\u0131l\u0131\u011f\u0131yla\u00a0 \u00d6SP Genel Ba\u015fkan\u0131na \u00a0\u00a0deniyor ki;<\/p>\n<p>\u00dcslendi\u011fin etikete uygun davran. K\u00fcrt halk\u0131, K\u00fcrdistan i\u015f\u00e7i s\u0131n\u0131f\u0131 ve genel olarak insanl\u0131k i\u00e7in s\u00f6yleyecek s\u00f6z\u00fcn yoksa o makamda durma. S\u00f6z\u00fcn varsa \u00e7\u0131k meydanlarda s\u00f6yle. Ad\u0131na uygun davran. Ulusun, halk\u0131n ve i\u015f\u00e7i s\u0131n\u0131f\u0131\u00a0 ile olabildi\u011fince yak\u0131n ol. Sokakta ol. Bir K\u00fcrt kom\u00fcnisti oldu\u011funu i\u015fin ve eyleminle c\u00fcmle alem g\u00f6rs\u00fcn. Polis copunun tad\u0131n\u0131 unutal\u0131 nerdeyse\u00a0 26- 27 y\u0131l\u0131 buldu.. Diyarbak\u0131r s\u0131ca\u011f\u0131nda tomalar\u0131n suyuyla serinlemeyi bir dene. Etleri kat\u0131r etlerine kar\u0131\u015fm\u0131\u015f evlatlar\u0131na a\u011flayan Roboskili analar\u0131 git ve ziyaret et. Kobani direni\u015f\u00e7ilerine hi\u00e7 bir \u015fey yollayam\u0131yorsan \u015f\u00f6yle y\u00fcrekten bir selam g\u00f6nder. Esir pazar\u0131na s\u00fcr\u00fclen Ezidi analar\u0131m\u0131za elin ula\u015fm\u0131yorsa e\u011fer, CUMARTES\u0130 ANALARINI\u00a0 ara s\u0131ra ziyaret et. Mesala ayda bir kez Galatasaray\u2019a u\u011fra. Referandumda\u00a0 AKP lilerle ayn\u0131 oyu kulland\u0131n kullanmas\u0131na da, bari bunca ya\u015fanm\u0131\u015fl\u0131ktan sonra halk\u0131ndan \u00f6z\u00fcr dile.( Ben bu tart\u0131\u015fmay\u0131 taa o zaman ba\u015flatmamak ad\u0131na\u00a0 mu\u011flak bir referandum yaz\u0131s\u0131 yazm\u0131\u015ft\u0131m. Ben o mu\u011flak yaz\u0131m nedeniyle bu \u00fc\u00e7\u00fcnc\u00fc kez olmak \u00fczere herkeslerden \u00f6z\u00fcr diliyorum) \u201eYerel \u00f6rg\u00fctlerimiz yerel se\u00e7imlerde serbesttirler\u201c gibi \u00a0ucubelikleri politika diye kimseye yutturmaya kalkma. T.C silahl\u0131 g\u00fc\u00e7leri ile mecburiyetten sava\u015fan\u00a0 en olumsuz konumdaki bir K\u00fcrt\u00a0 \u00f6rg\u00fct\u00fc ile s\u00f6m\u00fcrgeci g\u00fc\u00e7ler aras\u0131ndaki \u00a0kavgada tarafs\u0131z kalamazs\u0131n. Tarafs\u0131zl\u0131k davaya s\u0131rt d\u00f6nmektir, bilmelisin. \u00a0Tayyip Erdo\u011fan ile Selahaddin \u00a0Demirta\u015f\u2019\u0131n yar\u0131\u015ft\u0131\u011f\u0131 bir se\u00e7imde tarafs\u0131zl\u0131\u011f\u0131n Tayyipten yana olmak demek oldu\u011funu bilmiyorsan politikay\u0131 b\u0131rakacaks\u0131n. Vb vb vb \u2026..Deniyor. Deniyor ama, her keresinde Sinan \u00c7ifty\u00fcrek ya susuyor, ya da esastan ka\u00e7\u0131yor. Susmad\u0131\u011f\u0131nda eften p\u00fcften bahaneler aray\u0131p buluyor ve birilerini kand\u0131rd\u0131\u011f\u0131n\u0131\u00a0 san\u0131yor.\u00a0 Son \u00fc\u00e7bu\u00e7uk y\u0131l i\u00e7erisinde pratik politika ad\u0131na iki kere bildiri da\u011f\u0131t\u0131m\u0131na \u00e7\u0131kmak, bir kere izinli 1 May\u0131s g\u00f6sterisine kat\u0131lmak ve birde \u00a0bir \u00a0ortak metne imza atmak\u00a0 d\u0131\u015f\u0131nda\u00a0 hi\u00e7 bir i\u015f yapmayan\u00a0 birisi kendisine bahane aramazda ne yapar!<\/p>\n<p>Sinan \u00c7ifty\u00fcrek\u2019e\u00a0 -ve\u00a0 bir ara not olarak belirtelim ki sorgusuz sualsiz\u00a0 Sinan\u2019a m\u00fcritlik etmeyi kab\u00fcllenenlere \u2013 s\u00f6ylenenler pratik politika konular\u0131 ile s\u0131n\u0131rl\u0131 de\u011fil. \u00d6rne\u011fin \u00f6rg\u00fct alan\u0131 ve ya\u015fam\u0131\u2026Tam bir facia. Y\u0131llar boyu ta\u015f \u00fcst\u00fcne ta\u015f konmu\u015flu\u011fu yok. Duvardan durmadan ta\u015f s\u00f6k\u00fcl\u00fcp at\u0131la at\u0131la duvar\u0131n seviyesi neredeyse toprak seviyesine inmek \u00fczere. Yukar\u0131da s\u00f6z\u00fcn\u00fc etti\u011fimiz \u00a0\u00d6SP Faaliyet \u00a0\u00a0raporlar\u0131nda\u00a0 ciddiye al\u0131nd\u0131\u011f\u0131 izlenimi verilen \u00f6rg\u00fctlenme hedefleri ve politikalar\u0131\u00a0 bak\u0131m\u0131ndan da ger\u00e7ek durum i\u00e7ler ac\u0131s\u0131d\u0131r. Bir arpa boyu yolal\u0131nd\u0131\u011f\u0131n\u0131 hi\u00e7 kimse iddia edemez. Aksine az\u0131msanmayacak kay\u0131plar ya\u015fan\u0131yor. \u00d6rg\u00fctl\u00fc il say\u0131s\u0131 yar\u0131 yar\u0131ya azalm\u0131\u015f durumda. Diyarbak\u0131r\u2019da il \u00f6rg\u00fct\u00fc kuramayan bir partiyi hi\u00e7 kimse K\u00fcrdistan partisi diye ciddiye bile almaz. Bir daire kiralay\u0131p kiras\u0131n\u0131 vermek \u00f6rg\u00fctl\u00fc olundu\u011fu anlam\u0131na gelmez. \u00d6rg\u00fctl\u00fc oldu\u011fumuz illerde yo\u011funla\u015ft\u0131k, oralarda nicel ve nitel g\u00fcc\u00fcm\u00fcz\u00fc art\u0131rd\u0131k diyen bir allah\u0131n kulu varsa el kald\u0131rs\u0131n. Onlar\u0131n, yani \u015fu anda yaln\u0131zca il ve merkez il\u00e7e \u00f6rg\u00fctlerinin bulundu\u011fu illerin ise kimisi duraklama, kimisi gerileme durumunda oldu\u011fu\u00a0 apa\u00e7\u0131k ortada. K\u0131saca hasta can \u00e7eki\u015fiyor.<\/p>\n<p>Hadi diyelimki pratik politika ile \u015fu veya bu nedenle u\u011fra\u015fm\u0131yorsun karde\u015fim, bari \u015fu \u00f6rg\u00fct\u00fcn\u00fc derleyip toparlamak i\u00e7in bir \u00e7aba i\u00e7erisinde ol diyoruz, Sinan\u2019\u0131n tabiri ile\u201c t\u0131k yok\u201c.<\/p>\n<p>\u201eTIK YOK\u201cta iken orda kalal\u0131m bari. Ayhan \u00c7elikan\u2019n\u0131n \u00e7a\u011fr\u0131 metnini okuyan Sinan\u00a0 \u00c7ifty\u00fcrek tez elden kalemine sar\u0131lm\u0131\u015f. \u0130yi de etmi\u015f. Ama yine as\u0131l konuya girmemi\u015f. \u0130lgisiz alanlarda laf gezdirmi\u015f. \u00d6rne\u011fin; Ayhan yolda\u015f\u0131n KKP MK si bay pas ediliyor ele\u015ftirisi kar\u015f\u0131s\u0131nda \u201e\u2026..t\u00fcm kadrolara g\u00fcndemi daha taslak iken g\u00f6nderir g\u00f6r\u00fc\u015f ve \u00f6nerileri istenir. Ama d\u00f6nen olmaz.\u00a0\u00a0\u00a0 \u2026..\u201c\u00a0\u00a0 \u201cBu tasar\u0131 tam \u00fc\u00e7 ay \u00f6nce\u2026..kendilerine iletilmi\u015ftir. \u2026. Yolda\u015flardan hi\u00e7biri tek bir sat\u0131rla bize d\u00f6nmemi\u015ftir. Yani yine t\u0131k yok.\u00a0 \u201e demi\u015f ve\u00a0 bu konuyla ilgili s\u00f6zlerini \u201eG\u00f6r\u00fc\u015flerimiz sorulmuyor t\u00fcr\u00fcnden ele\u015ftirilerin kar\u015f\u0131l\u0131\u011f\u0131 yoktur.\u201c La bitirmi\u015f.<\/p>\n<p>Sinan, s\u00f6z\u00fcn\u00fc etti\u011fim yaz\u0131s\u0131n\u0131n en sonunda \u201e \u00d6SP KKP dir, KKP\u00a0 \u00d6SP dir diye bir hamasette yapm\u0131\u015f. Hamaset yapm\u0131\u015f \u00e7\u00fcnk\u00fc, as\u0131l kendisine s\u00f6ylenen\u00a0 KKP MK alanlar\u0131na do\u011frudan m\u00fcdahale ediyorsun, hukuku \u00e7i\u011fniyorsun, i\u015fleyi\u015fi bozuyorsun, \u00f6rg\u00fctl\u00fc gelene\u011fi dejenere ediyorsun, ilgili organ\u0131 i\u015flevsizle\u015ftiriyorsun, de\u015fifrasyon yapmaktas\u0131n vb vb.\u00a0 anlam\u0131ndaki ele\u015ftirilerden ka\u00e7mas\u0131 gerek. Yani kibarca diyor ki, ne fark\u0131m\u0131z var. El insafff!!! Burjuva demokrasisi ve i\u015fleyi\u015finin bile bir d\u00fczeyi vard\u0131r. TC nin valisi vali iken gidip kaymakama sormadan il\u00e7ede i\u015f yapmaya kalkmaz. Bir il \u00f6zel idare m\u00fcd\u00fcr\u00fc gidip il\u00e7eden para tahsil etmez. Yani her \u00f6rg\u00fct kendi g\u00f6rev\u00a0 alan\u0131ndan sorumludur. Bu anlamda olmak \u00fczere her \u00f6rg\u00fct otonomdur. Yani aram\u0131zda hi\u00e7 bir g\u00f6r\u00fc\u015f ayr\u0131l\u0131\u011f\u0131 olmasada siz -biz farketmez mant\u0131\u011f\u0131 ve davran\u0131\u015f\u0131 i\u00e7erisinde olamay\u0131z.<\/p>\n<p>Bu birka\u00e7 sat\u0131rdan bile anla\u015f\u0131l\u0131r ki, \u00a0\u00a0\u00d6SP meclis g\u00fcndeminin kime ve ne zaman g\u00f6nderildi\u011fi meselesi\u00a0 yok ortada. Hi\u00e7 kimse\u00a0 g\u00f6r\u00fc\u015f\u00fcm\u00fcz sorulmuyor diye bir ele\u015ftiride bulunmuyorken\u00a0 sanki \u00f6yle denmi\u015f gibi savunmaya ge\u00e7mek konu sapt\u0131rmakt\u0131r. Yukar\u0131daki al\u0131nt\u0131lardan yaln\u0131zca ve yaln\u0131zca\u00a0 bir nolu karar tasar\u0131s\u0131n\u0131n \u00f6nceden g\u00f6nderildi\u011finin konuyla\u00a0 do\u011frudan ilgisi vard\u0131r ve bizlere \u00f6nceden g\u00f6nderildi\u011fi do\u011frudur. Ama Sinan\u2019\u0131n direk yerine bilmeyenlerin anlamayaca\u011f\u0131 \u015fekilde s\u00f6yledi\u011fi ve somut olarak ya\u015fanan ise\u00a0 \u015fudur: Tek a\u011f\u0131zdan, ortak irade olarak ve s\u00f6zl\u00fc bir bi\u00e7imde ilgili karar tasar\u0131s\u0131n\u0131n kabuledilemezli\u011fi kendilerine iletilmi\u015ftir. Yani \u015fu \u201et\u0131k yok\u201c meselesi t\u00fcmden do\u011fru de\u011fildir.<\/p>\n<p>Do\u011fru olan \u015fudur: Evet, elektronik posta i\u015fletilmektedir. G\u00fcndem ve kararlar herkes gibi bizlere de ula\u015ft\u0131r\u0131lmaktad\u0131r.AMA; FAKATTTT, bug\u00fcne kadar hemen hemen hi\u00e7 bir ciddi konuda d\u0131\u015far\u0131dan i\u00e7eriye iletilen g\u00f6r\u00fc\u015f ve \u00f6neriler\u00a0 dikkate\u00a0 al\u0131nmam\u0131\u015ft\u0131r. Yani biz, bize fikrimiz sorulmad\u0131 demiyoruz. G\u00f6r\u00fc\u015f bildirmemiz i\u015fe yaram\u0131yor diyoruz. Bunun en somut \u00f6rne\u011fi\u00a0 Cumhurba\u015fkanl\u0131\u011f\u0131 se\u00e7imleridir. Oybirli\u011fimiz bile dikkate al\u0131nmam\u0131\u015fken, Kongreye iletti\u011fimiz g\u00f6r\u00fc\u015flerimiz sans\u00fcrlenmi\u015fken \u00a0hangi g\u00fcndeminize m\u00fcdahil olmam\u0131z\u0131 istiyorsunuz ki! Hangi y\u00fczle. MHP li Ekmalettin\u2019e oy isteyen d\u0131\u015ftan bir yaz\u0131 yay\u0131nlarken bize sans\u00fcr uygulamay\u0131 bir yerlere bir oturtun hele.<\/p>\n<p>Dahas\u0131 var ve daha k\u00f6t\u00fc. Sinan\u2019a y\u00f6neltilen temel ele\u015ftiri \u201etasviyecilik\u201c, . Atl\u0131yor \u00fcst\u00fcnden. Hi\u00e7 girmiyor as\u0131l konuya. Onun yerine Yasin\u00a0 cevap vermi\u015f Ayhan \u00c7elikhan\u2019a. O da diyor ki; \u00d6SP\u2019yi KKP yapaca\u011f\u0131z diyoruz ya; ne tasviyesi!\u00a0 He de ikig\u00f6z\u00fcm Yasin; \u00d6SP zaten \u00f6l\u00fcm d\u00f6\u015fe\u011finde. Aya\u011fa kalk\u0131p kalmayaca\u011f\u0131 bile bilinmiyor. Mazallah \u015fu etliye s\u00fctl\u00fcye kar\u0131\u015fmamak politikan\u0131zdan big\u00fcn az\u0131c\u0131k sola saparsan\u0131z\u00a0 gelecek \u00e7ok k\u00fc\u00e7\u00fcc\u00fck bir fiskenin \u00d6SP yi nerelere savuraca\u011f\u0131n\u0131 bilmek i\u00e7in politika kahini olmaya hi\u00e7 gerek yoktur. Yani Yasinci\u011fim canl\u0131l\u0131\u011f\u0131 dumura u\u011fram\u0131\u015f tohum meselesini hat\u0131rlars\u0131n Ayhan yolda\u015f\u0131n \u00e7a\u011fr\u0131 metninden..<\/p>\n<p>En \u00f6nemli konulardan birisi de \u015fu:\u00a0 \u00d6SP yasal bir parti. Yani devletin izinincesiniz ve elindesiniz. Bu durumda iki \u015feye g\u00fcvenilebilir: 1- Ya ger\u00e7ekten yerle\u015fik ve kolay kolay\u00a0 yok say\u0131lamaz burjuva demokrasisi ortam\u0131 vard\u0131r \u00a0( ki bu k\u0131smi bir g\u00fcven ortam\u0131d\u0131r) ya da; s\u00fcre\u00e7 demokratik bir ortam\u0131n olu\u015fmas\u0131na do\u011fru evrilmektedir. 2- Ya da \u00fcst\u00fcne gelebilecek her t\u00fcrl\u00fc sald\u0131r\u0131y\u0131 geri p\u00fcsk\u00fcrtebilece\u011fin \u00f6z g\u00fcc\u00fcn vard\u0131r. Her ikiside T\u00fcrkiye ko\u015fullar\u0131nda olmad\u0131\u011f\u0131na g\u00f6re, neye dayanarak evdeki bulgurdan olmay\u0131 bize \u00f6nermektesiniz? Hangi ak\u0131lla? Hangi gerek\u00e7eyle?<\/p>\n<p>Ger\u00e7ek ya\u015famda bu sorular\u0131n yan\u0131t\u0131 yok elbette. Bunu herkesler bilirler. Fakat Sinan \u00c7ifty\u00fcrek\u2019in son iki yaz\u0131s\u0131nda\u00a0 bu sorular\u0131n bence dolayl\u0131 cevab\u0131 var. HAKPARLA\u015eMAK s\u00f6z\u00fcn\u00fc bir yerlere not edin.<\/p>\n<p>Biliniyor; HAKPAR\u2019\u0131n bir Kemal Burkay ad\u0131nda AB\u0130\u2019si var. Hani \u015fu TC ile anla\u015farak \u015fa\u015faal\u0131 bir t\u00f6renle T\u00fcrkiye\u2019ye d\u00f6nen. Muhalif K\u00fcrt politikac\u0131 olmak \u015furda dursun, a\u011f\u0131r abi olarak\u00a0 devlet kat\u0131nda itibar g\u00f6ren\u2026Partisine de hi\u00e7 ili\u015filip kar\u0131\u015f\u0131lmayan.. Hadi biraz yumu\u015fatarak s\u00f6yleyelim: Solun en en sa\u011f\u0131\u2026.\u00dclkesini bin y\u0131ld\u0131r i\u015fgal etmi\u015f T\u00fcrk devleti aleyhine\u00a0 az, di\u011fer K\u00fcrt partileri\u00a0 aleyhine\u00a0 olduk\u00e7a \u00e7ok konu\u015fan politikac\u0131. En son duyduk ki kendisine can\u0131 g\u00f6n\u00fclden abi demeyen eski kimi yolda\u015flar\u0131yla aras\u0131 a\u00e7\u0131lm\u0131\u015f. Sinan son iki yaz\u0131s\u0131nda hep bu ara a\u00e7\u0131lma meselesini \u00f6ne \u00e7\u0131kar\u0131yor ya, bence\u00a0 HAKPAR\u2019\u0131n sa\u011fc\u0131 ve d\u00fc\u015fmanla uzla\u015fan yan\u0131 ve y\u00f6n\u00fc\u00a0 \u00f6ne \u00e7\u0131kar\u0131lmal\u0131d\u0131r. Ve bence ne HAKPAR\u2019\u0131n, ne de o AB\u0130 sinin \u00f6zenilecek bir yanlar\u0131 vard\u0131r.<\/p>\n<p>Bu s\u00f6zler imal\u0131 oldu biliyorum. Yaras\u0131 olan gocunsun. Hi\u00e7 dert de\u011fil. Ama ben merak ediyorum;\u00a0 Hakpar da i\u00e7erisinde t\u00fcm K\u00fcrt ve T\u00fcrk sol parti ve \u00f6rg\u00fctlerine \u201e B\u0130Z\u0130M HAKKIMIZDA NE D\u00dc\u015e\u00dcN\u00dcYORSUNUZ? B\u0130Z\u0130 DI\u015eARIDAN NASIL G\u00d6R\u00dcYORSUNUZ?\u201c diye \u00a0sorsak\u00a0 diyorum.\u00a0 Diyorum da, ben kendi tahminimden bile korkuyorum. Ve amas\u0131z fakats\u0131z bu olas\u0131 yan\u0131tlardaki pay\u0131m kadar Allah bin belam\u0131 versin benim(!) demekten kendimi alam\u0131yorum.<\/p>\n<p>&nbsp;<\/p>\n<p>Kemal B\u0130LGET<\/p>\n<p>5 Temmuz. 2016<\/p>\n","protected":false},"excerpt":{"rendered":"<p>Bir kom\u00fcnist \u00a0veya\u00a0 bir grup kom\u00fcnist yada bir kom\u00fcn\u00fcst parti ortak akl\u0131 \u00f6nce iyi bir d\u00fc\u015f\u00fcn\u00fcr ta\u015f\u0131n\u0131r, ard\u0131ndan ; \u015eUNU (veya \u015funlar\u0131)YAPACA\u011eIM DER VE YAPAR. En az\u0131ndan var g\u00fcc\u00fcyle yapmaya \u00e7al\u0131\u015f\u0131r.Buna ra\u011fmen s\u00f6z\u00fcn\u00fcn gere\u011fini k\u0131smen veya tamamen yerine getirememi\u015fse, bunun nedenlerini i\u015f\u00e7i s\u0131n\u0131f\u0131na ve genel olarak\u00a0 halka\u00a0 a\u00e7\u0131klar. \u00d6ng\u00f6remediklerinden ve eksikliklerinden dolay\u0131 toplumdan\u00a0 \u00d6Z\u00dcR D\u0130LER. &hellip;<\/p>\n","protected":false},"author":2,"featured_media":1011,"comment_status":"closed","ping_status":"closed","sticky":false,"template":"","format":"standard","meta":[],"categories":[62],"tags":[],"_links":{"self":[{"href":"http:\/\/www.dengekurdistan.de\/index.php?rest_route=\/wp\/v2\/posts\/853"}],"collection":[{"href":"http:\/\/www.dengekurdistan.de\/index.php?rest_route=\/wp\/v2\/posts"}],"about":[{"href":"http:\/\/www.dengekurdistan.de\/index.php?rest_route=\/wp\/v2\/types\/post"}],"author":[{"embeddable":true,"href":"http:\/\/www.dengekurdistan.de\/index.php?rest_route=\/wp\/v2\/users\/2"}],"replies":[{"embeddable":true,"href":"http:\/\/www.dengekurdistan.de\/index.php?rest_route=%2Fwp%2Fv2%2Fcomments&post=853"}],"version-history":[{"count":1,"href":"http:\/\/www.dengekurdistan.de\/index.php?rest_route=\/wp\/v2\/posts\/853\/revisions"}],"predecessor-version":[{"id":854,"href":"http:\/\/www.dengekurdistan.de\/index.php?rest_route=\/wp\/v2\/posts\/853\/revisions\/854"}],"wp:featuredmedia":[{"embeddable":true,"href":"http:\/\/www.dengekurdistan.de\/index.php?rest_route=\/wp\/v2\/media\/1011"}],"wp:attachment":[{"href":"http:\/\/www.dengekurdistan.de\/index.php?rest_route=%2Fwp%2Fv2%2Fmedia&parent=853"}],"wp:term":[{"taxonomy":"category","embeddable":true,"href":"http:\/\/www.dengekurdistan.de\/index.php?rest_route=%2Fwp%2Fv2%2Fcategories&post=853"},{"taxonomy":"post_tag","embeddable":true,"href":"http:\/\/www.dengekurdistan.de\/index.php?rest_route=%2Fwp%2Fv2%2Ftags&post=853"}],"curies":[{"name":"wp","href":"https:\/\/api.w.org\/{rel}","templated":true}]}}