{"id":5495,"date":"2025-03-03T22:30:36","date_gmt":"2025-03-03T21:30:36","guid":{"rendered":"http:\/\/www.dengekurdistan.de\/?p=5495"},"modified":"2025-03-03T22:32:29","modified_gmt":"2025-03-03T21:32:29","slug":"oecalanin-son-aciklamasi-3-samet-erdogdu","status":"publish","type":"post","link":"http:\/\/www.dengekurdistan.de\/?p=5495","title":{"rendered":"\u00d6CALAN&#8217;IN SON A\u00c7IKLAMASI -3- Samet Erdogdu"},"content":{"rendered":"\n<p> \u00c7A\u011eRI METN\u0130N\u0130N N\u0130TEL\u0130\u011e\u0130 VE MADDELER\u0130<\/p>\n\n\n\n<p>\u00d6calan\u2019\u0131n son \u201cBar\u0131\u015f ve Demokratik Toplum \u00c7a\u011fr\u0131s\u0131\u201d daha \u00f6ncekiler gibi hem bi\u00e7im, hem i\u00e7erik a\u00e7\u0131s\u0131ndan ciddi olarak sorunludur.\u00d6calan\u2019\u0131n \u00e7a\u011fr\u0131s\u0131nda K\u00fcrt ve K\u00fcrdistan diye bir kelime bile yok. Bunu hayra yoral\u0131m ve T\u00fcrk devletinin \u201cK\u00fcrdistan\u201d kavram\u0131n\u0131 son birka\u00e7 y\u0131ld\u0131r \u201cTer\u00f6ristan\u201d tabiriyle \u00f6zde\u015fle\u015ftirmesi nedeniyle \u201cfincanc\u0131 kat\u0131rlar\u0131n\u0131 \u00fcrk\u00fctmemek\u201d i\u00e7in son derece dahice bir tercihle bundan ka\u00e7\u0131nd\u0131\u011f\u0131n\u0131 varsayal\u0131m. \u0130yi ama sen kendi \u00fclkenin ad\u0131ndan bile vaz ge\u00e7mekle, bu kavrama sanki vaktiyle a\u011f\u0131zdan ka\u00e7\u0131r\u0131lm\u0131\u015f bir t\u00fck\u00fcr\u00fck muamelesi yapm\u0131\u015f ve \u015fimdi bir daha bu hatay\u0131 yapmamaya ahd etmi\u015f gibi olmuyor musun?\u00d6calan\u2019\u0131n \u00e7a\u011fr\u0131s\u0131nda K\u00fcrdistan bayra\u011f\u0131, ulusal mar\u015f\u0131, BM\u2019in vaktiyle kabul etti\u011fi ve halen de iptal etmedi\u011fi \u201culuslar\u0131n kendi kaderlerini \u00f6zg\u00fcrce tayin etme hakk\u0131\u201d, yani ba\u011f\u0131ms\u0131z ya da ba\u015fka bir devletle ortak olarak (federal veya \u00f6zerk bir stat\u00fcyle) kendi devletini kurma hakk\u0131 gibi temel haklar\u0131n hi\u00e7birinin ad\u0131 san\u0131 yok.Ne var? Tek tek bakal\u0131m:Birinci c\u00fcmle:\u00d6calan \u00e7a\u011fr\u0131s\u0131na, PKK\u2019nin var olma tarihinin \u00e7arp\u0131k bir izah\u0131 ile ba\u015fl\u0131yor. \u00d6nce 20\u2019inci Y\u00fczy\u0131l\u0131, \u201cd\u00fcnya tarihinin en yo\u011fun \u015fiddet y\u00fczy\u0131l\u0131\u201d olarak mahkum ediyor. Hi\u00e7bir tarih\u00e7i b\u00f6yle s\u0131\u011f, kaba ve bilim d\u0131\u015f\u0131 bir tan\u0131m\u0131 kabul etmez, kullanmaz. Tarih bilimine, siyaset bilimine ve \u00f6teki sosyal bilimlerin bir \u00e7o\u011funa hakaretten ba\u015fka bir anlam\u0131 olmayan bir tarih yaz\u0131m\u0131n\u0131 de\u011fil bir devrimci; hi\u00e7 bir demokrat bile kabul edemez. CIA ve Pentagon ba\u011flant\u0131l\u0131 Amerikan Think Tank kurulu\u015flar\u0131n\u0131n s\u00f6zde bilim adamlar\u0131 ve strateji uzmanlar\u0131nca \u00fcretilen tarih tezlerinin temeli tarihin sosyal ve ekonomik temeller, s\u0131n\u0131f ili\u015fkileri, egemenlik, tahakk\u00fcm ve bunlara kar\u015f\u0131 ba\u015fkald\u0131r\u0131lar m\u00fccadeleleri ba\u011flam\u0131nda de\u011fil; bunlar\u0131n ifadeleri olan g\u00f6r\u00fcnt\u00fcler, olgular, sonu\u00e7lar ba\u011flam\u0131nda yeniden yaz\u0131m\u0131d\u0131r. Bu, bilin\u00e7li, ama\u00e7l\u0131, stratejik bir tercihtir ve Amerikan hegemonyas\u0131nda bir Yeni D\u00fcnya D\u00fczeni tasar\u0131m\u0131n\u0131n bir \u00f6\u011fesidir. \u0130ki d\u00fcnya sava\u015f\u0131 ve so\u011fuk sava\u015ftaki \u2018\u2019\u015fiddet\u2019\u2019 havadan, hi\u00e7likten, anlams\u0131zl\u0131ktan, bo\u015fluktan gelen \u015feytani bir eylem de\u011fildir; ahlaki yarg\u0131larla de\u011fil, maddi nedenleri ile ele al\u0131n\u0131r. \u0130ki d\u00fcnya sava\u015f\u0131 denen sava\u015flar d\u00fcnyay\u0131 kendi aralar\u0131nda payla\u015fm\u0131\u015f emperyalist devletlerin birbirleriyle yeniden payla\u015f\u0131m ve hegemonya sava\u015flar\u0131d\u0131r ve t\u0131pk\u0131 \u015fimdikiler gibi o zamanki sava\u015flar\u0131n da nedenleri, ama\u00e7lar\u0131, sava\u015flara yol a\u00e7anlar\u0131n kimlikleri tek bir s\u00f6zc\u00fckte bulu\u015fur: emperyalizm. PKK ortaya \u00e7\u0131kt\u0131\u011f\u0131nda iki d\u00fcnya sava\u015f\u0131 geride kalm\u0131\u015ft\u0131 ve so\u011fuk sava\u015f\u0131n ise PKK\u2019nin ortaya \u00e7\u0131k\u0131\u015f\u0131yla alakas\u0131 yoktur. PKK, ortaya \u00e7\u0131kt\u0131\u011f\u0131 y\u0131llarda kendi ortaya \u00e7\u0131k\u0131\u015f\u0131n\u0131 daha ba\u015fka nedenlere dayand\u0131rm\u0131\u015ft\u0131 ve bunlar\u0131 da \u00f6nce bir manifesto tarz\u0131nda , daha sonra ise ilk parti program\u0131nda ortaya koymu\u015ftu. S\u00f6m\u00fcrgeci boyunduruk alt\u0131nda ya\u015fayan her ulus, bu boyunduruktan kurtulma olana\u011f\u0131n\u0131n ortaya \u00e7\u0131kt\u0131\u011f\u0131n\u0131, ko\u015fullar\u0131n buna uygun hale geldi\u011fini sezdi\u011finde, bunu ba\u015farma g\u00fcc\u00fcn\u00fc kendisinde hissetti\u011finde; ya da bask\u0131 ve zulm\u00fcn art\u0131k tahamm\u00fcl edilmez hale gelip ya istiklal ya \u00f6l\u00fcm\u00fc dayatt\u0131\u011f\u0131nda ba\u015fkald\u0131rma yoluna gitmi\u015f, bunun \u00f6rg\u00fctlerini, ara\u00e7lar\u0131n\u0131 yaratm\u0131\u015ft\u0131r. 20. Y\u00fczy\u0131l ba\u015flar\u0131nda bir avu\u00e7 olan tam ba\u011f\u0131ms\u0131z ya da yar\u0131 ba\u011f\u0131ms\u0131z devletlerin say\u0131lar\u0131 bug\u00fcn 200 civar\u0131na ula\u015fm\u0131\u015fsa bunun temel nedeni budur. Kald\u0131 ki K\u00fcrt ulusal m\u00fccadeleleri ile K\u00fcrt ulusal varl\u0131\u011f\u0131 s\u0131k\u0131 s\u0131k\u0131ya birbirine ba\u011fl\u0131d\u0131r; K\u00fcrtler var olduklar\u0131 ama varolu\u015flar\u0131 ba\u015fkalar\u0131n\u0131n boyunduru\u011fu alt\u0131nda esir, ba\u011f\u0131ml\u0131, k\u00f6lece bir varolu\u015f oldu\u011fu i\u00e7in m\u00fccadeleleri de var olmu\u015ftur ve m\u00fccadele ettikleri i\u00e7in de varl\u0131klar\u0131n\u0131 bug\u00fcne dek s\u00fcrd\u00fcrebilmeyi ba\u015farm\u0131\u015flard\u0131r.PKK, 20. Y\u00fczy\u0131ldaki ba\u015far\u0131ya ula\u015fm\u0131\u015f ulusal kurtulu\u015f sava\u015flar\u0131 modellerini esas alarak yola \u00e7\u0131km\u0131\u015ft\u0131. \u00c7in ve Vietnam halklar\u0131n\u0131n emperyalist i\u015fgalcilere kar\u015f\u0131 y\u00fcr\u00fctt\u00fckleri \u201cuzun s\u00fcreli halk sava\u015f\u0131 stratejisi\u201d modelini \u00f6rnek al\u0131yordu. PKK bu yolu neden tercih etti? \u00d6n\u00fcne K\u00fcrt ulusal kurtulu\u015f hedefini koydu\u011fu ve bu hedefe eri\u015fmek i\u00e7in en uygun yolun \u201chalk sava\u015f\u0131\u201d oldu\u011fu sonucuna eri\u015fti\u011fi i\u00e7in tercih etti. PKK daha ortaya \u00e7\u0131kmam\u0131\u015fken K\u00fcrt \u00f6rg\u00fctleri kurulmaya ba\u015flam\u0131\u015ft\u0131 bile. 1960\u2019larda T\u00fcrk \u00f6rg\u00fctlerinden ba\u011f\u0131ms\u0131z ayr\u0131 K\u00fcrt partileri kuran Sait El\u00e7i, Sait K\u0131rm\u0131z\u0131toprak (Dr. \u015e\u0131van) bir yana, K\u00fcrtler kitlesel olarak o d\u00f6nemin en ilerici T\u00fcrk siyasi partisi T\u0130P\u2019de ve \u00f6zellikle gen\u00e7lik ba\u015fta olmak \u00fczere demokratik kitle \u00f6rg\u00fctlerinde, derneklerinde aktif olarak yer al\u0131yorlard\u0131. Altm\u0131\u015flar\u0131n sonlar\u0131nda DDKO\u2019lar kurulmu\u015ftu bile. 12 Mart askeri darbesinden sonra Ecevit aff\u0131yla hapisten \u00e7\u0131kan devrimci K\u00fcrtler hemen grupla\u015fmalar olu\u015fturmu\u015f ve bir s\u00fcre sonra \u00e7e\u015fitli yay\u0131n organlar\u0131 etraf\u0131nda \u00f6rg\u00fctlenmeye ba\u015flam\u0131\u015flard\u0131. PKK bu gruplardan yaln\u0131zca biriydi. \u0130lk ba\u015flarda APOCULAR, UKOCULAR, daha sonralar\u0131 K\u00dcRD\u0130STAN DEVR\u0130MC\u0130LER\u0130 gibi isimlerle kendilerini duyurdular. (UKO, Ulusal Kurtulu\u015f Ordusu). 1976 yaz\u0131nda bir grup arkada\u015fla o d\u00f6nemde mevcut olan devrimci \u00f6rg\u00fctler aras\u0131nda, e\u011fer varsa, fikirlerimize en yak\u0131n \u00f6rg\u00fct\u00fcn hangisi oldu\u011funu tesbit etmek ve ona g\u00f6re kendimize bir yol haritas\u0131 \u00e7izmek i\u00e7in Antalya\u2019da bulu\u015fup bir ay boyunca tart\u0131\u015ft\u0131\u011f\u0131m\u0131z d\u00f6nemde kendisini ele ald\u0131\u011f\u0131m\u0131z gruplardan biri de UKO idi. Bu arkada\u015flar o d\u00f6nemde yay\u0131n organ\u0131 \u00e7\u0131karm\u0131yorlard\u0131, kendilerine paralel herhangi bir dernek falan kurmam\u0131\u015flard\u0131. Ancak T\u00d6B \u2013 DER veya ba\u015fka derneklerde, kahvelerde, meydanlarda, mahallelerde devrimci gen\u00e7ler aras\u0131nda tart\u0131\u015fmalar yap\u0131yorlard\u0131. Okul arkada\u015flar\u0131m\u0131zdan bir ka\u00e7 ki\u015fi bu grupla ili\u015fki kurmu\u015f, ona kat\u0131lm\u0131\u015ft\u0131 bile; mesela daha sonradan PKK\u2019den ayr\u0131ld\u0131\u011f\u0131 ve TEKO\u015e\u0130N\u2019e kat\u0131ld\u0131\u011f\u0131 i\u00e7in \u015eahin D\u00f6nmez adl\u0131 m\u00fcstakbel itiraf\u00e7\u0131 taraf\u0131ndan mezar\u0131 kendisine kazd\u0131r\u0131larak vah\u015fice \u00f6ld\u00fcr\u00fclen Celal Ayd\u0131n; ya da ge\u00e7enlerde \u00f6len Mahmut \u015eahin arkada\u015f\u0131m\u0131z\u0131n kuzeni PKK militan\u0131 Gazi \u015eahin ve daha ba\u015fkalar\u0131. (Maalesef Gazi \u015eahin de \u00f6rg\u00fctten ayr\u0131ld\u0131\u011f\u0131 i\u00e7in kendi arkada\u015flar\u0131 taraf\u0131ndan delik de\u015fik taranarak \u00f6ld\u00fcr\u00fcld\u00fc.) Bu kimseler o bulu\u015fmam\u0131zda yoktu; fakat biz zaten grubu da, fikirlerini de biliyorduk. PKK \u00f6n\u00fcne siyasi bir ama\u00e7 koymu\u015ftu ve bu amaca eri\u015fmek i\u00e7in kendine g\u00f6re bir strateji belirlemi\u015fti. Siyasi amac\u0131n\u0131 Abdullah \u00d6calan\u2019\u0131n haz\u0131rlad\u0131\u011f\u0131 K\u00fcrdistan Devriminin Yolu (Manifesto) ba\u015fl\u0131kl\u0131 bildirgede ortaya koymu\u015f, bu bildirgeyi Kurulu\u015f Kongresinde parti g\u00f6r\u00fc\u015f\u00fc olarak kabul etmi\u015fti.\u00dcnl\u00fc Prusyal\u0131 General Carl von Clausewitz (1780 \u2013 1831) sava\u015f\u0131 sanat\u0131 \u00fcst\u00fcne yazan klasik ustalardan biridir. Bu t\u00fcr eski sava\u015f stratejlerinin \u00f6\u011fretilerini bug\u00fcn art\u0131k kapitalist i\u015fletmelere eleman haz\u0131rlayan okullarda ders olarak \u00f6\u011fretiyorlar. Clausewitz\u2019in me\u015fhur tan\u0131m\u0131 ile \u201csava\u015f, siyasetin askeri ara\u00e7larla ve yollarla devam\u0131d\u0131r. \u201d PKK, \u00f6n\u00fcne T\u00fcrk s\u00f6m\u00fcrgecili\u011fini k\u0131rmak, K\u00fcrdistan\u2019a ulusal kurtulu\u015fu sa\u011flamak, ba\u011f\u0131ms\u0131z bir K\u00fcrdistan devleti kurmak g\u00f6revini koymu\u015ftu. Ayn\u0131 ama\u00e7la yola \u00e7\u0131kan daha ba\u015fkalar\u0131 da vard\u0131. PKK bu amac\u0131na varmak i\u00e7in siyasal zor yoluna ba\u015fvurmay\u0131 daha yolun ba\u015f\u0131nda benimsemi\u015fti. Somut \u00f6rnekler g\u00f6zler \u00f6n\u00fcndeydi. \u00c7in devrimi ba\u015far\u0131lm\u0131\u015ft\u0131, Vietnam halk sava\u015f\u0131n\u0131 kazanm\u0131\u015ft\u0131, Filistin sava\u015f\u0131yordu, G\u00fcney K\u00fcrdistan\u2019da Barzani sava\u015f\u0131yordu; Afrika\u2019da Cezayir ba\u011f\u0131ms\u0131zl\u0131\u011f\u0131n\u0131 kazanm\u0131\u015ft\u0131. Bat\u0131 Sahra\u2019da Polisario sava\u015f\u0131yordu, Eritre sava\u015f\u0131yordu, Do\u011fu Timor sava\u015f\u0131yordu, \u0130rlanda, Bask \u00fclkesi, Korsika, G\u00fcney Tirol, Qubeck gibi Avrupa ve Amerika\u2019daki \u201ci\u00e7 s\u00f6m\u00fcrgeler\u201d, Afrika\u2019da Angola, Mozambik, Gine \u2013 Bissau sava\u015f\u0131yordu; G\u00fcney Afrika\u2019da \u0131rk\u00e7\u0131 Apartheid rejimine kar\u015f\u0131 ANC \u00f6nc\u00fcl\u00fc\u011f\u00fcnde sava\u015f s\u00fcr\u00fcyordu&#8230; vs&#8230; vs&#8230; K\u00fcba\u2019da devrim yapt\u0131ktan sonra d\u00fcnyan\u0131n ba\u015fka b\u00f6lgelerine devrim yapmaya giden Ernesto \u00f6ld\u00fcr\u00fcleli az bir zaman ge\u00e7mi\u015fti. Brezilya\u2019da, Uruguay\u2019da, Bolivya\u2019da vs. gerilla g\u00fc\u00e7leri sava\u015f\u0131yordu. B\u00fct\u00fcn bunlar bir yana, kendisi siyasal olarak zaten ba\u011f\u0131ms\u0131z olan T\u00fcrkiye Cumhuriyeti devletini daha da ba\u011f\u0131ms\u0131z, tam ba\u011f\u0131ms\u0131z, yani ekonomik olarak da ba\u011f\u0131ms\u0131z yapabilmek i\u00e7in emperyalistlerin yerli u\u015faklar\u0131 burjuvazinin hakimiyetini k\u0131rmak \u00fczere THKO, THKP-C, TKP \u2013 ML \/ T\u0130KKO ba\u015fkald\u0131rm\u0131\u015f, kur\u015funlanarak ya da as\u0131lmak suretiyle \u015fehitler vermi\u015flerdi. Bu ko\u015fullar alt\u0131nda K\u00fcrdistan\u0131 kurtarmak i\u00e7in yola \u00e7\u0131kan K\u00fcrt devrimcilerinden baz\u0131lar\u0131n\u0131n bu \u00f6rnekleri cazip bulmas\u0131 son derece do\u011fald\u0131. PKK tek de\u011fildi, bunlardan biriydi. Bahsetti\u011fim arkada\u015f grubu olarak biz ise daha ba\u015ftan bu yolu bir \u00e7\u0131kmaz olarak de\u011ferlendirmi\u015f; bu y\u00f6nelimdeki \u00f6rg\u00fctlerin hepsini daha ilk elemede listemizden \u00e7\u0131karm\u0131\u015ft\u0131k. Konu daha sonralar\u0131 \u00f6nce THKO \u2013 MB, sonra TKEP ve KKP saflar\u0131nda m\u00fccadele edecek olan o zamanki arkada\u015f grubumuz de\u011fil; PKK, O y\u00fczden uzatmayay\u0131m; do\u011frudan kayna\u011f\u0131ndan aktaray\u0131m: (DEVAMI VAR)<\/p>\n\n\n\n<p>Not: Samet Erdogdu&#8217;nun Facebook sayfas\u0131ndan al\u0131nm\u0131\u015ft\u0131r.<\/p>\n\n\n\n<figure class=\"wp-block-image\"><img src=\"\" alt=\"\"\/><\/figure>\n\n\n\n<p><\/p>\n","protected":false},"excerpt":{"rendered":"<p>\u00c7A\u011eRI METN\u0130N\u0130N N\u0130TEL\u0130\u011e\u0130 VE MADDELER\u0130 \u00d6calan\u2019\u0131n son \u201cBar\u0131\u015f ve Demokratik Toplum \u00c7a\u011fr\u0131s\u0131\u201d daha \u00f6ncekiler gibi hem bi\u00e7im, hem i\u00e7erik a\u00e7\u0131s\u0131ndan ciddi olarak sorunludur.\u00d6calan\u2019\u0131n \u00e7a\u011fr\u0131s\u0131nda K\u00fcrt ve K\u00fcrdistan diye bir kelime bile yok. Bunu hayra yoral\u0131m ve T\u00fcrk devletinin \u201cK\u00fcrdistan\u201d kavram\u0131n\u0131 son birka\u00e7 y\u0131ld\u0131r \u201cTer\u00f6ristan\u201d tabiriyle \u00f6zde\u015fle\u015ftirmesi nedeniyle \u201cfincanc\u0131 kat\u0131rlar\u0131n\u0131 \u00fcrk\u00fctmemek\u201d i\u00e7in son derece dahice bir &hellip;<\/p>\n","protected":false},"author":4,"featured_media":5484,"comment_status":"closed","ping_status":"closed","sticky":false,"template":"","format":"standard","meta":[],"categories":[114,43,113,54,58,57,41,42,110,111,55,112,61],"tags":[],"_links":{"self":[{"href":"http:\/\/www.dengekurdistan.de\/index.php?rest_route=\/wp\/v2\/posts\/5495"}],"collection":[{"href":"http:\/\/www.dengekurdistan.de\/index.php?rest_route=\/wp\/v2\/posts"}],"about":[{"href":"http:\/\/www.dengekurdistan.de\/index.php?rest_route=\/wp\/v2\/types\/post"}],"author":[{"embeddable":true,"href":"http:\/\/www.dengekurdistan.de\/index.php?rest_route=\/wp\/v2\/users\/4"}],"replies":[{"embeddable":true,"href":"http:\/\/www.dengekurdistan.de\/index.php?rest_route=%2Fwp%2Fv2%2Fcomments&post=5495"}],"version-history":[{"count":2,"href":"http:\/\/www.dengekurdistan.de\/index.php?rest_route=\/wp\/v2\/posts\/5495\/revisions"}],"predecessor-version":[{"id":5497,"href":"http:\/\/www.dengekurdistan.de\/index.php?rest_route=\/wp\/v2\/posts\/5495\/revisions\/5497"}],"wp:featuredmedia":[{"embeddable":true,"href":"http:\/\/www.dengekurdistan.de\/index.php?rest_route=\/wp\/v2\/media\/5484"}],"wp:attachment":[{"href":"http:\/\/www.dengekurdistan.de\/index.php?rest_route=%2Fwp%2Fv2%2Fmedia&parent=5495"}],"wp:term":[{"taxonomy":"category","embeddable":true,"href":"http:\/\/www.dengekurdistan.de\/index.php?rest_route=%2Fwp%2Fv2%2Fcategories&post=5495"},{"taxonomy":"post_tag","embeddable":true,"href":"http:\/\/www.dengekurdistan.de\/index.php?rest_route=%2Fwp%2Fv2%2Ftags&post=5495"}],"curies":[{"name":"wp","href":"https:\/\/api.w.org\/{rel}","templated":true}]}}