{"id":5471,"date":"2025-02-15T22:57:37","date_gmt":"2025-02-15T21:57:37","guid":{"rendered":"http:\/\/www.dengekurdistan.de\/?p=5471"},"modified":"2025-02-15T22:57:38","modified_gmt":"2025-02-15T21:57:38","slug":"tekelerin-ve-bankalarin-egemenligini-kiracagiz-necati-gueler","status":"publish","type":"post","link":"http:\/\/www.dengekurdistan.de\/?p=5471","title":{"rendered":"Tekelerin ve Bankalar\u0131n Egemenli\u011fini K\u0131raca\u011f\u0131z! Necati G\u00dcLER"},"content":{"rendered":"\n<p>Her y\u0131l oldu\u011fu gibi bu y\u0131lda emperyalist sava\u015f baronlar\u0131, silah \u00fcreticisi ve tacirleri, uluslaras\u0131 tekellerin u\u015fa\u011f\u0131 politikac\u0131lar, s\u00f6zde bilim insanlar\u0131 ve bilumum lobici engerekler, \u00e7iyanlar, ekme\u011fimize a\u015f\u0131m\u0131za, canm\u0131za g\u00f6z koyanlar Almanya\u2019n\u0131n M\u00fcnchen kentinde ad\u0131na; Nato G\u00fcvenlik Konferans\u0131 dedikleri, g\u00fcvensizlik ve sava\u015f organizasyonda bir araya geldiler!<br>Masalar\u0131nda Suriye, Irak, Yemen, Ukrayna, Kongo, Filistin, \u0130ran, L\u00fcbnan ve K\u00fcrdistan gibi bir \u00e7ok \u00fclke ve \u00fclkelerin halklar\u0131 vard\u0131.<br>Halklar\u0131n ve \u00fclkelerin insan ve zenginlik kaynaklar\u0131n\u0131 emperyalist tekellerin kasalar\u0131na sorunsuz ak\u0131tman\u0131n hesaplar\u0131n\u0131, planlar\u0131n\u0131 yapt\u0131lar. Yeni sava\u015flar, s\u00fcrg\u00fcnler, k\u0131y\u0131m ve katliamlar planlad\u0131lar.<\/p>\n\n\n\n<p>D\u00fcnyan\u0131n farkl\u0131 k\u00f6\u015felerinde gelen ve bu haydutlar\u0131n zulm\u00fcne u\u011frayan halklar\u0131n evlatlar\u0131 olarak bizde M\u00fcncehende idik.<\/p>\n\n\n\n<p>Onlar , L\u00fcks otel salonlar\u0131nda \u015fampanyalar, viskiler, havyarlar e\u015fli\u011finde bizim can\u0131m\u0131z ve gelece\u011fimiz \u00fczerine ticari anla\u015fmalar imzalay\u0131p, D\u00fcnyam\u0131z\u0131 yok etmenin planlar\u0131n\u0131 yaparken,<br>Bizler, kuru ayaz\u0131n alt\u0131nda saatlerce y\u00fcr\u00fcy\u00fc\u015f yaparak, sloganlarla, d\u00f6viz ve pankartlarla onlar\u0131n kirli pazarl\u0131klar\u0131n\u0131, halklara d\u00fc\u015fman y\u00fczlerini te\u015fhir etmenin \u00e7abas\u0131 i\u00e7erisinde olduk.<br>Ayn\u0131 binlerce polis, onlar\u0131 korumak i\u00e7in, onlar\u0131n kar\u015f\u0131s\u0131nda el pen\u00e7e divan durup onlara u\u015fakl\u0131\u011f\u0131n\u0131 ispatlamaya \u00e7al\u0131\u015f\u0131rken, bize; sald\u0131rmak, d\u00f6vmek, tutuklamak, g\u00f6\u00e7men olanlar\u0131m\u0131z\u0131 s\u00fcrmek i\u00e7in di\u015f biledi, d\u00fc\u015fmanca davranmaktan bir an bile geri durmad\u0131\u2026<br>Her\u015feye ra\u011fmen: korkup susmad\u0131k, ger\u00e7ekleri sloganlar\u0131m\u0131z ve pankartlar\u0131m\u0131zla, \u015fiir ve \u015fark\u0131lar\u0131m\u0131zla hayk\u0131rmaktan bir an bile vaz ge\u00e7medik.<br>Birbiri ard\u0131na sahneye \u00e7\u0131kan, kortejler aras\u0131ndaki ara\u00e7lardan seslenen devrimci, demokrat, \u00e7evreci, feminist, anti militarist konu\u015fmac\u0131 dostlar\u0131m\u0131z emperyalist-kapitalist d\u00fczenin \u0131rk\u00e7\u0131l\u0131\u011f\u0131n, fa\u015fizmin, cinsiyet\u00e7ili\u011fin, sava\u015flar\u0131n, do\u011fa d\u00fc\u015fmanl\u0131\u011f\u0131n\u0131n ve insanl\u0131k i\u00e7in b\u00fct\u00fcn k\u00f6t\u00fcl\u00fcklerin d\u00f6l yata\u011f\u0131 oldu\u011funu bir bir hayk\u0131rmaktan geri durmad\u0131lar.<\/p>\n\n\n\n<p>Yasak ve g\u00f6z da\u011f\u0131na ra\u011fmen:<br>Fa\u015fizme Kar\u015f\u0131 Omuz Omuza!<br>Tekelerin ve Bankalar\u0131n Egemenli\u011fini K\u0131raca\u011f\u0131z!<br>Filistin K\u00fcrdistan, \u0130ntifada Serhildan!<br>Flistine, K\u00fcrdistan\u2019a \u00d6zg\u00fcrl\u00fck!<br>Jin Jiyan Azadi!<br>Sloganlar\u0131 Susmad\u0131\u2026<\/p>\n\n\n\n<p>Seneye gene bulu\u015fmak \u00fczere diyerek dostlarm\u0131zla s\u00f6zle\u015ftik!<\/p>\n\n\n\n<p>Not: Necati G\u00fcler&#8217;in Facebook sayfas\u0131ndan al\u0131nm\u0131\u015ft\u0131r. <\/p>\n","protected":false},"excerpt":{"rendered":"<p>Her y\u0131l oldu\u011fu gibi bu y\u0131lda emperyalist sava\u015f baronlar\u0131, silah \u00fcreticisi ve tacirleri, uluslaras\u0131 tekellerin u\u015fa\u011f\u0131 politikac\u0131lar, s\u00f6zde bilim insanlar\u0131 ve bilumum lobici engerekler, \u00e7iyanlar, ekme\u011fimize a\u015f\u0131m\u0131za, canm\u0131za g\u00f6z koyanlar Almanya\u2019n\u0131n M\u00fcnchen kentinde ad\u0131na; Nato G\u00fcvenlik Konferans\u0131 dedikleri, g\u00fcvensizlik ve sava\u015f organizasyonda bir araya geldiler!Masalar\u0131nda Suriye, Irak, Yemen, Ukrayna, Kongo, Filistin, \u0130ran, L\u00fcbnan ve K\u00fcrdistan &hellip;<\/p>\n","protected":false},"author":4,"featured_media":5472,"comment_status":"closed","ping_status":"closed","sticky":false,"template":"","format":"standard","meta":[],"categories":[114,43,113,59,54,58,41,117,42,111,55,112,61],"tags":[],"_links":{"self":[{"href":"http:\/\/www.dengekurdistan.de\/index.php?rest_route=\/wp\/v2\/posts\/5471"}],"collection":[{"href":"http:\/\/www.dengekurdistan.de\/index.php?rest_route=\/wp\/v2\/posts"}],"about":[{"href":"http:\/\/www.dengekurdistan.de\/index.php?rest_route=\/wp\/v2\/types\/post"}],"author":[{"embeddable":true,"href":"http:\/\/www.dengekurdistan.de\/index.php?rest_route=\/wp\/v2\/users\/4"}],"replies":[{"embeddable":true,"href":"http:\/\/www.dengekurdistan.de\/index.php?rest_route=%2Fwp%2Fv2%2Fcomments&post=5471"}],"version-history":[{"count":3,"href":"http:\/\/www.dengekurdistan.de\/index.php?rest_route=\/wp\/v2\/posts\/5471\/revisions"}],"predecessor-version":[{"id":5481,"href":"http:\/\/www.dengekurdistan.de\/index.php?rest_route=\/wp\/v2\/posts\/5471\/revisions\/5481"}],"wp:featuredmedia":[{"embeddable":true,"href":"http:\/\/www.dengekurdistan.de\/index.php?rest_route=\/wp\/v2\/media\/5472"}],"wp:attachment":[{"href":"http:\/\/www.dengekurdistan.de\/index.php?rest_route=%2Fwp%2Fv2%2Fmedia&parent=5471"}],"wp:term":[{"taxonomy":"category","embeddable":true,"href":"http:\/\/www.dengekurdistan.de\/index.php?rest_route=%2Fwp%2Fv2%2Fcategories&post=5471"},{"taxonomy":"post_tag","embeddable":true,"href":"http:\/\/www.dengekurdistan.de\/index.php?rest_route=%2Fwp%2Fv2%2Ftags&post=5471"}],"curies":[{"name":"wp","href":"https:\/\/api.w.org\/{rel}","templated":true}]}}