{"id":5465,"date":"2025-02-03T00:33:15","date_gmt":"2025-02-02T23:33:15","guid":{"rendered":"http:\/\/www.dengekurdistan.de\/?p=5465"},"modified":"2025-02-03T00:33:16","modified_gmt":"2025-02-02T23:33:16","slug":"perdeye-yansitilmayan-ihtimal-mehmet-heval","status":"publish","type":"post","link":"http:\/\/www.dengekurdistan.de\/?p=5465","title":{"rendered":"PERDEYE YANSITILMAYAN \u0130HT\u0130MAL! Mehmet HEVAL"},"content":{"rendered":"\n<p>PERDEYE YANSITILMAYAN \u0130HT\u0130MAL<\/p>\n\n\n\n<p>D. Bah\u00e7eli\u2019nin \u201cgelsin mecliste konu\u015fsun, \u00f6rg\u00fct\u00fcn\u00fc feshetsin\u201d s\u00f6zleriyle alenile\u015ftirdi\u011fi hal, bir y\u00f6n\u00fcyle bat\u0131 (Rojava) K\u00fcrdistan\u2019la do\u011frudan ilgili.<\/p>\n\n\n\n<p>Hatta i\u015fin belirleyicili\u011fini bat\u0131 K\u00fcrdistan olu\u015fturuyor. Di\u011fer y\u00f6n\u00fcyle de ba\u015fka bir \u015feyleri yerli yerine oturtmak ya da \u00e7er\u00e7evesini belirlemeyle ilgili bir geli\u015fme.<\/p>\n\n\n\n<p>Mecliste konu\u015fma \u00e7a\u011fr\u0131s\u0131 ve el s\u0131k\u0131\u015fma g\u00f6sterisinden \u00e7ok \u00f6nce TC ile PKK aras\u0131nda ba\u015flayan ve ad\u0131 konmayan hali, p\u00fcr\u00fczlere ra\u011fmen, bana g\u00f6re belli a\u015fama katedilmi\u015f, geli\u015fmeleri kendi taraftarlar\u0131na kabul ettirme ama\u00e7l\u0131 oldu\u011funu d\u00fc\u015f\u00fcn\u00fcyorum.<\/p>\n\n\n\n<p>\u00d6rg\u00fct\u00fcn\u00fc feshetsin a\u00e7\u0131klamas\u0131, iki taraf\u0131n da gizli g\u00f6r\u00fc\u015fmelerle vard\u0131klar\u0131 mutabakat\u0131n devlet\u00e7i reflekslere sahip a\u015f\u0131r\u0131l\u0131klar\u0131 t\u00f6rp\u00fcleme, geli\u015febilecek tepkilere kar\u015f\u0131 bir dalgak\u0131rand\u0131.<\/p>\n\n\n\n<p>Meclisi \u00e7\u00f6z\u00fcm yeri olarak g\u00f6sterme de b\u00fct\u00e7eden siyasi partilere verilen pay geri al\u0131ns\u0131n, kapat\u0131ls\u0131n denilen HDP-DEM\u2019in siyasi muhattapl\u0131\u011f\u0131n\u0131n kabul\u00fc anlam\u0131nda, K\u00fcrdlerden gelebilecek tepkici refleksleri kayna\u011f\u0131nda kurutma ama\u00e7l\u0131yd\u0131.<\/p>\n\n\n\n<p>As\u0131l mesele, g\u00f6r\u00fc\u015fmelerde var\u0131lm\u0131\u015f mutakabat\u0131n de\u015fifre olmas\u0131n\u0131 \u00f6nlemenin temellerini sa\u011flamla\u015ft\u0131rmakt\u0131 bence.<\/p>\n\n\n\n<p>B\u00f6yle d\u00fc\u015f\u00fcnmemin nedeni, B. Hozat ve M. Karasu gibi PKK y\u00f6neticilerinin s\u00f6yledikleridir. Komplo teorisi de\u011fil bunlar. Bir d\u00fc\u015f\u00fcnce ve zihinsel fantazman\u0131n yans\u0131malar\u0131 olarak dillendiriyorum.<\/p>\n\n\n\n<p>\u201cGelsin mecliste DEM grubunda konu\u015fsun, \u00f6rg\u00fct\u00fcn\u00fc feshetsin\u201d s\u00f6yleminin, g\u00f6r\u00fc\u015fmelerde var\u0131lm\u0131\u015f mutabakat\u0131 tehlikeye atacak, p\u00fcr\u00fczleri b\u00fcy\u00fctecek geli\u015fmelerin \u00f6n\u00fcn\u00fc almak i\u00e7in yap\u0131lm\u0131\u015f bir a\u00e7\u0131klama oldu\u011funu d\u00fc\u015f\u00fcn\u00fcyorum.<\/p>\n\n\n\n<p>Asl\u0131nda ne devletin ger\u00e7ek anlamda \u00f6rg\u00fct\u00fcn\u00fc feshetmesi gibi bir iste\u011fi, ne de onlar\u0131n bu y\u00f6nl\u00fc iste\u011fine ra\u011fmen, A. \u00d6calan\u2019\u0131n b\u00f6yle bir a\u00e7\u0131klama yapaca\u011f\u0131 var.<\/p>\n\n\n\n<p>Bunun bir \u00e7ok nedeni var. Zaten kuzey K\u00fcrdistan\u2019da PKK\u2019nin silahl\u0131 m\u00fccadelesi y\u0131llardan beri yok.<\/p>\n\n\n\n<p>Legal alan, \u015fimdiye kadar hi\u00e7 bir T\u00fcrk partisinin beceremedi\u011fi kadar, K\u00fcrdleri mevcudun kabul\u00fc s\u0131n\u0131rlar\u0131na yakla\u015ft\u0131ramad\u0131\u011f\u0131 kadar yakla\u015ft\u0131ran bir hatta. Yani devlet a\u00e7\u0131s\u0131ndan tehlike de\u011fil, subap g\u00f6revi g\u00f6r\u00fcyor.<\/p>\n\n\n\n<p>\u00d6rg\u00fct\u00fcn varl\u0131\u011f\u0131n\u0131n, s\u00f6m\u00fcrgeci devlet a\u00e7\u0131s\u0131ndan K\u00fcrdistan\u2019\u0131n di\u011fer par\u00e7alar\u0131na m\u00fcdahale etme zemini olarak kullanmas\u0131 gibi bir durumun varl\u0131\u011f\u0131n\u0131 da unutmamak gerekiyor. Bunlar devletin \u00e7\u0131karlar\u0131 a\u00e7\u0131s\u0131ndan g\u00f6zetilmesi gereken noktalar.<\/p>\n\n\n\n<p>Bir de \u00f6rg\u00fct\u00fcn g\u00f6zetmek durumunda oldu\u011fu noktalar var. Gerek \u00f6rg\u00fct\u00fcn yap\u0131s\u0131 ve gerekse ili\u015fkileri, fesih \u00e7a\u011fr\u0131s\u0131na uyma olana\u011f\u0131n\u0131 olabildi\u011fince daralt\u0131yor.<\/p>\n\n\n\n<p>\u00d6yle bir \u00e7a\u011fr\u0131 olsa dahi hi\u00e7 kar\u015f\u0131l\u0131k bulmaz diyemeyiz. Ancak \u00f6yle bir \u00e7a\u011fr\u0131 olma olas\u0131l\u0131\u011f\u0131 da yok bana g\u00f6re.<\/p>\n\n\n\n<p>S\u00f6m\u00fcrgeci devletin ve \u00f6rg\u00fct\u00fcn \u00e7\u0131karlar\u0131, ihtiya\u00e7lar\u0131 bu noktada \u00e7at\u0131\u015fm\u0131yor \u00e7\u00fcnk\u00fc. Tersine, alan koruma ve kontrol etme a\u00e7\u0131s\u0131ndan ikisinin de elini g\u00fc\u00e7lendiren bir koz i\u015flevi g\u00f6r\u00fcyor.<\/p>\n\n\n\n<p>\u00d6rg\u00fct \u015fu haliyle A. \u00d6calan taraf\u0131ndan denetleniyor. Kendini feshetme \u00e7a\u011fr\u0131s\u0131 durumunda, bu olanak yitirilecek, \u00f6rg\u00fct\u00fcn ta\u015f\u0131d\u0131\u011f\u0131 potansiyelin t\u00fcm\u00fc de\u011filse bile, az\u0131msanmayacak bir durumu denetim d\u0131\u015f\u0131 kalacak.<\/p>\n\n\n\n<p>Sahnelenecek oyunun perdesi olarak g\u00f6r\u00fclebilecek bu \u00f6neri bir yerde as\u0131l\u0131 tutulur. Ancak iki taraf da b\u00f6yle bir riski g\u00f6ze alamaz.<\/p>\n\n\n\n<p>Hep \u00e7a\u011fr\u0131 yap\u0131l\u0131r m\u0131 yapmaz m\u0131 yap\u0131l\u0131rsa kar\u015f\u0131l\u0131k bulur mu tart\u0131\u015f\u0131ld\u0131. Olay\u0131n bir de bu y\u00f6n\u00fcne bakmak gerekir bence.<\/p>\n\n\n\n<p> 02 \u015eubat 2025<\/p>\n","protected":false},"excerpt":{"rendered":"<p>PERDEYE YANSITILMAYAN \u0130HT\u0130MAL D. Bah\u00e7eli\u2019nin \u201cgelsin mecliste konu\u015fsun, \u00f6rg\u00fct\u00fcn\u00fc feshetsin\u201d s\u00f6zleriyle alenile\u015ftirdi\u011fi hal, bir y\u00f6n\u00fcyle bat\u0131 (Rojava) K\u00fcrdistan\u2019la do\u011frudan ilgili. Hatta i\u015fin belirleyicili\u011fini bat\u0131 K\u00fcrdistan olu\u015fturuyor. Di\u011fer y\u00f6n\u00fcyle de ba\u015fka bir \u015feyleri yerli yerine oturtmak ya da \u00e7er\u00e7evesini belirlemeyle ilgili bir geli\u015fme. Mecliste konu\u015fma \u00e7a\u011fr\u0131s\u0131 ve el s\u0131k\u0131\u015fma g\u00f6sterisinden \u00e7ok \u00f6nce TC ile PKK aras\u0131nda &hellip;<\/p>\n","protected":false},"author":4,"featured_media":5466,"comment_status":"closed","ping_status":"closed","sticky":false,"template":"","format":"standard","meta":[],"categories":[114,43,113,54,41,42,111,55,112],"tags":[],"_links":{"self":[{"href":"http:\/\/www.dengekurdistan.de\/index.php?rest_route=\/wp\/v2\/posts\/5465"}],"collection":[{"href":"http:\/\/www.dengekurdistan.de\/index.php?rest_route=\/wp\/v2\/posts"}],"about":[{"href":"http:\/\/www.dengekurdistan.de\/index.php?rest_route=\/wp\/v2\/types\/post"}],"author":[{"embeddable":true,"href":"http:\/\/www.dengekurdistan.de\/index.php?rest_route=\/wp\/v2\/users\/4"}],"replies":[{"embeddable":true,"href":"http:\/\/www.dengekurdistan.de\/index.php?rest_route=%2Fwp%2Fv2%2Fcomments&post=5465"}],"version-history":[{"count":1,"href":"http:\/\/www.dengekurdistan.de\/index.php?rest_route=\/wp\/v2\/posts\/5465\/revisions"}],"predecessor-version":[{"id":5470,"href":"http:\/\/www.dengekurdistan.de\/index.php?rest_route=\/wp\/v2\/posts\/5465\/revisions\/5470"}],"wp:featuredmedia":[{"embeddable":true,"href":"http:\/\/www.dengekurdistan.de\/index.php?rest_route=\/wp\/v2\/media\/5466"}],"wp:attachment":[{"href":"http:\/\/www.dengekurdistan.de\/index.php?rest_route=%2Fwp%2Fv2%2Fmedia&parent=5465"}],"wp:term":[{"taxonomy":"category","embeddable":true,"href":"http:\/\/www.dengekurdistan.de\/index.php?rest_route=%2Fwp%2Fv2%2Fcategories&post=5465"},{"taxonomy":"post_tag","embeddable":true,"href":"http:\/\/www.dengekurdistan.de\/index.php?rest_route=%2Fwp%2Fv2%2Ftags&post=5465"}],"curies":[{"name":"wp","href":"https:\/\/api.w.org\/{rel}","templated":true}]}}