{"id":5336,"date":"2024-10-24T14:34:27","date_gmt":"2024-10-24T12:34:27","guid":{"rendered":"http:\/\/www.dengekurdistan.de\/?p=5336"},"modified":"2024-10-24T15:05:34","modified_gmt":"2024-10-24T13:05:34","slug":"tcnin-tek-tasla-cok-kuert-vurma-oyununa-gelinmemeli-xeta-sor","status":"publish","type":"post","link":"http:\/\/www.dengekurdistan.de\/?p=5336","title":{"rendered":"TC&#8217;N\u0130N TEK TA\u015eLA \u00c7OK K\u00dcRT VURMA OYUNUNA GEL\u0130NMEMEL\u0130! XETA SOR"},"content":{"rendered":"\n<p>TC\u2019nin Tek Ta\u015fla \u00c7ok K\u00fcrt Vurma Oyununa Gelinmemeli!!!<\/p>\n\n\n\n<p>TC devleti K\u00fcrt halk\u0131na ve siyasi temsilcilerine y\u00f6nelik \u00e7ok y\u00f6nl\u00fc olarak s\u00fcrd\u00fcrd\u00fc\u011f\u00fc psikolojik sava\u015f\u0131 son g\u00fcnlerde daha da yo\u011funla\u015ft\u0131rd\u0131.<br>MHP nin ba\u015f\u0131 Devlet Bah\u00e7eli a\u011fz\u0131ndan ba\u015flat\u0131lan yeni tart\u0131\u015fman\u0131n bizce \u00e7okta yeni bir taraf\u0131 yoktur. Abdullah \u00d6calan\u2019a yap\u0131lan \u00e7a\u011fr\u0131 e\u015fitler aras\u0131nda yap\u0131lacak bir bar\u0131\u015f m\u00fczakeresinden \u00e7ok eski tehditkar tarz\u0131n devam\u0131d\u0131r. Ki\u015fisel Af kar\u015f\u0131l\u0131\u011f\u0131nda \u00d6calan\u2019dan \u201c\u00f6rg\u00fct\u00fcn\u00fc tasfiye et\u201d denilerek a\u011f\u0131r bir diyet isteniyor.<br>\u201cBar\u0131\u015f\u201d ve sava\u015f s\u00f6ylemine s\u0131k\u0131\u015ft\u0131r\u0131lan tart\u0131\u015fma K\u00fcrt halk\u0131n\u0131n ulusal demokratik taleplerinin \u00fcst\u00fcn\u00fc \u00f6rt\u00fcyor.<br>Sava\u015f yada bar\u0131\u015ftan yana \u015feklinde tasnifte bulunarak K\u00fcrt \u00f6rg\u00fctleri ve politik \u015fahsiyetleri aras\u0131nda kar\u015f\u0131tl\u0131k yaratmak ve kar\u015f\u0131 kar\u015f\u0131ya getirerek ulusal g\u00fc\u00e7leri par\u00e7alamay\u0131 hedefliyor. Bunda da belli \u00f6l\u00e7\u00fclerde bir ba\u015far\u0131 sa\u011flam\u0131\u015fa benziyor. \u00d6calan, Demirta\u015f, Kandil, DEM gibi isimler \u00fczerinden kurgulanan bu b\u00f6l par\u00e7ala ez takti\u011fini bo\u015fa \u00e7\u0131karmak i\u00e7in b\u00fct\u00fcn K\u00fcrt \u00f6rg\u00fctleri ve K\u00fcrt halk\u0131 olarak uyan\u0131k olmak zorunday\u0131z.<br>TC tek ta\u015fla on K\u00fcrt vurmaya \u00e7al\u0131\u015f\u0131yor. K\u00fcrt halk\u0131n\u0131n ve politik \u00f6rg\u00fctlerinin buna kar\u015f\u0131 cevab\u0131; ki\u015fi ve gruplar\u0131n tutumlar\u0131n\u0131 \u00f6ne \u00e7\u0131kararak tart\u0131\u015fmak yerine, \u00fcst\u00fc \u00f6rt\u00fclerek yok say\u0131lan Ulusal haklar\u0131m\u0131z\u0131 \u0131srarla g\u00fcndeme sokmak olmal\u0131d\u0131r.<br>K\u00fcrt meselesinde \u015fiddetin \u00f6ne \u00e7\u0131kmas\u0131 neden de\u011fil, halk\u0131m\u0131za dayat\u0131lan inkar ve imha politikalar\u0131n\u0131n bir sonucudur. Neden ortadan kalkt\u0131\u011f\u0131nda sonu\u00e7 da kendili\u011finden de\u011fi\u015fir. Uygulanan politikalar\u0131n sonucu olarak ortaya \u00e7\u0131kan \u015fiddetin \u00fczerine daha a\u011f\u0131r bir \u015fiddetle gidilince sorunlar\u0131n \u00e7\u00f6z\u00fclmedi\u011fi, hatta daha da a\u011f\u0131rla\u015ft\u0131\u011f\u0131 100 y\u0131ll\u0131k TC tarihindeki deneyimlerden \u00f6\u011frenilmi\u015f olmal\u0131.<br>Xeta Sor olarak diyoruzki; hile ve hurdaya ba\u015f vurmadan, Tehdit ve \u015fantajlara ba\u015f vurmadan ,<br>Zindan, tecrit, kayyum ve yasak politikalar\u0131n\u0131 ba\u015f\u0131m\u0131z\u0131n \u00fczerinde Demokles\u2019in k\u0131l\u0131c\u0131 misali sallamadan<br>Ter\u00f6r, \u015fiddet vb. gibi demagojik s\u00f6ylemler bir kenara b\u0131rak\u0131larak halk\u0131m\u0131z\u0131n temel ulusal hak talepleri bir an \u00f6nce kar\u015f\u0131lanmal\u0131d\u0131r. Bundan ba\u015fka da bir yol yok. K\u00fcrt halk\u0131, \u201c\u00c7\u00f6z\u00fcm\u201d olarak pazarlanan \u00e7\u00f6zme, \u00e7\u00f6kertme planlar\u0131n\u0131 bug\u00fcne kadar bo\u015fa \u00e7\u0131kard\u0131\u011f\u0131 gibi bundan sonrada bo\u015fa \u00e7\u0131karacakt\u0131r.<br><strong>XETA SOR Y\u00dcR\u00dcTMES\u0130<\/strong><\/p>\n\n\n\n<p>24 Ekim 2024<\/p>\n\n\n\n<p><img loading=\"lazy\" width=\"660\" height=\"228\" class=\"wp-image-5282\" style=\"width: 450px;\" src=\"http:\/\/www.dengekurdistan.de\/wp-content\/uploads\/2024\/04\/FB_IMG_1634201318713-660x228-1.jpg\" alt=\"\" srcset=\"http:\/\/www.dengekurdistan.de\/wp-content\/uploads\/2024\/04\/FB_IMG_1634201318713-660x228-1.jpg 660w, http:\/\/www.dengekurdistan.de\/wp-content\/uploads\/2024\/04\/FB_IMG_1634201318713-660x228-1-300x104.jpg 300w\" sizes=\"(max-width: 660px) 100vw, 660px\" \/><\/p>\n","protected":false},"excerpt":{"rendered":"<p>TC\u2019nin Tek Ta\u015fla \u00c7ok K\u00fcrt Vurma Oyununa Gelinmemeli!!! TC devleti K\u00fcrt halk\u0131na ve siyasi temsilcilerine y\u00f6nelik \u00e7ok y\u00f6nl\u00fc olarak s\u00fcrd\u00fcrd\u00fc\u011f\u00fc psikolojik sava\u015f\u0131 son g\u00fcnlerde daha da yo\u011funla\u015ft\u0131rd\u0131.MHP nin ba\u015f\u0131 Devlet Bah\u00e7eli a\u011fz\u0131ndan ba\u015flat\u0131lan yeni tart\u0131\u015fman\u0131n bizce \u00e7okta yeni bir taraf\u0131 yoktur. Abdullah \u00d6calan\u2019a yap\u0131lan \u00e7a\u011fr\u0131 e\u015fitler aras\u0131nda yap\u0131lacak bir bar\u0131\u015f m\u00fczakeresinden \u00e7ok eski tehditkar tarz\u0131n &hellip;<\/p>\n","protected":false},"author":4,"featured_media":5282,"comment_status":"closed","ping_status":"closed","sticky":false,"template":"","format":"standard","meta":[],"categories":[114,43,113,59,54,58,57,41,42,111,55,112],"tags":[],"_links":{"self":[{"href":"http:\/\/www.dengekurdistan.de\/index.php?rest_route=\/wp\/v2\/posts\/5336"}],"collection":[{"href":"http:\/\/www.dengekurdistan.de\/index.php?rest_route=\/wp\/v2\/posts"}],"about":[{"href":"http:\/\/www.dengekurdistan.de\/index.php?rest_route=\/wp\/v2\/types\/post"}],"author":[{"embeddable":true,"href":"http:\/\/www.dengekurdistan.de\/index.php?rest_route=\/wp\/v2\/users\/4"}],"replies":[{"embeddable":true,"href":"http:\/\/www.dengekurdistan.de\/index.php?rest_route=%2Fwp%2Fv2%2Fcomments&post=5336"}],"version-history":[{"count":2,"href":"http:\/\/www.dengekurdistan.de\/index.php?rest_route=\/wp\/v2\/posts\/5336\/revisions"}],"predecessor-version":[{"id":5339,"href":"http:\/\/www.dengekurdistan.de\/index.php?rest_route=\/wp\/v2\/posts\/5336\/revisions\/5339"}],"wp:featuredmedia":[{"embeddable":true,"href":"http:\/\/www.dengekurdistan.de\/index.php?rest_route=\/wp\/v2\/media\/5282"}],"wp:attachment":[{"href":"http:\/\/www.dengekurdistan.de\/index.php?rest_route=%2Fwp%2Fv2%2Fmedia&parent=5336"}],"wp:term":[{"taxonomy":"category","embeddable":true,"href":"http:\/\/www.dengekurdistan.de\/index.php?rest_route=%2Fwp%2Fv2%2Fcategories&post=5336"},{"taxonomy":"post_tag","embeddable":true,"href":"http:\/\/www.dengekurdistan.de\/index.php?rest_route=%2Fwp%2Fv2%2Ftags&post=5336"}],"curies":[{"name":"wp","href":"https:\/\/api.w.org\/{rel}","templated":true}]}}