{"id":5316,"date":"2024-09-14T22:08:31","date_gmt":"2024-09-14T20:08:31","guid":{"rendered":"http:\/\/www.dengekurdistan.de\/?p=5316"},"modified":"2024-09-14T22:08:32","modified_gmt":"2024-09-14T20:08:32","slug":"kirmizi-sisli-carsamba-samet-erdogdu","status":"publish","type":"post","link":"http:\/\/www.dengekurdistan.de\/?p=5316","title":{"rendered":"&#8216;KIRMIZI S\u0130SL\u0130 \u00c7AR\u015eAMBA\u2019 Samet  Erdo\u011fdu"},"content":{"rendered":"\n<p>Gabriel Garcia M\u00e0rquez\u2019in \u00ab\u0130\u015flenece\u011fini Herkesin Bildi\u011fi Bir Cinayetin \u00d6yk\u00fcs\u00fc: K\u0131rm\u0131z\u0131 Pazartesi\u00bb\u2019si i\u015flenece\u011fini herkesin bildi\u011fi ama \u00f6nlemek i\u00e7in kimsenin bir \u015fey yapmad\u0131\u011f\u0131 bir cinayeti anlat\u0131r. Bu hacmi k\u00fc\u00e7\u00fck, ama i\u00e7eri\u011fi \u00e7ekirdek gibi dolu kitapta kurbandan ba\u015fka herkes cinayet i\u015flenece\u011fini bizzat katillerin basbas ba\u011f\u0131rmas\u0131ndan \u00f6nceden bilmektedir; ama hi\u00e7 kimse kurbana haber bile iletmemektedir.<\/p>\n\n\n\n<p>Faili halen me\u00e7hul bir k\u00fc\u00e7\u00fck k\u0131z \u00e7ocu\u011fu cinayetiyle g\u00fcnlerdir yat\u0131p kalk\u0131yoruz. Neyi bilip neyi bilmeyece\u011fimizi, neyi \u00f6\u011frenip neyi \u00f6\u011frenmeyece\u011fimizi belirleyen birilerinin \u00f6n\u00fcm\u00fcze att\u0131klar\u0131 k\u00fc\u00e7\u00fck k\u00fc\u00e7\u00fck bilgi k\u0131r\u0131nt\u0131lar\u0131yla yemleniyoruz. Kim buland\u0131r\u0131yor ortal\u0131\u011f\u0131, kim \u00f6nce aralar gibi yap\u0131yor ger\u00e7ek pe\u00e7esini, sonra her\u015feyi buland\u0131r\u0131p, yepyeni bir mecraya sokuyor her \u015feyi?<\/p>\n\n\n\n<p>Narin\u2019in katledildi\u011fi KIRMIZI S\u0130SL\u0130 \u00c7AR\u015eAMBA\u2019da ise herkes el birli\u011fi ile karartma yap\u0131yor; burada haber bildirmemek, konu\u015fmamak, umursamamak, anlatmamak, cinayet olaca\u011f\u0131na inanmamak vs. yok. Burda herkes konu\u015fuyor, yaz\u0131yor, anlat\u0131yor, fikir beyan ediyor. Ama hi\u00e7bir \u015fey ayd\u0131nlanm\u0131yor; her a\u00e7\u0131klamada, her yeni bilgi, bulgu k\u0131r\u0131nt\u0131s\u0131nda her\u015fey ba\u015ftanba\u015fa bulan\u0131yor, \u00e7amur oluyor.<\/p>\n\n\n\n<p>Medya adeta bir dedektif, bir yarg\u0131 organ\u0131, hatta infaz makam\u0131 olmu\u015f. \u00d6nlerine f\u0131rlat\u0131lan bilgi k\u0131r\u0131nt\u0131lar\u0131 \u00fcst\u00fcne atl\u0131yor, g\u00fcya haberle\u015fme hakk\u0131 ve \u00f6zg\u00fcrl\u00fc\u011f\u00fc ad\u0131na, kendilerine bile bile, kas\u0131tl\u0131 sunulmu\u015f do\u011fru \u2013 yanl\u0131\u015f k\u0131r\u0131nt\u0131lar \u00fczerinde g\u00fcr\u00fclt\u00fc kopar\u0131yor; her biri daha fazla kafa kar\u0131\u015ft\u0131ran uzmanlar\u0131, dedektifleri, hukuk\u00e7ular\u0131, adli t\u0131bbiyecileri, gazetecileri, siyaset\u00e7ileri, kurban\u0131n yak\u0131n akrabalar\u0131n\u0131 konu\u015fturuyorlar. Olay, arkas\u0131 bir t\u00fcrl\u00fc gelmeyen arkas\u0131-yar\u0131na d\u00f6nd\u00fc.<\/p>\n\n\n\n<p>Beyaz T\u00fcrkler, Boz T\u00fcrkler, Ye\u015fil T\u00fcrkler, Pembe T\u00fcrkler, Sar\u0131 T\u00fcrkler, Kahverengi T\u00fcrkler, Mor T\u00fcrkler, Kara T\u00fcrkler, K\u0131z\u0131l T\u00fcrkler; velhas\u0131l herkes K\u00fcrdistan\u2019\u0131n g\u00f6be\u011finde, payitaht\u0131 say\u0131lan m\u00fcstesna \u015fehrinde meydana gelen bu olay etraf\u0131nda sinsice K\u00fcrtleri mahkum ediyor, K\u00fcrdistan\u0131 bir kez de medya vas\u0131tas\u0131yla fethediyorlar. Bu bir millet-i hakime cihad\u0131d\u0131r.<\/p>\n\n\n\n<p>12 Eyl\u00fclc\u00fclerin Dan\u0131\u015fma Meclisi kadar bir yetkisi bile olmayan, ama her ne hikmetse epeyce kalabal\u0131k tutularak her t\u00fcrden, her renkten ikbal avc\u0131s\u0131na ba\u011fr\u0131nda yer veren Tayyibland B\u00fcy\u00fck Minnet Meclisi i\u00e7inde sandalye ile \u015fereflendirilmi\u015f minnet vekilleri, kendilerini millet iradesi \u2013 halk iradesi temsilcisi diye pazarlarken, Dicle ya da F\u0131rat\u2019a akan \u00e7aylar\u0131n alt\u0131na hangi s\u0131rlar\u0131n g\u00f6m\u00fcld\u00fc\u011f\u00fc, Narin\u2019lere, G\u00fclistan Doku\u2019lara neler oldu\u011fu konusunda laf salat\u0131lar\u0131 gevi\u015flemekten ba\u015fka ne yap\u0131yorlar?<\/p>\n\n\n\n<p>Tayyibistan demokrasisinin vitrininde nazarl\u0131ktan \u00f6te bir yeri olmayan, -m\u0131\u015f, &#8211; mi\u015f gibi yaparak milyonlarca emek\u00e7iyi oyalamaktan, Tayyibin d\u00fczenine uydurmaktan, k\u0131sacas\u0131 Mi\u015fmi\u015fcilikten \u00f6te bir de\u011fer ta\u015f\u0131mayan siyasi kurulu\u015flar, dernekler, gazeteler, televizyon kanallar\u0131 art\u0131k Tayyip d\u00fczeninin dilidir, korosunun enstr\u00fcnman\u0131d\u0131r, karartma arac\u0131d\u0131r.<\/p>\n\n\n\n<p>Tayyibistan devleti G\u00f6bels\u2019in propaganda bakanl\u0131\u011f\u0131n\u0131 g\u00f6lgede b\u0131rakan muazzam propaganda ve man\u00fcplasyon ara\u00e7lar\u0131, metotlar\u0131 kullanan bir g\u00fcya \u0130leti\u015fim Bakanl\u0131\u011f\u0131 vas\u0131tas\u0131yla art\u0131k sadece direkt de\u011fil, bizzat s\u00f6zde muhaliflerini de topa\u00e7 gibi istedi\u011fi y\u00f6ne \u00e7eviriyor. Art\u0131k ekranlarda, minnet meclisinde, meydanlarda konu\u015fanlar \u2018\u2019alg\u0131 operasyonu\u2019\u2019, \u2018\u2019\u00fcst ak\u0131l\u2019\u2019, \u2018\u2019noktas\u0131nda\u2019\u2019, \u2018\u2019vesayetinde\u2019\u2019, \u2018\u2019iltisakl\u0131\u2019\u2019, \u2018\u2019defaeten\u2019\u2019 vs. vs. diye konu\u015fuyor; yerle\u015fik sa\u011flam kavramlar\u0131 \u00e7i\u011fneyip en iyi halde onlara \u2018\u2019yeni i\u00e7erik, yeni anlam, yeniden \u00fcretilmi\u015f nitelik\u2019\u2019 kat\u0131yorlar. Ve illaki ve mutlaka \u2018\u2019eski\u2019\u2019, \u2018\u2019ge\u00e7mi\u015f\u2019\u2019, \u2018\u2019a\u015f\u0131lm\u0131\u015f\u2019\u2019 olan sayd\u0131klar\u0131 tarihin, de\u011ferlerin \u00fcst\u00fcnde tepiniyorlar.<\/p>\n\n\n\n<p>T\u00fcrk emperyalizmi kendi siyasal ve ideolojik hegemonya tarz\u0131n\u0131 art\u0131k oturtmu\u015ftur. Tayyibistan islamc\u0131 \u2013 fa\u015fist rejimi emek\u00e7i s\u0131n\u0131flarla, K\u00fcrtlerle, alevilerle, kad\u0131nlarla, \u00e7ocuklarla, tabiatla k\u0131sacas\u0131 her \u015feyle istedi\u011fi gibi oyun oynarken bu rejimin her t\u00fcrl\u00fc oport\u00fcnist payandas\u0131 ise g\u00fcya muhalefet eder-mi\u015f gibi yaparak onun k\u00f6\u00e7ekli\u011fini yap\u0131yor.<\/p>\n\n\n\n<p>Kandil da\u011f\u0131nda, Afrin\u2019de, \u015eengal\u2019de, Dersim\u2019de u\u00e7an ku\u015fu takip eden ve habire K\u00fcrt avlayan, can\u0131 isterse \u0130stanbul\u2019un milyonluk curcunas\u0131nda istedi\u011fi \u2019\u2019\u015f\u00fcpheli\u2019\u2019yi eliyle koymu\u015f gibi ele ge\u00e7iren TC Dersim\u2019de tenha bir yerde kaybolan G\u00fclistan Doku\u2019yu, Amed\u2019de, vaktiyle havaalan\u0131 kuracak kadar g\u00fcvenli bir m\u0131nt\u0131ka olarak se\u00e7ti\u011fi bir b\u00f6lgenin as\u0131rlard\u0131r Osmanl\u0131 ve TC devleti ile \u2019\u2019ittifak\u2019\u2019 halinde olmakla \u00f6v\u00fcnen ve bu devlete, onun jandarmas\u0131na, polisine, savc\u0131s\u0131na, mahkemesine onlar her ne yaparsa yaps\u0131n itimat beyan eden kara kutu gibi bir k\u00f6yde ne olup bitti\u011fini ise g\u00fcya hen\u00fcz \u00e7\u00f6zmeye \u00e7al\u0131\u015f\u0131yormu\u015f gibi yapan bir pu\u015ft akl\u0131n dolap \u00e7evirdi\u011fi besbelli de\u011fil mi?<\/p>\n\n\n\n<p>\u00d6nlerine yeni bir anayasa koyduklar\u0131n\u0131, bug\u00fcne dek ger\u00e7ekle\u015ftirikleri hukuki, sosyal, siyasal, ekonomik d\u00fczenlemelerle kurmu\u015f olduklar\u0131 nizam\u0131 cedidi, Yeni T\u00fcrkiye\u2019yi daha da \u2019\u2019yeni\u2019\u2019 bir mecraya sokmak istedikleri apa\u00e7\u0131k de\u011fil mi?<\/p>\n\n\n\n<p>Qazi Muhammed\u2019in vasiyeti, Nuri Dersimi\u2019nin \u00e7\u0131\u011fl\u0131\u011f\u0131, Seyid R\u0131za\u2019n\u0131n d\u00fcsturu, her \u015fey bir yana, atalar\u0131m\u0131z\u0131n as\u0131rlar\u0131n tecr\u00fcbesine dayanan binlerce atas\u00f6z\u00fc bir kez daha kulaklar\u0131 \u00e7\u0131nlat\u0131yor:<\/p>\n\n\n\n<p>Bext\u00ea Rom\u00ea tune.<br>Dijmine bav\u00ea, nabe dost\u00ea lawan.<br>Bext\u00ea dijmin tune.<\/p>\n","protected":false},"excerpt":{"rendered":"<p>Gabriel Garcia M\u00e0rquez\u2019in \u00ab\u0130\u015flenece\u011fini Herkesin Bildi\u011fi Bir Cinayetin \u00d6yk\u00fcs\u00fc: K\u0131rm\u0131z\u0131 Pazartesi\u00bb\u2019si i\u015flenece\u011fini herkesin bildi\u011fi ama \u00f6nlemek i\u00e7in kimsenin bir \u015fey yapmad\u0131\u011f\u0131 bir cinayeti anlat\u0131r. Bu hacmi k\u00fc\u00e7\u00fck, ama i\u00e7eri\u011fi \u00e7ekirdek gibi dolu kitapta kurbandan ba\u015fka herkes cinayet i\u015flenece\u011fini bizzat katillerin basbas ba\u011f\u0131rmas\u0131ndan \u00f6nceden bilmektedir; ama hi\u00e7 kimse kurbana haber bile iletmemektedir. Faili halen me\u00e7hul bir &hellip;<\/p>\n","protected":false},"author":4,"featured_media":5317,"comment_status":"closed","ping_status":"closed","sticky":false,"template":"","format":"standard","meta":[],"categories":[114,43,113,59,54,58,57,41,42,110,111,55,112,61],"tags":[],"_links":{"self":[{"href":"http:\/\/www.dengekurdistan.de\/index.php?rest_route=\/wp\/v2\/posts\/5316"}],"collection":[{"href":"http:\/\/www.dengekurdistan.de\/index.php?rest_route=\/wp\/v2\/posts"}],"about":[{"href":"http:\/\/www.dengekurdistan.de\/index.php?rest_route=\/wp\/v2\/types\/post"}],"author":[{"embeddable":true,"href":"http:\/\/www.dengekurdistan.de\/index.php?rest_route=\/wp\/v2\/users\/4"}],"replies":[{"embeddable":true,"href":"http:\/\/www.dengekurdistan.de\/index.php?rest_route=%2Fwp%2Fv2%2Fcomments&post=5316"}],"version-history":[{"count":1,"href":"http:\/\/www.dengekurdistan.de\/index.php?rest_route=\/wp\/v2\/posts\/5316\/revisions"}],"predecessor-version":[{"id":5321,"href":"http:\/\/www.dengekurdistan.de\/index.php?rest_route=\/wp\/v2\/posts\/5316\/revisions\/5321"}],"wp:featuredmedia":[{"embeddable":true,"href":"http:\/\/www.dengekurdistan.de\/index.php?rest_route=\/wp\/v2\/media\/5317"}],"wp:attachment":[{"href":"http:\/\/www.dengekurdistan.de\/index.php?rest_route=%2Fwp%2Fv2%2Fmedia&parent=5316"}],"wp:term":[{"taxonomy":"category","embeddable":true,"href":"http:\/\/www.dengekurdistan.de\/index.php?rest_route=%2Fwp%2Fv2%2Fcategories&post=5316"},{"taxonomy":"post_tag","embeddable":true,"href":"http:\/\/www.dengekurdistan.de\/index.php?rest_route=%2Fwp%2Fv2%2Ftags&post=5316"}],"curies":[{"name":"wp","href":"https:\/\/api.w.org\/{rel}","templated":true}]}}