{"id":5289,"date":"2024-05-25T13:47:51","date_gmt":"2024-05-25T11:47:51","guid":{"rendered":"http:\/\/www.dengekurdistan.de\/?p=5289"},"modified":"2024-05-25T13:47:52","modified_gmt":"2024-05-25T11:47:52","slug":"cumartesi-annelerinin-direnisi-1000-haftasinda","status":"publish","type":"post","link":"http:\/\/www.dengekurdistan.de\/?p=5289","title":{"rendered":"CUMARTES\u0130 ANNELER\u0130N\u0130N D\u0130REN\u0130\u015e\u0130 1000.HAFTASINDA!"},"content":{"rendered":"\n<p><strong>Cumartesi Anneleri 1000 Haftad\u0131r Cesaret, C\u00fcret ve Kararl\u0131 Duru\u015flar\u0131yala Bizlere Yol G\u00f6steriyor!<\/strong><\/p>\n\n\n\n<p>Cumartesi Anneleri bug\u00fcn \u0130stanbul&#8217;da 1000. kere soka\u011fa \u00e7\u0131k\u0131yorlar\u2026<\/p>\n\n\n\n<p>Eylemler, 1995 y\u0131l\u0131nda Hasan Ocak&#8217;\u0131n g\u00f6zalt\u0131nda kaybedilmesinin ard\u0131ndan ba\u015flad\u0131. Ailesi ve yolda\u015flar\u0131 Galatasaray Meydan\u0131&#8217;nda Hasan Ocak\u2019\u0131n ka\u00e7\u0131r\u0131lmas\u0131n\u0131 protesto etmeye ba\u015flad\u0131 ve \u201cSa\u011f ald\u0131n\u0131z sa\u011f istiyoruz\u201d diyerek, olay\u0131n ayd\u0131nlat\u0131lmas\u0131n\u0131 ve adalet talep etti. O zamandan beri, 1000 haftad\u0131r, \u00f6zellikle anneler ellerinde karanfiller ve kay\u0131p sevdiklerinin foto\u011fraflar\u0131yla her hafta meydanda toplan\u0131yorlar. Her n\u00f6bette, devlet g\u00f6zetiminde kaybedilen bir ki\u015finin durumu hakk\u0131nda bilgilendirme yap\u0131l\u0131yor. Bu, T\u00fcrkiye ve K\u00fcrdistan\u2019da en uzun s\u00fcredir devam eden bir hesap sorma eylemidir. Cumartesi Anneleri, kolluk kuvvetleri ve paramiliter \u00e7eteler taraf\u0131ndan zorla kaybetme bi\u00e7imindeki devlet sald\u0131r\u0131lar\u0131na kar\u015f\u0131 m\u00fccadelede bir sembol oldular. Onlar, cesaretin ve kararl\u0131l\u0131\u011f\u0131n sembol\u00fcd\u00fcr ayn\u0131 zamanda.<br>Onlar\u0131n, 25 A\u011fustos 2018 tarihinde, 700. mitingi T\u00fcrk g\u00fcvenlik g\u00fc\u00e7leri taraf\u0131ndan tazyikli su ve g\u00f6z ya\u015fart\u0131c\u0131 gaz kullan\u0131larak \u015fiddetle da\u011f\u0131t\u0131ld\u0131. Eylemin ba\u015flat\u0131c\u0131lar\u0131ndan ve Hasan Ocak\u2019\u0131n annesi olan 82 ya\u015f\u0131ndaki Emine Ocak tutukland\u0131. Fa\u015fist rejim haftal\u0131k mitinglerin Galatasaray meydan\u0131nda yap\u0131lmas\u0131n\u0131 yasaklad\u0131. Onlar vaz ge\u00e7mediler. Her hafta Cumartesi g\u00fcn\u00fc Galatasaray meydan\u0131na ula\u015fmak i\u00e7in toplanmaya devam ettiler ve her defas\u0131nda polis barikatlar\u0131 ve ablukas\u0131yla kar\u015f\u0131la\u015ft\u0131lar. G\u00fcn oldu ba\u015f \u00f6rt\u00fcleri, g\u00fcn oldu ellerinde ta\u015f\u0131d\u0131klar\u0131 karanfilleri polis ablukas\u0131n\u0131 a\u015farak meydana ula\u015ft\u0131. Vazge\u00e7mediler! Barikatlar\u0131 zorlamaya, ablukalar\u0131 a\u015farak Galatasaray meydan\u0131na ula\u015fmak i\u00e7in direni\u015fi s\u00fcrd\u00fcrd\u00fcler.<br>Israrl\u0131 ve kararl\u0131 m\u00fccadeleleri sonucunda kendilerine kar\u015f\u0131 kurulan barikatlarda gedikler a\u00e7may\u0131 ba\u015fard\u0131lar ve s\u0131n\u0131rl\u0131 say\u0131da da olsa yeniden Galatasaray meydan\u0131na \u00e7\u0131kma hakk\u0131n\u0131 kazand\u0131lar.<\/p>\n\n\n\n<p>Xeta Sor olarak bu g\u00fcn Cumartesi Anneleri&#8217;nin \u0130stanbul&#8217;daki 1000. n\u00f6betine dayan\u0131\u015fma selamlar\u0131m\u0131z\u0131 g\u00f6nderiyoruz. Hakikat ve adalet i\u00e7in verdikleri \u0131srarl\u0131 m\u00fccadeleyle dayan\u0131\u015fma i\u00e7inde oldu\u011fumuzu bir kez daha ve g\u00fc\u00e7l\u00fc bir \u015fekilde ifade ediyoruz. 1980&#8217;li ve 1990&#8217;l\u0131 y\u0131llarda, \u00f6zellikle K\u00fcrdistan\u2019da aralar\u0131nda gazeteciler, siyaset\u00e7iler ve insan haklar\u0131 aktivistlerinin de bulundu\u011fu tahminen 17.000 ki\u015fi kaybedildi. Cesetleri genellikle askeri \u00fcslerdeki gizli toplu mezarlara, ayn\u0131 zamanda \u00e7\u00f6pl\u00fcklere, su kuyular\u0131na veya kire\u00e7 \u00e7ukurlar\u0131na at\u0131ld\u0131.<br>Cumartesi Anneleri&#8217;nin ve insan haklar\u0131 savunucular\u0131n\u0131n onlarca y\u0131ll\u0131k m\u00fccadelesine ra\u011fmen pek \u00e7ok soru cevaps\u0131z ve pek \u00e7ok fail cezas\u0131z kald\u0131.<br>Dolay\u0131s\u0131yla adalet m\u00fccadelesi hen\u00fcz bitmi\u015f de\u011fil ve Cumartesi Anneleri bu m\u00fccadelenin \u00f6n saflar\u0131nda yer almaya devam ediyor.<br>Kaybedilenlerin sesleri asla unutulmamal\u0131 &#8211; i\u015fte Cumartesi Anneleri tam da bunu ba\u015far\u0131yor.<\/p>\n\n\n\n<p>Her t\u00fcrl\u00fc muhalefeti ac\u0131mas\u0131zca bast\u0131rd\u0131\u011f\u0131 bilinen fa\u015fist Erdo\u011fan rejimi de Cumartesi Anneleri&#8217;nin bar\u0131\u015f\u00e7\u0131l eylemini bir tehdit olarak g\u00f6r\u00fcyor. \u2026<\/p>\n\n\n\n<p>\u00c7\u00fcnk\u00fc o, bu \u0131srarl\u0131 m\u00fccadelenin ba\u015far\u0131ya ula\u015fmas\u0131 ve b\u00f6ylece sorumlular\u0131n hesap vermesi tehlikesinin fark\u0131ndad\u0131r. T\u00fcrkiye&#8217;nin en karanl\u0131k d\u00f6neminde ger\u00e7ekle\u015fen , bu k\u00fc\u00e7\u00fck k\u0131v\u0131lc\u0131m &#8211; Anadolu ve K\u00fcrdistan\u2019\u0131 saran bir ate\u015fe d\u00f6n\u00fc\u015febilir.<br>Ancak biz \u015funu da biliyoruz ki, diktat\u00f6rl\u00fckler var oldu\u011fu s\u00fcrece, s\u00f6m\u00fcrgecilik var oldu\u011fu s\u00fcrece, K\u00fcrt halk\u0131 ezildi\u011fi ve K\u00fcrdistan \u00f6zg\u00fcr olmad\u0131\u011f\u0131 s\u00fcrece, sermaye iktidarda oldu\u011fu ve i\u015f\u00e7i s\u0131n\u0131f\u0131 s\u00f6m\u00fcr\u00fcld\u00fc\u011f\u00fc s\u00fcrece yery\u00fcz\u00fcnde tam adalet olmayacakt\u0131r. T\u00fcrkiye&#8217;de, K\u00fcrdistan&#8217;da, Filistin&#8217;de, Meksika&#8217;da ve d\u00fcnyan\u0131n herhangi bir yerinde \u00f6l\u00fcmler ve kay\u0131plar devam edecektir.<br>Ama her \u015feye ra\u011fmen m\u00fccadele etmek d\u0131\u015f\u0131nda bir se\u00e7ene\u011fimiz yok! Cumartesi Anneleri, Plaza de Mayo Anneleri bize; ku\u015fatma ne kadar g\u00fc\u00e7l\u00fc olursa olsun, direni\u015f ne kadar k\u00fc\u00e7\u00fck olursa olsun, tutarl\u0131 bir \u015fekilde m\u00fccadele edersek ve asla pes etmezsek, nihayetinde t\u00fcm engelleri a\u015fabilece\u011fimizi g\u00f6sterdiler. Arjantin&#8217;de katiller ve i\u015fkenceciler art\u0131k yarg\u0131lan\u0131yor, Cumartesi Anneleri Galatasaray meydan\u0131ndaki yerlerini yeniden ald\u0131lar &#8211; onlar bize yolu g\u00f6steriyorlar!<br>Onlar\u0131n cesaretini ve c\u00fcretini ku\u015fanman\u0131n zaman\u0131d\u0131r!<br>Onlar\u0131n m\u00fccadelesi bizim m\u00fccadelemizdir!<br>Kaybedenler kaybedecektir!<\/p>\n\n\n\n<p><strong>XETA SOR <\/strong><br>25 May\u0131s 2024<img loading=\"lazy\" width=\"660\" height=\"228\" class=\"wp-image-5282\" style=\"width: 450px;\" src=\"http:\/\/www.dengekurdistan.de\/wp-content\/uploads\/2024\/04\/FB_IMG_1634201318713-660x228-1.jpg\" alt=\"\" srcset=\"http:\/\/www.dengekurdistan.de\/wp-content\/uploads\/2024\/04\/FB_IMG_1634201318713-660x228-1.jpg 660w, http:\/\/www.dengekurdistan.de\/wp-content\/uploads\/2024\/04\/FB_IMG_1634201318713-660x228-1-300x104.jpg 300w\" sizes=\"(max-width: 660px) 100vw, 660px\" \/><\/p>\n\n\n\n<p><\/p>\n","protected":false},"excerpt":{"rendered":"<p>Cumartesi Anneleri 1000 Haftad\u0131r Cesaret, C\u00fcret ve Kararl\u0131 Duru\u015flar\u0131yala Bizlere Yol G\u00f6steriyor! Cumartesi Anneleri bug\u00fcn \u0130stanbul&#8217;da 1000. kere soka\u011fa \u00e7\u0131k\u0131yorlar\u2026 Eylemler, 1995 y\u0131l\u0131nda Hasan Ocak&#8217;\u0131n g\u00f6zalt\u0131nda kaybedilmesinin ard\u0131ndan ba\u015flad\u0131. Ailesi ve yolda\u015flar\u0131 Galatasaray Meydan\u0131&#8217;nda Hasan Ocak\u2019\u0131n ka\u00e7\u0131r\u0131lmas\u0131n\u0131 protesto etmeye ba\u015flad\u0131 ve \u201cSa\u011f ald\u0131n\u0131z sa\u011f istiyoruz\u201d diyerek, olay\u0131n ayd\u0131nlat\u0131lmas\u0131n\u0131 ve adalet talep etti. O zamandan beri, &hellip;<\/p>\n","protected":false},"author":4,"featured_media":5290,"comment_status":"closed","ping_status":"closed","sticky":false,"template":"","format":"standard","meta":[],"categories":[114,43,113,59,54,58,41,42,111,55,112],"tags":[],"_links":{"self":[{"href":"http:\/\/www.dengekurdistan.de\/index.php?rest_route=\/wp\/v2\/posts\/5289"}],"collection":[{"href":"http:\/\/www.dengekurdistan.de\/index.php?rest_route=\/wp\/v2\/posts"}],"about":[{"href":"http:\/\/www.dengekurdistan.de\/index.php?rest_route=\/wp\/v2\/types\/post"}],"author":[{"embeddable":true,"href":"http:\/\/www.dengekurdistan.de\/index.php?rest_route=\/wp\/v2\/users\/4"}],"replies":[{"embeddable":true,"href":"http:\/\/www.dengekurdistan.de\/index.php?rest_route=%2Fwp%2Fv2%2Fcomments&post=5289"}],"version-history":[{"count":2,"href":"http:\/\/www.dengekurdistan.de\/index.php?rest_route=\/wp\/v2\/posts\/5289\/revisions"}],"predecessor-version":[{"id":5296,"href":"http:\/\/www.dengekurdistan.de\/index.php?rest_route=\/wp\/v2\/posts\/5289\/revisions\/5296"}],"wp:featuredmedia":[{"embeddable":true,"href":"http:\/\/www.dengekurdistan.de\/index.php?rest_route=\/wp\/v2\/media\/5290"}],"wp:attachment":[{"href":"http:\/\/www.dengekurdistan.de\/index.php?rest_route=%2Fwp%2Fv2%2Fmedia&parent=5289"}],"wp:term":[{"taxonomy":"category","embeddable":true,"href":"http:\/\/www.dengekurdistan.de\/index.php?rest_route=%2Fwp%2Fv2%2Fcategories&post=5289"},{"taxonomy":"post_tag","embeddable":true,"href":"http:\/\/www.dengekurdistan.de\/index.php?rest_route=%2Fwp%2Fv2%2Ftags&post=5289"}],"curies":[{"name":"wp","href":"https:\/\/api.w.org\/{rel}","templated":true}]}}