{"id":5220,"date":"2023-07-02T17:17:07","date_gmt":"2023-07-02T15:17:07","guid":{"rendered":"http:\/\/www.dengekurdistan.de\/?p=5220"},"modified":"2023-07-02T17:17:09","modified_gmt":"2023-07-02T15:17:09","slug":"30-yilinda-madimak-katliaminin-unutmadik-xeta-sor","status":"publish","type":"post","link":"http:\/\/www.dengekurdistan.de\/?p=5220","title":{"rendered":"30.YILINDA MADIMAK KATL\u0130AMININ UNUTMADIK! XETA SOR"},"content":{"rendered":"\n<ol start=\"30\"><li>Y\u0131l\u0131nda Mad\u0131mak Katliam\u0131n\u0131 Unutmad\u0131k!<\/li><\/ol>\n\n\n\n<p>2 Temmuz 1993, TC devletinin katliamlar serisine bir yenisinin eklendi\u011fi, kara bir g\u00fcn olarak tarihin utan\u00e7 sayfalar\u0131na ge\u00e7ti. TC devleti, devam\u0131 oldu\u011fu 600 y\u0131ll\u0131k Osmanl\u0131n\u0131n halklar\u0131 birbirine k\u0131rd\u0131ran, kanl\u0131, katliamc\u0131 gelene\u011fini eksiksiz s\u00fcrd\u00fcrd\u00fc ve 100 y\u0131ll\u0131k tarihine y\u00fczlerce katliam s\u0131\u011fd\u0131rd\u0131. Bug\u00fcn 30. y\u0131l d\u00f6n\u00fcm\u00fc olan Sivas- Mad\u0131mak katliama\u0131 da Anadolu\/K\u00fcrdistan topraklar\u0131nda ger\u00e7ekle\u015ftirilen say\u0131s\u0131z vah\u015fetlerden birisi olarak tarihe ge\u00e7ti. Bu Devletin tarihinde, g\u00fcn olmu\u015f H\u0131r\u0131stiyan halklar, g\u00fcn olmu\u015f Anadolunun yoksul k\u00f6yl\u00fcs\u00fc, g\u00fcn olmu\u015f Alevi-k\u0131z\u0131lba\u015flar, g\u00fcn olmu\u015f K\u00fcrtler, Kom\u00fcnistler\u2026 hedefe konulmu\u015f ve katledilmi\u015ftir.<br>Ya\u015fanan b\u00fct\u00fcn bu katliam ve vah\u015fetlerin hi\u00e7birisi tesad\u00fcf\u00fc ve ya denidi\u011fi gibi, &#8220;kendili\u011finden galeyana gelen halk&#8221; taraf\u0131ndan ger\u00e7ekle\u015fen katliamlar de\u011fildir. Bunlar, mutlaka ama mutlaka devlet taraf\u0131ndan, belli bir hedefle planlanm\u0131\u015f, organize edilmi\u015f, bindirilmi\u015f gruhlar y\u00f6nlendirilerek, ya da direkt devletin ordusu, polisi taraf\u0131ndan aleni bir bi\u00e7imde, g\u00f6stere g\u00f6stere icra edilmi\u015f olan katliamlard\u0131r. \u0130\u00e7 ve d\u0131\u015f politik konjukt\u00fcr gere\u011fi, anda hangi kesim tehlike olarak g\u00f6r\u00fclm\u00fc\u015f ise, mekan, zaman, kullan\u0131lacak kuvvet, katiller ona g\u00f6re se\u00e7ilmi\u015f ve en uygun olan plan hayata ge\u00e7irilmi\u015ftir.<\/p>\n\n\n\n<p>Sivas\/Mad\u0131mak katliam\u0131n\u0131n ger\u00e7ekle\u015ftirildi\u011fi d\u00f6nemlerde TC s\u00f6m\u00fcrgecili\u011fi K\u00fcrdistan&#8217;da y\u00fckselen \u00f6zg\u00fcrl\u00fck m\u00fccadelesinin yo\u011fun bas\u0131nc\u0131 alt\u0131ndad\u0131r. K\u00fcrt \u00f6zg\u00fcrl\u00fck m\u00fccadelesinin Alevi ve sol\/sosyalistlerle bulu\u015fma e\u011filimleri g\u00fc\u00e7 kazanmakta ve Sivas, Erzincan, Tokat gibi Alevi yo\u011funluklu b\u00f6lgelerde de direni\u015f mayalanmaya ba\u015flam\u0131\u015ft\u0131r. Bu tehlikeli gidi\u015fi durdurmak, TC. devleti ve zaman\u0131n iktidar\u0131 i\u00e7in elzemdir. 2 Temmuz 1993 g\u00fcn\u00fc Sivasta yap\u0131lacak olan Pirsultan anma etkinlikleri hedefe konuldu, planlamalar yap\u0131ld\u0131 ve k\u0131\u015fk\u0131rt\u0131lan on binlerden olu\u015fan gerici-fa\u015fist bir gruh sald\u0131r\u0131ya ge\u00e7irildi.<\/p>\n\n\n\n<p>Bu katliam\u0131n da, b\u00fct\u00fcn katliamlar gibi \u201egaleyana gelmi\u015f\u201c bir gruhun i\u015fi olmad\u0131\u011f\u0131n\u0131 biliyoruz. Sivas-Mad\u0131mak katliam\u0131 bir Devlet organizasyonudur ve bunu b\u00fct\u00fcn D\u00fcnya da b\u00f6yle g\u00f6rd\u00fc. O nedenledir ki, Mad\u0131mak ta katledilen canlar\u0131n cenazelerine kat\u0131lan y\u00fcz binler hep bir a\u011f\u0131zdan, \u201eKatil Devlet Hesap Verecek!\u201c diye hayk\u0131rd\u0131lar. Evet, Katil \u00e7ok a\u00e7\u0131k bir \u015fekilde Devlet idi! Alevi halk\u0131m\u0131z\u0131n \u00f6rg\u00fctlenrek sol- sosyalist ve K\u00fcrt \u00f6zg\u00fcrl\u00fck hareketi ile birle\u015fmesini engellemek amac\u0131yla Ko\u00e7giri de, Dersim de, Mara\u015f ta oldu\u011fu gibi, bu da Devlet\u2018in Alevilere y\u00f6nelik bir y\u0131ld\u0131rma, korkutma, k\u0131y\u0131ma u\u011fratma ve s\u00fcrerek yok etme eylemiydi. Fa\u015fist Devlet, tepkileri s\u00f6n\u00fcmlendirmek ve su\u00e7unun \u00fcst\u00fcn\u00fc \u00f6rtemk i\u00e7in, kulland\u0131\u011f\u0131 ma\u015falar\u0131ndan baz\u0131lar\u0131n\u0131 tutuklay\u0131p g\u00f6stermelik yarg\u0131lamar yapt\u0131 ise de, esas failleri ortaya \u00e7\u0131karmad\u0131\/\u00e7\u0131karmak istemedi. Katliamda bizzathi rol ald\u0131\u011f\u0131 tespit edilen bir\u00e7ok katili de hi\u00e7 yakalamad\u0131 ve davay\u0131 zaman a\u015f\u0131m\u0131na u\u011fratt\u0131.<\/p>\n\n\n\n<p>Ama daha \u00f6ncekilerde oldu\u011fu gibi, bu katliamda da Devlet istedi\u011fi sonu\u00e7lara tam anlam\u0131yla ula\u015famad\u0131. Katliam\u0131n ba\u015f sorumlusu oldu\u011funu gizleyemedi\u011fi gibi, zor ve k\u0131y\u0131m, kar\u015f\u0131t tepkiye yol a\u00e7t\u0131. Aleviler, korkup sinmek, geri ad\u0131m atmak yerine, ba\u015fta ya\u015fad\u0131klar\u0131 b\u00fcy\u00fck kentler ve Avrupa olmak \u00fczere bulunduklar\u0131 her yerde \u00f6rg\u00fctlendiler, kendi \u00f6z \u00f6rg\u00fctlerini kurdular ve daha da g\u00f6r\u00fcn\u00fcr olmaya ba\u015flad\u0131lar. 2 Temmuz Sivas katliam\u0131, Alevilerin kendi \u00f6z \u00f6rg\u00fctlerini olu\u015fturmalar\u0131na vesile ve bir milat oldu. Bu g\u00fcn art\u0131k T\u00fcrkiye de, hi\u00e7 bir g\u00fc\u00e7 K\u00fcrtlerin ve Alevilerin varl\u0131\u011f\u0131n\u0131 ve taleplerini g\u00f6rmezden gelerek, onlar\u0131 hesaba katmadan politika yapamaz\/yapam\u0131yor.<br>Emek\u00e7i Aleviler\u2018in b\u00fcy\u00fck bir \u00e7o\u011funlu\u011fu K\u00fcrtler ve Sol\/Sosyalist g\u00fc\u00e7lerle birlikte davranmaktan ba\u015fka \u00e7arelerinin olmad\u0131\u011f\u0131n\u0131 biliyor ve buna uygun ad\u0131mlar at\u0131yorlar.<\/p>\n\n\n\n<p>G\u00fcn bu yak\u0131nla\u015fmay\u0131 g\u00fc\u00e7lendirme, pasif tepkiler olmaktan \u00e7\u0131kar\u0131p daha iradi, daha bilin\u00e7li ortak bir tepkiye d\u00f6n\u00fc\u015ft\u00fcrme g\u00fcn\u00fcd\u00fcr. Zira, TC nin Y\u00fcz Y\u0131ll\u0131k tarihi bizlere bunun bir var olu\u015f veya yok olu\u015f sorunu oldu\u011funu defalarca g\u00f6sterdi. K\u00fcrtler, Aleviler, H\u0131r\u0131stiyan halklar ve Sol Sosyalist b\u00fct\u00fcn g\u00fc\u00e7ler ancak ve ancak birbirileri ile kenetlenirlerse var olmay\u0131 ba\u015far\u0131r ve bu topraklara e\u015fit, g\u00f6n\u00fcll\u00fc karde\u015fli\u011fi, bar\u0131\u015f\u0131 hakim k\u0131labilirler. T\u00fcrkiye ve K\u00fcrdistan&#8217;daki Devrimci- Demokrasi g\u00fc\u00e7leri olarak, Sivas-Mad\u0131mak ve di\u011fer b\u00fct\u00fcn katliamlardan \u00e7\u0131kard\u0131\u011f\u0131m\u0131z bu derslerden do\u011fru sonu\u00e7lar \u00e7\u0131karabilir, halklar\u0131m\u0131z\u0131n ortak m\u00fccadele hatt\u0131n\u0131 kurmay\u0131 ba\u015farabilirsek ancak, o zaman Sivas-Mad\u0131mak ta yitirdi\u011fimiz canlar\u0131m\u0131z\u0131n hesab\u0131n\u0131 sormu\u015f olaca\u011f\u0131z. Buna olan umut ve inanc\u0131m\u0131zla;<\/p>\n\n\n\n<p><strong>Unutmad\u0131k, Unutmayaca\u011f\u0131z, Unutturmayaca\u011f\u0131z, Katilleri Afetmeyece\u011fiz!<\/strong><\/p>\n\n\n\n<p><strong>Katil S\u00f6m\u00fcrgeci Fa\u015fist T\u00fcrk Devleti Hesap Verecek!<\/strong><\/p>\n\n\n\n<p><strong>XETA SOR <\/strong><\/p>\n\n\n\n<p>02 Temmuz 2023<\/p>\n\n\n\n<p>Kaynak: Xeta Sor fecabook sayfas\u0131ndan al\u0131nm\u0131\u015ft\u0131r. <\/p>\n\n\n\n<p><img loading=\"lazy\" width=\"213\" height=\"239\" class=\"wp-image-5160\" style=\"width: 450px;\" src=\"http:\/\/www.dengekurdistan.de\/wp-content\/uploads\/2023\/03\/20230320_111904.jpg\" alt=\"\"><\/p>\n","protected":false},"excerpt":{"rendered":"<p>Y\u0131l\u0131nda Mad\u0131mak Katliam\u0131n\u0131 Unutmad\u0131k! 2 Temmuz 1993, TC devletinin katliamlar serisine bir yenisinin eklendi\u011fi, kara bir g\u00fcn olarak tarihin utan\u00e7 sayfalar\u0131na ge\u00e7ti. TC devleti, devam\u0131 oldu\u011fu 600 y\u0131ll\u0131k Osmanl\u0131n\u0131n halklar\u0131 birbirine k\u0131rd\u0131ran, kanl\u0131, katliamc\u0131 gelene\u011fini eksiksiz s\u00fcrd\u00fcrd\u00fc ve 100 y\u0131ll\u0131k tarihine y\u00fczlerce katliam s\u0131\u011fd\u0131rd\u0131. Bug\u00fcn 30. y\u0131l d\u00f6n\u00fcm\u00fc olan Sivas- Mad\u0131mak katliama\u0131 da Anadolu\/K\u00fcrdistan topraklar\u0131nda &hellip;<\/p>\n","protected":false},"author":4,"featured_media":5213,"comment_status":"closed","ping_status":"closed","sticky":false,"template":"","format":"standard","meta":[],"categories":[114,43,113,59,54,58,41,42,111,55,112],"tags":[],"_links":{"self":[{"href":"http:\/\/www.dengekurdistan.de\/index.php?rest_route=\/wp\/v2\/posts\/5220"}],"collection":[{"href":"http:\/\/www.dengekurdistan.de\/index.php?rest_route=\/wp\/v2\/posts"}],"about":[{"href":"http:\/\/www.dengekurdistan.de\/index.php?rest_route=\/wp\/v2\/types\/post"}],"author":[{"embeddable":true,"href":"http:\/\/www.dengekurdistan.de\/index.php?rest_route=\/wp\/v2\/users\/4"}],"replies":[{"embeddable":true,"href":"http:\/\/www.dengekurdistan.de\/index.php?rest_route=%2Fwp%2Fv2%2Fcomments&post=5220"}],"version-history":[{"count":1,"href":"http:\/\/www.dengekurdistan.de\/index.php?rest_route=\/wp\/v2\/posts\/5220\/revisions"}],"predecessor-version":[{"id":5221,"href":"http:\/\/www.dengekurdistan.de\/index.php?rest_route=\/wp\/v2\/posts\/5220\/revisions\/5221"}],"wp:featuredmedia":[{"embeddable":true,"href":"http:\/\/www.dengekurdistan.de\/index.php?rest_route=\/wp\/v2\/media\/5213"}],"wp:attachment":[{"href":"http:\/\/www.dengekurdistan.de\/index.php?rest_route=%2Fwp%2Fv2%2Fmedia&parent=5220"}],"wp:term":[{"taxonomy":"category","embeddable":true,"href":"http:\/\/www.dengekurdistan.de\/index.php?rest_route=%2Fwp%2Fv2%2Fcategories&post=5220"},{"taxonomy":"post_tag","embeddable":true,"href":"http:\/\/www.dengekurdistan.de\/index.php?rest_route=%2Fwp%2Fv2%2Ftags&post=5220"}],"curies":[{"name":"wp","href":"https:\/\/api.w.org\/{rel}","templated":true}]}}