{"id":5130,"date":"2023-03-19T22:12:34","date_gmt":"2023-03-19T21:12:34","guid":{"rendered":"http:\/\/www.dengekurdistan.de\/?p=5130"},"modified":"2023-03-19T22:15:24","modified_gmt":"2023-03-19T21:15:24","slug":"newroz-piroz-be-xeta-sor","status":"publish","type":"post","link":"http:\/\/www.dengekurdistan.de\/?p=5130","title":{"rendered":"NEWROZ P\u0130ROZ BE! XETA SOR"},"content":{"rendered":"\n<p>Denge K\u00fcrdistan&#8217;n\u0131n \u0130svi\u00e7re&#8217;de organize etmi\u015f oldu\u011fu Newroz etkinli\u011fine XETA SOR\u2018UN g\u00f6ndermi\u015f oldu\u011fu mesaji yay\u0131nl\u0131yoruz.<\/p>\n\n\n\n<p>Denge K\u00fcrdistan Yay\u0131n Kollektifi <\/p>\n\n\n\n<p>NEWROZ P\u0130ROZ BE<br>Newroz \u00d6zg\u00fcrl\u00fckt\u00fcr,<br>Newroz Yeni G\u00fcnd\u00fcr,<br>Newroz Direni\u015ftir,<br>Newroz Sevdad\u0131r,<br>Newroz haks\u0131zl\u0131\u011fa kar\u015f\u0131 hakl\u0131n\u0131n yan\u0131nda yer alan Demirci kawad\u0131r,<br>Newroz do\u011fan\u0131n uyan\u0131\u015f\u0131d\u0131r,<br>Newroz halklar\u0131n e\u015fit halk temelinde karde\u015fli\u011fidir,<br>Newroz i\u015f\u00e7i s\u0131n\u0131f\u0131n\u0131n, emek\u00e7i halklar\u0131n\u0131n emek ve \u00f6zg\u00fcrl\u00fck m\u00fccadelesidir,<br>Newroz hi\u015fyarbuna gel\u00e9n bindiste<br>Newroz piroz be!<br>Yolda\u015flar, halk\u0131m\u0131z ve ortado\u011fu halklar\u0131 Newroz bayram\u0131n\u0131 bu y\u0131l \u015fenlik havas\u0131nda kutlayam\u0131yor. \u00c7\u00fcnk\u00fc Kuzey K\u00fcrdistan&#8217;da ve G\u00fcney Bat\u0131 K\u00fcrdistan\u2019da meydana gelen deprem sonucu kentler yerle bir oldu. Deprem b\u00f6lgeyi \u00e7ok k\u00f6t\u00fc vurdu. Enkaz alt\u0131nda kalan canlar\u0131m\u0131z\u0131n c\u0131\u011fl\u0131klar\u0131na ba\u015fta S\u00f6m\u00fcrgeci fa\u015fist TC devleti sessiz kald\u0131. \u00c7\u00fcnk\u00fc enkaz alt\u0131nda kalan a\u011f\u0131rl\u0131kl\u0131 olarak &nbsp;K\u00fcrtlerdi.&nbsp; Ranta dayal\u0131 yerle\u015fim yerleri depremle moloz y\u0131\u011f\u0131n\u0131na d\u00f6n\u00fc\u015ft\u00fc. Say\u0131s\u0131 gizlenen y\u00fczbinin \u00fczerinde insanlar\u0131m\u0131z ya\u015fam\u0131n\u0131 yitirdi. Halk\u0131m\u0131z 2023 Newroz\u2019una &nbsp;&nbsp;b\u00f6ylesi ac\u0131l\u0131 bir g\u00fcnde adeta bir yas havas\u0131nda giriyor. Deprem \u00f6ld\u00fcrmez binalar \u00f6ld\u00fcr\u00fcr s\u00f6z\u00fcn\u00fc halk\u0131m\u0131z ya\u015fad\u0131. Ka\u00e7ak yap\u0131lar, eksik malzeme ile yap\u0131lan binalara halklar\u0131m\u0131za mezar oldu\u2026<br>Yolda\u015flar,<br>Biliyoruz, organize etmi\u015f oldu\u011funuz Newroz kutlamas\u0131 bir kutlamadan ziyade bir dayan\u0131\u015fma etkinli\u011fine d\u00f6n\u00fc\u015fm\u00fc\u015ft\u00fcr. Bu etkinlik XETA SOR&#8217;un ba\u015flatm\u0131\u015f oldu\u011fu dayan\u0131\u015fma kampanyas\u0131na adanm\u0131\u015ft\u0131r. XETA SOR\u2018un Dayan\u0131\u015fma Ya\u015fat\u0131r \u015fiar\u0131yla ba\u015flatm\u0131\u015f oldu\u011fu dayan\u0131\u015fma kampanyas\u0131 devam ediyor. Dayan\u0131\u015fma kampanyam\u0131zla &nbsp;halk\u0131m\u0131z\u0131n yaras\u0131n\u0131 bir nebze olsun sarmak istiyoruz. halk\u0131m\u0131z i\u00e7in ba\u015flatm\u0131\u015f oldu\u011fumuz dayan\u0131\u015fma kampanyas\u0131na g\u00fc\u00e7 vermeye \u00e7a\u011f\u0131r\u0131yoruz.&nbsp;<br>Yolda\u015flar,<br>S\u00f6m\u00fcrgeci TC devletinin vah\u015fetlerini burada anlatacak de\u011filiz. Bir \u015fey s\u00f6ylemek gerekirse halk\u0131m\u0131z S\u00f6m\u00fcrgeci Fa\u015fist TC devletine kar\u015f\u0131 ge\u00e7mi\u015fte de boyun e\u011fmedi\u011fi gibi bug\u00fcnde e\u011fmeyecektir. \u00dclke se\u00e7im atmosferine girmi\u015ftir. Gerek Cumhurba\u015fkanl\u0131\u011f\u0131 ve gerekse parlemento se\u00e7imleri i\u00e7in 14 may\u0131sta sand\u0131k ba\u015f\u0131na gidecektir. Cumhurba\u015fkanl\u0131\u011f\u0131 adaylar\u0131 halk\u0131m\u0131z\u0131n taleplerine yan\u0131t verecek durumda de\u011fildir. Parlemento se\u00e7imleri halk\u0131m\u0131z\u0131 ve onun \u00f6rg\u00fctl\u00fc g\u00fc\u00e7lerini daha \u00e7ok ilgilendiriyor. Emek ve \u00f6zg\u00fcrl\u00fck ittifak\u0131 halk\u0131m\u0131z\u0131n deste\u011fine yak\u0131n duruyor. Halk\u0131m\u0131z\u0131n acil demokratik taleplerini se\u00e7im s\u00fcrecinde \u00f6ne c\u0131kartmam\u0131z gereken taleplerin ba\u015f\u0131nda geliyor.<br>Dayan\u0131\u015fmaya odaklanm\u0131\u015f Newroz etkinli\u011finizi XETA SOR&nbsp; olarak \u00f6zg\u00fcr ve demokratik bir K\u00fcrdistan\u2018n\u0131n yarat\u0131lmas\u0131 \u00f6zlemiyle kutluyoruz\u2026<br>Biji newroz!<br>Biji yekitiya gele K\u00fcrdistan<br>XETA SOR<\/p>\n\n\n\n<p><img loading=\"lazy\" width=\"720\" height=\"228\" class=\"wp-image-4127\" style=\"width: 450px;\" src=\"http:\/\/www.dengekurdistan.de\/wp-content\/uploads\/2021\/10\/FB_IMG_1634201318713.jpg\" alt=\"\" srcset=\"http:\/\/www.dengekurdistan.de\/wp-content\/uploads\/2021\/10\/FB_IMG_1634201318713.jpg 720w, http:\/\/www.dengekurdistan.de\/wp-content\/uploads\/2021\/10\/FB_IMG_1634201318713-300x95.jpg 300w\" sizes=\"(max-width: 720px) 100vw, 720px\" \/><br><\/p>\n","protected":false},"excerpt":{"rendered":"<p>Denge K\u00fcrdistan&#8217;n\u0131n \u0130svi\u00e7re&#8217;de organize etmi\u015f oldu\u011fu Newroz etkinli\u011fine XETA SOR\u2018UN g\u00f6ndermi\u015f oldu\u011fu mesaji yay\u0131nl\u0131yoruz. Denge K\u00fcrdistan Yay\u0131n Kollektifi NEWROZ P\u0130ROZ BENewroz \u00d6zg\u00fcrl\u00fckt\u00fcr,Newroz Yeni G\u00fcnd\u00fcr,Newroz Direni\u015ftir,Newroz Sevdad\u0131r,Newroz haks\u0131zl\u0131\u011fa kar\u015f\u0131 hakl\u0131n\u0131n yan\u0131nda yer alan Demirci kawad\u0131r,Newroz do\u011fan\u0131n uyan\u0131\u015f\u0131d\u0131r,Newroz halklar\u0131n e\u015fit halk temelinde karde\u015fli\u011fidir,Newroz i\u015f\u00e7i s\u0131n\u0131f\u0131n\u0131n, emek\u00e7i halklar\u0131n\u0131n emek ve \u00f6zg\u00fcrl\u00fck m\u00fccadelesidir,Newroz hi\u015fyarbuna gel\u00e9n bindisteNewroz piroz be!Yolda\u015flar, halk\u0131m\u0131z &hellip;<\/p>\n","protected":false},"author":4,"featured_media":5137,"comment_status":"closed","ping_status":"closed","sticky":false,"template":"","format":"standard","meta":[],"categories":[114,43,113,54,58,57,41,42,111,55,112],"tags":[],"_links":{"self":[{"href":"http:\/\/www.dengekurdistan.de\/index.php?rest_route=\/wp\/v2\/posts\/5130"}],"collection":[{"href":"http:\/\/www.dengekurdistan.de\/index.php?rest_route=\/wp\/v2\/posts"}],"about":[{"href":"http:\/\/www.dengekurdistan.de\/index.php?rest_route=\/wp\/v2\/types\/post"}],"author":[{"embeddable":true,"href":"http:\/\/www.dengekurdistan.de\/index.php?rest_route=\/wp\/v2\/users\/4"}],"replies":[{"embeddable":true,"href":"http:\/\/www.dengekurdistan.de\/index.php?rest_route=%2Fwp%2Fv2%2Fcomments&post=5130"}],"version-history":[{"count":3,"href":"http:\/\/www.dengekurdistan.de\/index.php?rest_route=\/wp\/v2\/posts\/5130\/revisions"}],"predecessor-version":[{"id":5142,"href":"http:\/\/www.dengekurdistan.de\/index.php?rest_route=\/wp\/v2\/posts\/5130\/revisions\/5142"}],"wp:featuredmedia":[{"embeddable":true,"href":"http:\/\/www.dengekurdistan.de\/index.php?rest_route=\/wp\/v2\/media\/5137"}],"wp:attachment":[{"href":"http:\/\/www.dengekurdistan.de\/index.php?rest_route=%2Fwp%2Fv2%2Fmedia&parent=5130"}],"wp:term":[{"taxonomy":"category","embeddable":true,"href":"http:\/\/www.dengekurdistan.de\/index.php?rest_route=%2Fwp%2Fv2%2Fcategories&post=5130"},{"taxonomy":"post_tag","embeddable":true,"href":"http:\/\/www.dengekurdistan.de\/index.php?rest_route=%2Fwp%2Fv2%2Ftags&post=5130"}],"curies":[{"name":"wp","href":"https:\/\/api.w.org\/{rel}","templated":true}]}}