{"id":4945,"date":"2022-11-20T22:46:42","date_gmt":"2022-11-20T21:46:42","guid":{"rendered":"http:\/\/www.dengekurdistan.de\/?p=4945"},"modified":"2022-11-20T22:51:55","modified_gmt":"2022-11-20T21:51:55","slug":"oeluemsuezlerimizin-izinde-kavgayi-bueyuetelim","status":"publish","type":"post","link":"http:\/\/www.dengekurdistan.de\/?p=4945","title":{"rendered":"\u00d6L\u00dcMS\u00dcZLER\u0130M\u0130Z\u0130N \u0130Z\u0130NDE KAVGAYI B\u00dcY\u00dcTEL\u0130M! KKP"},"content":{"rendered":"\n<p>\u00d6l\u00fcms\u00fczlerimizin \u0130zinde Kavgay\u0131 B\u00fcy\u00fctelim \u015fairiyle ger\u00e7ekle\u015fen anma gecesine KKP \u0130svi\u00e7re \u00f6rg\u00fct\u00fc davet edildi.&nbsp; KKP Anma gecesine bir mesaj ile kat\u0131ld\u0131. Devrimci dostlar\u0131m\u0131z\u0131n bu de\u011ferli davetinden dolay\u0131 kutluyoruz. Devrimci dayan\u0131\u015fma, devrimci partileri hep g\u00fc\u00e7l\u00fc k\u0131llar. Denge K\u00fcrdistan yay\u0131n kolektifi olarak bu mesaji yay\u0131nlamay\u0131 uygun g\u00f6rd\u00fck.<br>Denge K\u00fcrdistan Yay\u0131n Kollektifi<\/p>\n\n\n\n<p>Gece tertip komitesine,<br>Sevgili Yolda\u015flar, De\u011ferli Dostlar!<br>\u0130nsanl\u0131\u011f\u0131n gelece\u011fi, ulusal ve S\u0131n\u0131fsal kurtulu\u015fu i\u00e7in umutla yola \u00e7\u0131kan; \u00d6zg\u00fcrl\u00fck ve Sosyalizm m\u00fccadelesinde kaybetti\u011fimiz \u00f6l\u00fcms\u00fczlerimizi and\u0131\u011f\u0131m\u0131z bu g\u00fcnde ` \u00d6l\u00fcms\u00fczlerimizin izinde kavgay\u0131 b\u00fcy\u00fctelim` etkinli\u011fini d\u00fczenleyen sizleri\u00a0 bu zorlu Zafer y\u00fcr\u00fcy\u00fc\u015f\u00fcnde selaml\u0131yoruz.<br>G\u00fcn, insanl\u0131k tarihine b\u00fcy\u00fck katk\u0131 ve kazan\u0131mlar b\u0131rakan\u00a0 Sosyalizmin\u00a0 \u0131\u015f\u0131\u011f\u0131yla\u00a0 kavgada yitirdi\u011fimiz yolda\u015flar\u0131m\u0131z\u0131n yol g\u00f6stericili\u011finde, b\u00fct\u00fcn kazan\u0131m ve de\u011ferlerimize sald\u0131ran fa\u015fizme,i\u015fgallere soyk\u0131r\u0131ma ve her t\u00fcrl\u00fc gercili\u011fe kar\u015f\u0131 ortak\u00a0 m\u00fccadeleyi ve topyek\u00fcn direni\u015fi \u00f6rg\u00fctleme g\u00fcn\u00fcd\u00fcr.<br>K\u00fcrdistan kom\u00fcnistleri olarak bu bilin\u00e7le hepinizi\u00a0 yolda\u015fca selaml\u0131yoruz.<br>BIJ\u0130 AZAD\u0130!<br>BIJ\u0130 SOSYAL\u0130ZM!<br>Partiya Kominist a Kurdistan (KKP)<br>\u0130svi\u00e7re \u00d6rg\u00fct\u00fc<br>20 Kas\u0131m 2022<\/p>\n\n\n\n<p><img loading=\"lazy\" width=\"300\" height=\"159\" class=\"wp-image-4326\" style=\"width: 450px;\" src=\"http:\/\/www.dengekurdistan.de\/wp-content\/uploads\/2022\/02\/kkp-logo-1.png\" alt=\"\"><br><\/p>\n","protected":false},"excerpt":{"rendered":"<p>\u00d6l\u00fcms\u00fczlerimizin \u0130zinde Kavgay\u0131 B\u00fcy\u00fctelim \u015fairiyle ger\u00e7ekle\u015fen anma gecesine KKP \u0130svi\u00e7re \u00f6rg\u00fct\u00fc davet edildi.&nbsp; KKP Anma gecesine bir mesaj ile kat\u0131ld\u0131. Devrimci dostlar\u0131m\u0131z\u0131n bu de\u011ferli davetinden dolay\u0131 kutluyoruz. Devrimci dayan\u0131\u015fma, devrimci partileri hep g\u00fc\u00e7l\u00fc k\u0131llar. Denge K\u00fcrdistan yay\u0131n kolektifi olarak bu mesaji yay\u0131nlamay\u0131 uygun g\u00f6rd\u00fck.Denge K\u00fcrdistan Yay\u0131n Kollektifi Gece tertip komitesine,Sevgili Yolda\u015flar, De\u011ferli Dostlar!\u0130nsanl\u0131\u011f\u0131n gelece\u011fi, ulusal &hellip;<\/p>\n","protected":false},"author":4,"featured_media":4951,"comment_status":"closed","ping_status":"closed","sticky":false,"template":"","format":"standard","meta":[],"categories":[114,43,113,59,58,41,42,111,55,112],"tags":[],"_links":{"self":[{"href":"http:\/\/www.dengekurdistan.de\/index.php?rest_route=\/wp\/v2\/posts\/4945"}],"collection":[{"href":"http:\/\/www.dengekurdistan.de\/index.php?rest_route=\/wp\/v2\/posts"}],"about":[{"href":"http:\/\/www.dengekurdistan.de\/index.php?rest_route=\/wp\/v2\/types\/post"}],"author":[{"embeddable":true,"href":"http:\/\/www.dengekurdistan.de\/index.php?rest_route=\/wp\/v2\/users\/4"}],"replies":[{"embeddable":true,"href":"http:\/\/www.dengekurdistan.de\/index.php?rest_route=%2Fwp%2Fv2%2Fcomments&post=4945"}],"version-history":[{"count":4,"href":"http:\/\/www.dengekurdistan.de\/index.php?rest_route=\/wp\/v2\/posts\/4945\/revisions"}],"predecessor-version":[{"id":4959,"href":"http:\/\/www.dengekurdistan.de\/index.php?rest_route=\/wp\/v2\/posts\/4945\/revisions\/4959"}],"wp:featuredmedia":[{"embeddable":true,"href":"http:\/\/www.dengekurdistan.de\/index.php?rest_route=\/wp\/v2\/media\/4951"}],"wp:attachment":[{"href":"http:\/\/www.dengekurdistan.de\/index.php?rest_route=%2Fwp%2Fv2%2Fmedia&parent=4945"}],"wp:term":[{"taxonomy":"category","embeddable":true,"href":"http:\/\/www.dengekurdistan.de\/index.php?rest_route=%2Fwp%2Fv2%2Fcategories&post=4945"},{"taxonomy":"post_tag","embeddable":true,"href":"http:\/\/www.dengekurdistan.de\/index.php?rest_route=%2Fwp%2Fv2%2Ftags&post=4945"}],"curies":[{"name":"wp","href":"https:\/\/api.w.org\/{rel}","templated":true}]}}