{"id":4938,"date":"2022-11-18T12:35:05","date_gmt":"2022-11-18T11:35:05","guid":{"rendered":"http:\/\/www.dengekurdistan.de\/?p=4938"},"modified":"2022-11-18T12:35:07","modified_gmt":"2022-11-18T11:35:07","slug":"solcu-monologlar-necati-gueler","status":"publish","type":"post","link":"http:\/\/www.dengekurdistan.de\/?p=4938","title":{"rendered":"SOLCU MONOLOGLAR! Necati G\u00dcLER"},"content":{"rendered":"\n<p class=\"has-text-align-center\">Solcu  Monologlar s\u00fcrman\u015feti ile Necati G\u00fcler \u00f6yk\u00fc tad\u0131nda yaz\u0131lar yaz\u0131yor. Kendi sosyal medyas\u0131nda m\u00fctevazi bir \u015fekilde payla\u015f\u0131yor. Denge K\u00fcrdistan yay\u0131n kollektifi olarak bu yaz\u0131lar\u0131 yay\u0131nlamay\u0131 devrimci sorumluluk olarak g\u00f6r\u00fcyoruz.  Necati G\u00fcler her Solcu Monologlarda devrimci m\u00fccadelenin \u00f6nemli bir sorununu irdelemeye \u00e7al\u0131\u015f\u0131yor. Irmaklar\u0131 okyanuslara ta\u015f\u0131man\u0131n kararl\u0131\u011f\u0131na vurgu yap\u0131yor. Devrimci m\u00fccadelenin uzun tarihsel bir s\u00fcreci kapsad\u0131\u011f\u0131n\u0131n alt\u0131n\u0131 \u00e7iziyor&#8230;<\/p>\n\n\n\n<p class=\"has-text-align-center\"><strong>Denge K\u00fcrdistan Yay\u0131n Kollektifi <\/strong><\/p>\n\n\n\n<p class=\"has-text-align-center\"><strong>SOLCU MONOLOGLAR!<\/strong><\/p>\n\n\n\n<p>Okyanuslar\u0131 beslemek&#8230;<\/p>\n\n\n\n<p>Y\u0131llar \u00f6nceydi. \u015eehrin dar ve \u00e7\u0131kmaz bir soka\u011d\u0131nda bulunan derne\u011dimizin mutfa\u011d\u0131nda \u00e7ay\u0131&nbsp; oca\u011da koymu\u015f, derin d\u00fc\u015f\u00fcncelere dalm\u0131\u015f bir \u015fekilde, arka fonda kaynamaya ba\u015flamak \u00fczere olan \u00e7aydanl\u0131ktaki suyun \u00e7\u0131kard\u0131\u011d\u0131 melodik sesin e\u015fli\u011dinde birazdan gelecek olan ziyaret\u00e7ilerimizi bekliyorum.<\/p>\n\n\n\n<p>Sert\u00e7e \u00e7arpan kap\u0131n\u0131n sesiyle dald\u0131\u011d\u0131m d\u00fc\u015f\u00fcncelerden uyan\u0131yorum. Kap\u0131n\u0131n arkas\u0131nda heybetli bir \u015fekilde bana do\u011dru bakan gen\u00e7 bir erkek dikiliyor. I\u015f\u0131ldayan g\u00f6zlerle sa\u011da sola bakarken bir taraftanda beni s\u00fcz\u00fcyor&#8230; Belli ki yeni gelmi\u015f&#8230; Ama derneklere yabanc\u0131 de\u011dil&#8230; Emin ad\u0131mlarla bana do\u011dru geli\u015fi, elini bana uzatarak &#8220;merhaba, ben &#8230;&#8230;.&#8221; deyi\u015fi bu ortamlara yabanc\u0131 olmad\u0131\u011d\u0131n\u0131 g\u00f6steriyor&#8230;<\/p>\n\n\n\n<p>Merhabala\u015fma, ho\u015f be\u015f, tan\u0131\u015fma derken bu arada \u00e7ay da demlenmi\u015f ve i\u00e7ilecek k\u0131vama gelmi\u015f&#8230;<\/p>\n\n\n\n<p>Bir bardak kendime bir bardakta onun i\u00e7in dolduruyorum&#8230; &#8220;\u00c7ay i\u00e7ermisin?&#8221; diye sormadan tabi&#8230; Dernek \u00e7ay\u0131 i\u00e7ilmez mi? Derneklere b\u00f6yle \u00e7ekinmeden giren insanlara, &#8220;devrimcimisin?&#8221; diye sorulamayaca\u011d\u0131 gibi&#8230;<\/p>\n\n\n\n<p>Bir insan, bir mahalleye, bir \u015fehre, bir \u00fclkeye geldi\u011dinin ikinci g\u00fcn\u00fc derne\u011din kap\u0131s\u0131nda&nbsp; bitiyorsa ona &#8220;devrimcimisin?&#8221; yada &#8220;\u00e7ay i\u00e7ermisin?&#8221; sorular\u0131n\u0131n sorulmayaca\u011d\u0131n\u0131 bende&nbsp; devrimci abilerimizden \u00f6\u011drenmi\u015ftim elbette&#8230;<\/p>\n\n\n\n<p>Yan\u0131lmam\u0131\u015f\u0131m&#8230; Daha d\u00fcn gelmi\u015f. \u0130lticac\u0131 kamp\u0131ndaki di\u011der insanlardan dernek oldu\u011dunu \u00f6\u011drenmi\u015f ve onlardan birisi de yolu g\u00f6stermek i\u00e7in kendisiyle birlikte gelmi\u015f ama nedense derne\u011de birlikte gelmek istememi\u015f! Buna da anlam verememi\u015f!!!&nbsp; &#8220;Sen daha yenisin,&nbsp; iltica kamp\u0131nda kal\u0131yor diye herkesin devrimci, kom\u00fcnal ya\u015famdan yana oldu\u011dunu d\u00fc\u015f\u00fcn\u00fcyorsun. Yurdum insan\u0131 s\u0131n\u0131rlar i\u00e7inde ne ise, d\u0131\u015f\u0131nda da odur&#8221; d\u00fc\u015f\u00fcnceleri ge\u00e7iyor kafamdan&#8230; Kendisine belli etmiyorum tabi ki&#8230; \u0130lk g\u00fcnden umudu k\u0131r\u0131lmas\u0131n&#8230;<\/p>\n\n\n\n<p>Sohbet uzuyor&#8230; Bu arada derne\u011din m\u00fcdavimleride birer birer geliyorlar&#8230; Her yeni gelenin muhatap oldu\u011du merakl\u0131 bak\u0131\u015flara ve sorulara oda muhatap olmaktan kurtulam\u0131yor&#8230;Baz\u0131lar\u0131na a\u00e7\u0131k\u00e7a, baz\u0131lar\u0131na ka\u00e7amak cevaplar vererek ama her defas\u0131nda da, &#8220;Ben de\u011di\u015ftirmek i\u00e7in geldim! Beni di\u011derleri ile kar\u0131\u015ft\u0131rmay\u0131n!&#8221; yollu imalarda bulunmay\u0131da ihmal etmiyor&#8230;<\/p>\n\n\n\n<p>G\u00fcnler, haftalar, aylar ge\u00e7iyor&#8230;<\/p>\n\n\n\n<p>Kendi hukuki durumu \u00e7\u00f6z\u00fcl\u00fcyor&#8230; G\u00f6\u00e7menlik stat\u00fcs\u00fc tan\u0131n\u0131yor&#8230; Art\u0131k, iltica kamp\u0131nda kalmak zorunda de\u011dil. \u0130stedi\u011di \u015fehre yerle\u015febilir, \u00e7al\u0131\u015fabilir&#8230; Bu arada dernek faaliyetlerine de devaml\u0131 destek veriyor&#8230; Bazen k\u0131sa yoldan, acele ve h\u0131zl\u0131 sonu\u00e7lar alamad\u0131\u011d\u0131m\u0131zdan yak\u0131nd\u0131\u011d\u0131 oluyor elbette&#8230; Derne\u011de gelen giden insanlar\u0131n \u00e7o\u011dalmak yerine azald\u0131\u011d\u0131n\u0131, de\u011di\u015fime kar\u015f\u0131 direndiklerini, al\u0131\u015fkanl\u0131klar\u0131ndan vazge\u00e7mediklerini, derne\u011de gelmelerininde; de\u011di\u015fmek ve de\u011di\u015ftirmek iste\u011dinden ziyade al\u0131\u015fkanl\u0131ktan oldu\u011dunu oda g\u00f6r\u00fcyor ve anlamaya ba\u015fl\u0131yor&#8230;&#8221;Bu&nbsp; \u015fehir k\u00fc\u00e7\u00fck bir yer. Buras\u0131 k\u00f6y gibi ve buradaki insanlarda k\u00f6yl\u00fc kalm\u0131\u015flar&#8221; yollu serzeni\u015fleri s\u0131kla\u015fmaya ba\u015fl\u0131yor&#8230; B\u00f6yle k\u00fc\u00e7\u00fck yerler bir devrimci i\u00e7in \u00f6l\u00fcm demekmi\u015f&#8230; K\u00fc\u00e7\u00fcc\u00fck bir dernekte bulu\u015fup, \u00e7ay i\u00e7mekle, arada bir etkinlik yapmakla devrim yap\u0131lamazm\u0131\u015f&#8230; K\u00fc\u00e7\u00fck yerlerdeki imkanlarda s\u0131n\u0131rl\u0131 olurmu\u015f&#8230; Kendisinin hedefleri \u00e7ok daha y\u00fcksek ve h\u0131zl\u0131 sonu\u00e7lar alan m\u00fccadeleyi yaratmakm\u0131\u015f&#8230;.Ve daha bir\u00e7ok g\u00fczel d\u00fc\u015f\u00fcnceler&#8230;<\/p>\n\n\n\n<p>Daha b\u00fcy\u00fck bir \u015fehre, politikan\u0131n daha canl\u0131 oldu\u011du, y\u00fcr\u00fc\u015f ve mitinglere onlar, y\u00fczler de\u011dil binler, on binler ve hatta y\u00fcz binlerin kat\u0131ld\u0131\u011d\u0131 bir yere gitmeye karar veriyor&#8230;<\/p>\n\n\n\n<p>Gitmeden \u00f6nceki ak\u015fam bana misafir oluyor. Uzun uzun konu\u015fuyoruz&#8230;Hedeflerini, hayallerini, umutlar\u0131n\u0131 ve gelece\u011de dair hepiside \u00e7ok de\u011derli olan projelerini anlat\u0131yor&#8230;Samimiyetinden hi\u00e7 \u015f\u00fcphe duymayacak kadar tan\u0131yordum&#8230; &#8220;Sen buralarda bo\u015funa zaman kaybediyorsun. Bo\u011dulacaksan b\u00fcy\u00fck sularda bo\u011dul! Ancak sele d\u00f6nm\u00fc\u015f co\u015fkun sular engelleri a\u015f\u0131p okyanuslara var\u0131r&#8221; uykuya dalmadan \u00f6nce duydu\u011dum son c\u00fcmlesiydi&#8230; Uyuya kald\u0131\u011d\u0131m\u0131 fark edip anlatmay\u0131 kesti mi yoksa kendisi yoruluncaya kadar s\u00fcrd\u00fcrd\u00fc m\u00fc bilmiyorum&#8230;<\/p>\n\n\n\n<p>&#8220;Almanya da g\u00fcnler uzun ve yava\u015f ama seneler k\u0131sa ve h\u0131zl\u0131 ge\u00e7er&#8221; demi\u015fti bir&nbsp;&nbsp; dostum&#8230;\u00d6yleymi\u015f!&nbsp;<\/p>\n\n\n\n<p>\u0130lk ba\u015flarda s\u0131k s\u0131k telefonla\u015f\u0131rd\u0131k&#8230; B\u00fcy\u00fck \u015fehirdeki canl\u0131l\u0131\u011d\u0131, yapt\u0131klar\u0131 b\u00fcy\u00fck \u00e7al\u0131\u015fmalar\u0131, ba\u015far\u0131l\u0131 organizasyonlar\u0131 co\u015fkuyla anlat\u0131rd\u0131&#8230;Zamanla aramaz, sormaz, ula\u015f\u0131lmaz oldu ve izini kaybettim&#8230; Zaman zaman ortak tan\u0131d\u0131klardan sordu\u011dumda, ka\u00e7amak veya imal\u0131 cevaplar al\u0131yor ama fazla \u00fczerinde durmuyordum&#8230; Neticede devrim olmad\u0131\u011d\u0131na g\u00f6re, oda bir \u015fekilde kar\u0131nca karar\u0131nca faaliyetlerini s\u00fcrd\u00fcr\u00fcyor ve co\u015fmu\u015f b\u00fcy\u00fck \u0131rmaklar\u0131n okyanuslarla bulu\u015fmalar\u0131n\u0131n \u00f6n\u00fcndeki engelleri y\u0131kmaya \u00e7abal\u0131yordur&#8230;?<\/p>\n\n\n\n<p>Dostumun s\u00f6yledi\u011di gibi;&nbsp; g\u00fcnler uzun, yava\u015f ve \u00f6mr\u00fcmuz\u00fc t\u00f6rp\u00fcleyerek, seneler ise k\u0131sa, h\u0131zl\u0131 ve&nbsp; darbeler vurarak bizden, ya\u015fam\u0131m\u0131zdan b\u00fcy\u00fck par\u00e7alar kopararak ge\u00e7ip gitmi\u015fti&#8230;<\/p>\n\n\n\n<p>Bir etkinlikte ortak tan\u0131d\u0131\u011d\u0131m\u0131z birileri ile kar\u015f\u0131la\u015f\u0131yorum. &#8230;&#8230;. &#8216;i g\u00f6r\u00fcyormusunuz? diye soruyorum. Duymam\u0131\u015fm\u0131y\u0131m?!<\/p>\n\n\n\n<p>\u00d6nceleri \u00e7ok co\u015fkulu, \u00e7ok atakm\u0131\u015f&#8230; Sevmi\u015f, sevilmi\u015f, sevilmemi\u015f&#8230; Umutlar, hayal k\u0131r\u0131kl\u0131klar\u0131&#8230; Uzun geceler boyu s\u00fcren politik tart\u0131\u015fmalar, &#8220;eski yol arkada\u015flar\u0131yla&#8221; ayr\u0131lan , &#8220;yenilerle&#8221;&nbsp; birle\u015fen yollar&#8230; &#8220;Yenilerin&#8221; h\u0131zl\u0131ca &#8220;eskiye&#8221; d\u00f6n\u00fc\u015ft\u00fc\u011d\u00fc, yeni ile eskinin belirsizle\u015fti\u011di, do\u011drunun yanl\u0131\u015f, yanl\u0131\u015f\u0131n do\u011dru ile s\u0131k s\u0131k yer de\u011di\u015ftirdi\u011di mekan ve zamanlar arkada b\u0131rakm\u0131\u015f&#8230;<\/p>\n\n\n\n<p>Pisikolojik sorunlar ya\u015fam\u0131\u015f&#8230;.Depresyon, Panik Atak, \u015eizofreni gibi te\u015fhisler konulmu\u015f&#8230;Tedaviler, terapiler fayda vermemi\u015f&#8230;Ailesinin giri\u015fimleri ve&nbsp; baz\u0131 &#8220;eski&#8221; yolda\u015flar\u0131n\u0131n yard\u0131mlar\u0131yla yeniden memlekete d\u00f6nm\u00fc\u015f&#8230; \u00c7oktand\u0131r onlarda haber alam\u0131yorlarm\u0131\u015f&#8230;B\u00fcy\u00fck okyanuslar ve co\u015fkun akan nehirlerde bo\u011dulmam\u0131\u015f ama k\u0131y\u0131ya savrulmu\u015ftu&#8230;.<\/p>\n\n\n\n<p>Ben?<\/p>\n\n\n\n<p>Ben hala bir dervi\u015f sabr\u0131yla, elimde bir odun par\u00e7as\u0131, bazen de bir&nbsp; kazma ve k\u00fcrek ile k\u00fc\u00e7\u00fck su brikintilerinin, minik dereciklerin \u00f6n\u00fcndeki birikintileri temizleyerek engelleri kald\u0131rmaya, k\u00fc\u00e7\u00fck derecikleri bulu\u015fturarak b\u00fcy\u00fcmeye ve daha b\u00fcy\u00fckleri ile bulu\u015fmalar\u0131n\u0131 sa\u011dlamaya \u00e7al\u0131\u015f\u0131yorum&#8230;.<\/p>\n\n\n\n<p>Co\u015fkun akan b\u00fcy\u00fck \u0131rmaklar\u0131, nehirleri ve okyanuslar\u0131 besleyen kaynaklar ya\u011dmur damlalar\u0131, k\u00fc\u00e7\u00fck dereciklerdir diye \u00f6grenmi\u015ftim devrimci abilerimden, ablalar\u0131mdan&#8230;<\/p>\n\n\n\n<p>K\u0131y\u0131ya vuranlar, bo\u011dulanlar ve dervi\u015f sabr\u0131yla k\u00fc\u00e7\u00fck dereciklerle \u00f6m\u00fcr t\u00fcketenler&#8230;. Kim \u015fansl\u0131? Kim \u015fans\u0131z? Kim do\u011dru?&nbsp; Kim yanl\u0131\u015f? Bilmiyorum&#8230;.<\/p>\n\n\n\n<p>Bildi\u011dim bir \u015fey varsa hareket etmeyen organizma \u00e7\u00fcr\u00fcr, akmayan su bakteri \u00fcretir ve kokar&#8230; \u0130\u015fleyen demir y\u0131pran\u0131r ama paslamayarak hep \u0131\u015f\u0131ldar&#8230;<\/p>\n\n\n\n<p>\u00c7ay\u0131m\u0131z var hep s\u0131cak, umutlar\u0131m\u0131z var payla\u015f\u0131lacak! B\u00f6l\u00fc\u015f\u00fclecek ekme\u011dimiz hep olacak!<\/p>\n\n\n\n<p>18&nbsp; Kas\u0131m 2022<\/p>\n\n\n\n<p>Kaynak: fecabook sayfas\u0131nda al\u0131nm\u0131\u015ft\u0131r.<\/p>\n","protected":false},"excerpt":{"rendered":"<p>Solcu Monologlar s\u00fcrman\u015feti ile Necati G\u00fcler \u00f6yk\u00fc tad\u0131nda yaz\u0131lar yaz\u0131yor. Kendi sosyal medyas\u0131nda m\u00fctevazi bir \u015fekilde payla\u015f\u0131yor. Denge K\u00fcrdistan yay\u0131n kollektifi olarak bu yaz\u0131lar\u0131 yay\u0131nlamay\u0131 devrimci sorumluluk olarak g\u00f6r\u00fcyoruz. Necati G\u00fcler her Solcu Monologlarda devrimci m\u00fccadelenin \u00f6nemli bir sorununu irdelemeye \u00e7al\u0131\u015f\u0131yor. Irmaklar\u0131 okyanuslara ta\u015f\u0131man\u0131n kararl\u0131\u011f\u0131na vurgu yap\u0131yor. Devrimci m\u00fccadelenin uzun tarihsel bir s\u00fcreci kapsad\u0131\u011f\u0131n\u0131n alt\u0131n\u0131 &hellip;<\/p>\n","protected":false},"author":4,"featured_media":4939,"comment_status":"closed","ping_status":"closed","sticky":false,"template":"","format":"standard","meta":[],"categories":[114,43,113,59,54,58,57,41,42,111,55,112],"tags":[],"_links":{"self":[{"href":"http:\/\/www.dengekurdistan.de\/index.php?rest_route=\/wp\/v2\/posts\/4938"}],"collection":[{"href":"http:\/\/www.dengekurdistan.de\/index.php?rest_route=\/wp\/v2\/posts"}],"about":[{"href":"http:\/\/www.dengekurdistan.de\/index.php?rest_route=\/wp\/v2\/types\/post"}],"author":[{"embeddable":true,"href":"http:\/\/www.dengekurdistan.de\/index.php?rest_route=\/wp\/v2\/users\/4"}],"replies":[{"embeddable":true,"href":"http:\/\/www.dengekurdistan.de\/index.php?rest_route=%2Fwp%2Fv2%2Fcomments&post=4938"}],"version-history":[{"count":2,"href":"http:\/\/www.dengekurdistan.de\/index.php?rest_route=\/wp\/v2\/posts\/4938\/revisions"}],"predecessor-version":[{"id":4944,"href":"http:\/\/www.dengekurdistan.de\/index.php?rest_route=\/wp\/v2\/posts\/4938\/revisions\/4944"}],"wp:featuredmedia":[{"embeddable":true,"href":"http:\/\/www.dengekurdistan.de\/index.php?rest_route=\/wp\/v2\/media\/4939"}],"wp:attachment":[{"href":"http:\/\/www.dengekurdistan.de\/index.php?rest_route=%2Fwp%2Fv2%2Fmedia&parent=4938"}],"wp:term":[{"taxonomy":"category","embeddable":true,"href":"http:\/\/www.dengekurdistan.de\/index.php?rest_route=%2Fwp%2Fv2%2Fcategories&post=4938"},{"taxonomy":"post_tag","embeddable":true,"href":"http:\/\/www.dengekurdistan.de\/index.php?rest_route=%2Fwp%2Fv2%2Ftags&post=4938"}],"curies":[{"name":"wp","href":"https:\/\/api.w.org\/{rel}","templated":true}]}}