{"id":4912,"date":"2022-11-04T10:40:58","date_gmt":"2022-11-04T09:40:58","guid":{"rendered":"http:\/\/www.dengekurdistan.de\/?p=4912"},"modified":"2022-11-04T10:41:00","modified_gmt":"2022-11-04T09:41:00","slug":"kimyasal-silah-kullanima-hayir","status":"publish","type":"post","link":"http:\/\/www.dengekurdistan.de\/?p=4912","title":{"rendered":"K\u0130MYASAL S\u0130LAH KULLANIMA HAYIR!"},"content":{"rendered":"\n<p><strong><u>\u00c7A\u011eRI<\/u><\/strong><\/p>\n\n\n\n<p><strong>K\u0130MYASAL S\u0130LAH KULLANIMINA \u201cHAYIR\u201d DEMEK \u0130\u00c7\u0130N D\u00dcSSELDORF\u2019A<\/strong><\/p>\n\n\n\n<p>K\u00fcrt halk\u0131na kar\u015f\u0131 on y\u0131llard\u0131r ink\u00e2r&nbsp; ve imha politikalar\u0131 \u00fcreten TC fa\u015fizmi, Nisan 2022\u2019den g\u00fcn\u00fcm\u00fcze Rojava\u2019ya, Ba\u015fur\u2019a, \u015eengal\u2019e, Medye Savunma alanlar\u0131\u2019na, K\u00fcrdistan da\u011flar\u0131na d\u00f6n\u00fck \u00e7e\u015fitli defalar operasyonlar ger\u00e7ekle\u015ftirdi. T\u00fcm teknolojik donan\u0131mlar\u0131na ra\u011fmen gerilla kar\u015f\u0131s\u0131nda istedi\u011fi ba\u015far\u0131y\u0131 yakalayamay\u0131nca, uluslararas\u0131 hukuku ve s\u00f6zle\u015fmeleri hi\u00e7e say\u0131p, sald\u0131r\u0131lar\u0131nda kimyasal silah kullanarak vah\u015fetini bir \u00fcst boyuta ta\u015f\u0131d\u0131. Defalarca tekrarlanan kimyasal silah sald\u0131r\u0131lar\u0131 kamuoyuna yans\u0131y\u0131p, tart\u0131\u015fmalar ba\u015flay\u0131nca, R.T.Erdo\u011fan ve \u015f\u00fcrekas\u0131 AKP+MHP fa\u015fizmi, su\u00e7 kapatma tela\u015f\u0131yla her zamanki gibi ink\u00e2r politikalar\u0131na ve kar\u015f\u0131 ataklara ge\u00e7mekte de hi\u00e7 bir sak\u0131nca g\u00f6rmedi.<\/p>\n\n\n\n<p>Yeni devreye sokulan sans\u00fcr yasas\u0131, kimyasal sava\u015f konseptiyle do\u011frudan ba\u011flant\u0131l\u0131d\u0131r. 25 Ekim sabah\u0131 bir\u00e7ok \u015fehirde yap\u0131lan operasyonlarla \u201cter\u00f6r \u00f6rg\u00fct\u00fc propagandas\u0131\u201d gerek\u00e7esiyle, 9 K\u00fcrt gazeteci tutukland\u0131. Oysa bilinir ki; \u00d6zg\u00fcr Bas\u0131n gelene\u011fi tarihler boyudur maruz b\u0131rak\u0131ld\u0131\u011f\u0131 t\u00fcm sald\u0131r\u0131lara, kapatmalara, toplatmalara, yasaklamalara, \u00e7al\u0131\u015fanlar\u0131na y\u00f6nelik tutuklama ve katletmelere ra\u011fmen hi\u00e7bir zaman susturulamad\u0131, bug\u00fcn de susturulamayacakt\u0131r!<\/p>\n\n\n\n<p>D\u00fcnyada say\u0131l\u0131 Adl\u00ee T\u0131p uzmanlar\u0131ndan birisi olan, T\u00fcrk Tabipler Birli\u011fi (TTB) Ba\u015fkan\u0131 ve T\u00fcrkiye \u0130nsan Haklar\u0131 Vakf\u0131 Y\u00f6netim Kurulu \u00dcyesi, Adl\u00ee T\u0131p Profes\u00f6r\u00fc Dr. \u015eebnem Korur Fincanc\u0131; bir TV program\u0131nda \u201cT\u00fcrk Silahl\u0131 Kuvvetleri\u2019nin PKK\u2019ya kar\u015f\u0131 &#8220;kimyasal silah kulland\u0131\u011f\u0131&#8221; iddialar\u0131yla ilgili de\u011ferlendirmede bulunup, b\u00f6lgede Uluslararas\u0131 ve tarafs\u0131z bir heyet taraf\u0131ndan inceleme yap\u0131lmas\u0131 gerekti\u011fini\u201d s\u00f6yledi\u011fi i\u00e7in; 26 Ekim\u2019de &#8220;T\u00fcrk milletini, T\u00fcrkiye Cumhuriyeti Devletini, devletin kurum ve organlar\u0131n\u0131 a\u015fa\u011f\u0131lamak&#8221; su\u00e7lamalar\u0131yla tutukland\u0131.<\/p>\n\n\n\n<p>\u015eebnem hoca; bir bilim insan\u0131, hekim ve insan haklar\u0131 savunucusu olarak, bu vas\u0131flar\u0131yla uluslararas\u0131 tan\u0131nm\u0131\u015f bir ki\u015filik olarak, bug\u00fcne kadar do\u011fru bildiklerini s\u00f6ylemekten hi\u00e7 vazge\u00e7medi. Tutuklamalar, g\u00f6zalt\u0131lar bug\u00fcne kadar onu y\u0131ld\u0131rmad\u0131\u011f\u0131 gibi bug\u00fcnden sonra da y\u0131ld\u0131rmayacakt\u0131r. Biz de bir kez daha \u201c\u015eebnem Hoca Onurumuzdur; tutuklamalarla su\u00e7lar\u0131n\u0131z\u0131 kapatamayacaks\u0131n\u0131z!\u201d diye hayk\u0131r\u0131yoruz.<\/p>\n\n\n\n<p>T\u00fcm d\u00fcnyan\u0131n g\u00f6zleri \u00f6n\u00fcnde sergilenen kimyasal silah kullan\u0131m\u0131 vah\u015fetine, ba\u015fta OPWC (Organization for Prohibition of Chemical Weapons\u2013 Kimyasal Silahlar\u0131n Yasaklanmas\u0131 \u00d6rg\u00fct\u00fc) olmak \u00fczere, t\u00fcm uluslararas\u0131 kurumlar ve emperyalistler \u00fc\u00e7 maymunlar\u0131 oynayarak bu insanl\u0131k su\u00e7una ortak olmaktalar.<\/p>\n\n\n\n<p><strong>12 Kas\u0131m\u2019da D\u00fc\u015f\u015feldorf\u2019tay\u0131z<\/strong><\/p>\n\n\n\n<p>Hep birlikte ba\u015fta OPCW olmak \u00fczere t\u00fcm uluslararas\u0131 kurumlar\u0131 g\u00f6reve \u00e7a\u011f\u0131rmak, K\u00fcrdistan\u2019da kimyasal silah kullan\u0131m\u0131n\u0131n ara\u015ft\u0131r\u0131lmas\u0131 i\u00e7in OPCW\u2019nin b\u00f6lgeye acilen bir heyet g\u00f6ndermesini talep etmek i\u00e7in;<\/p>\n\n\n\n<p>\u201cProfes\u00f6r Dr. \u015eebnem Korur Fincanc\u0131 Onurumuzdur, Derhal Serbest B\u0131rak\u0131ls\u0131n!\u201d ve<\/p>\n\n\n\n<p>\u201c\u00d6zg\u00fcr Bas\u0131n Susturulamaz; Bas\u0131n Emek\u00e7ileri Derhal Serbest B\u0131rak\u0131ls\u0131n!\u201d diye hayk\u0131rmak i\u00e7in;<\/p>\n\n\n\n<p>TC fa\u015fizminin t\u00fcm sald\u0131r\u0131lar\u0131na kar\u015f\u0131 omuz omuza bir direni\u015fi \u00f6rmek, bu insanl\u0131k su\u00e7unu d\u00fcnyaya hayk\u0131rarak durdurmak i\u00e7in,<\/p>\n\n\n\n<p><strong>ADGB (Avrupa Demokratik G\u00fc\u00e7 Birli\u011fi) olarak, t\u00fcm anti fa\u015fist, anti emperyalist ki\u015fi ve kurumlar\u0131 12 Kas\u0131m\u2019da D\u00fcsseldorf\u2019ta ger\u00e7ekle\u015ftirece\u011fimiz Avrupa \u00e7ap\u0131 protesto eylemine kat\u0131lmaya \u00e7a\u011f\u0131r\u0131yoruz.<\/strong><\/p>\n\n\n\n<p><strong>Kinyasal Silah Kullan\u0131m\u0131 Su\u00e7tur!<\/strong><\/p>\n","protected":false},"excerpt":{"rendered":"<p>\u00c7A\u011eRI K\u0130MYASAL S\u0130LAH KULLANIMINA \u201cHAYIR\u201d DEMEK \u0130\u00c7\u0130N D\u00dcSSELDORF\u2019A K\u00fcrt halk\u0131na kar\u015f\u0131 on y\u0131llard\u0131r ink\u00e2r&nbsp; ve imha politikalar\u0131 \u00fcreten TC fa\u015fizmi, Nisan 2022\u2019den g\u00fcn\u00fcm\u00fcze Rojava\u2019ya, Ba\u015fur\u2019a, \u015eengal\u2019e, Medye Savunma alanlar\u0131\u2019na, K\u00fcrdistan da\u011flar\u0131na d\u00f6n\u00fck \u00e7e\u015fitli defalar operasyonlar ger\u00e7ekle\u015ftirdi. T\u00fcm teknolojik donan\u0131mlar\u0131na ra\u011fmen gerilla kar\u015f\u0131s\u0131nda istedi\u011fi ba\u015far\u0131y\u0131 yakalayamay\u0131nca, uluslararas\u0131 hukuku ve s\u00f6zle\u015fmeleri hi\u00e7e say\u0131p, sald\u0131r\u0131lar\u0131nda kimyasal silah kullanarak &hellip;<\/p>\n","protected":false},"author":4,"featured_media":4699,"comment_status":"closed","ping_status":"closed","sticky":false,"template":"","format":"standard","meta":[],"categories":[114,43,113,54,58,41,42,111,55,112],"tags":[],"_links":{"self":[{"href":"http:\/\/www.dengekurdistan.de\/index.php?rest_route=\/wp\/v2\/posts\/4912"}],"collection":[{"href":"http:\/\/www.dengekurdistan.de\/index.php?rest_route=\/wp\/v2\/posts"}],"about":[{"href":"http:\/\/www.dengekurdistan.de\/index.php?rest_route=\/wp\/v2\/types\/post"}],"author":[{"embeddable":true,"href":"http:\/\/www.dengekurdistan.de\/index.php?rest_route=\/wp\/v2\/users\/4"}],"replies":[{"embeddable":true,"href":"http:\/\/www.dengekurdistan.de\/index.php?rest_route=%2Fwp%2Fv2%2Fcomments&post=4912"}],"version-history":[{"count":2,"href":"http:\/\/www.dengekurdistan.de\/index.php?rest_route=\/wp\/v2\/posts\/4912\/revisions"}],"predecessor-version":[{"id":4914,"href":"http:\/\/www.dengekurdistan.de\/index.php?rest_route=\/wp\/v2\/posts\/4912\/revisions\/4914"}],"wp:featuredmedia":[{"embeddable":true,"href":"http:\/\/www.dengekurdistan.de\/index.php?rest_route=\/wp\/v2\/media\/4699"}],"wp:attachment":[{"href":"http:\/\/www.dengekurdistan.de\/index.php?rest_route=%2Fwp%2Fv2%2Fmedia&parent=4912"}],"wp:term":[{"taxonomy":"category","embeddable":true,"href":"http:\/\/www.dengekurdistan.de\/index.php?rest_route=%2Fwp%2Fv2%2Fcategories&post=4912"},{"taxonomy":"post_tag","embeddable":true,"href":"http:\/\/www.dengekurdistan.de\/index.php?rest_route=%2Fwp%2Fv2%2Ftags&post=4912"}],"curies":[{"name":"wp","href":"https:\/\/api.w.org\/{rel}","templated":true}]}}