{"id":4769,"date":"2022-08-30T23:25:11","date_gmt":"2022-08-30T21:25:11","guid":{"rendered":"http:\/\/www.dengekurdistan.de\/?p=4769&#038;lang=de"},"modified":"2022-08-30T23:44:27","modified_gmt":"2022-08-30T21:44:27","slug":"erkan-bas-secimler-ve-sosyalizmmehmet-akkaya","status":"publish","type":"post","link":"http:\/\/www.dengekurdistan.de\/?p=4769","title":{"rendered":"ERKAN BA\u015e, SE\u00c7\u0130MLER VE SOSYAL\u0130ZM\/Mehmet AKKAYA"},"content":{"rendered":"\n<p class=\"has-text-align-center\"><strong>ERKAN BA\u015e, SE\u00c7\u0130MLER VE SOSYAL\u0130ZM <\/strong><\/p>\n\n\n\n<p>Per\u015fembe ak\u015fam\u0131 yemek yerken televizyona bakay\u0131m dedim; a\u00e7t\u0131\u011f\u0131mda T\u0130P Genel Ba\u015fkan\u0131 Erkan Ba\u015f ile Enver Aysever\u2019i g\u00f6rd\u00fcm (25 A\u011fustos 2022). Parti, devrim, emek, bar\u0131\u015f, \u00f6zg\u00fcrl\u00fck gibi s\u00f6zc\u00fckler beni provoke etti ve tam zaplayacakken kumanda elimden yava\u015f ve sessiz bir bi\u00e7imde kayd\u0131. Program\u0131 izlemeye ba\u015flay\u0131nca s\u00f6ylenen s\u00f6zlerin, savunulan g\u00f6r\u00fc\u015flerin s\u0131\u011fl\u0131\u011f\u0131, s\u0131radanl\u0131\u011f\u0131 beni daha da tahrik etti ve kendine ba\u011flad\u0131.\u00dclkemizin sol siyasal iklimine dair bir \u201cgenel sorunun\u201d par\u00e7as\u0131 gibi g\u00f6r\u00fcn\u00fcnce, \u201cprogram\u0131 izleyeyim, yazar\u0131m\u201d dedim. Genel bir sorun, \u00e7\u00fcnk\u00fc son y\u0131llarda \u00fclkemizin sol\/Marksist hareketlerinde se\u00e7imlere, pop\u00fclizme ve parlamentoya \u201cheves\u201d s\u0131n\u0131f m\u00fccadelesinin do\u011fas\u0131na ters d\u00fc\u015fecek bir \u015fekilde iyice artt\u0131. Bu y\u00fczden de ba\u015fl\u0131\u011f\u0131, program\u0131n s\u0131n\u0131rlar\u0131n\u0131 da a\u015fa\u00e7ak \u015fekilde geni\u015f tuttum.Bug\u00fcnk\u00fc T\u0130P\u2019in, kopu\u015f yaparak i\u00e7inden geldi\u011fi \u201cdevlet\u00e7i\/milliyet\u00e7i sol\u201d gelene\u011fe oranla ileri bir noktada bulundu\u011fu san\u0131r\u0131m devrimci-demokratik kamuoyunun genel g\u00f6r\u00fc\u015f\u00fcd\u00fcr. Benim a\u00e7\u0131mdan da \u00f6yle. Buna ra\u011fmen kendisini i\u015f\u00e7i partisi (kom\u00fcnist) olarak d\u00fc\u015f\u00fcnen bir partinin Genel Ba\u015fkan\u0131 olan Erkan Ba\u015f\u2019\u0131n, konuk olarak kat\u0131ld\u0131\u011f\u0131 programda ileri s\u00fcrd\u00fc\u011f\u00fc g\u00f6r\u00fc\u015fleri ikna edici olmu\u015f mudur, diye de sormadan edemiyorum. Bence ikna edici olmam\u0131\u015ft\u0131r. Bana kal\u0131rsa savunulan g\u00f6r\u00fc\u015flerin kom\u00fcnizmle, sosyalizme \u00e7ok dolayl\u0131 bir ili\u015fkisi var; o kadar.Programda sosyalizme gitmek i\u00e7in \u00e7izilen yol haritas\u0131n\u0131n da devrimci bir yol haritas\u0131 oldu\u011funu s\u00f6ylemek kolay de\u011fil. Ba\u015fkana g\u00f6re laiklik \u00f6nemli bir sorunmu\u015f; \u00e7\u00fcnk\u00fc laikli\u011fi kavgayla yeniden kazanacaklar\u0131n\u0131 s\u00f6yl\u00fcyor: Ho\u015f geldiniz 18. y\u00fczy\u0131l\u0131n liberal ve ayd\u0131nlanmac\u0131 d\u00fc\u015f\u00fcn\u00fcrleri.Fa\u015fizme Kar\u015f\u0131 Yeni Bir Demokrasi:Proletarya DemokrasisiYakla\u015f\u0131k 30-40 dakika boyunca dikkatle, merakla izledim, notlar ald\u0131m. Ba\u015f\u2019\u0131n konu\u015fmas\u0131na uzla\u015fmac\u0131 bir siyaset ve felsefe hakimdi. Tek d\u00fc\u015fman\u0131 vard\u0131 Genel Ba\u015fkan\u0131n: Bug\u00fcnk\u00fc h\u00fck\u00fcmet! Tek\u00e7i y\u00f6netim, tek parti diktat\u00f6rl\u00fc\u011f\u00fc idi temel hadise. Sorun sanki 20 y\u0131ll\u0131k, kendi deyi\u015fiyle \u201cdinci yobazl\u0131k\u201d d\u00f6nemidir. Ah hele bir \u201claik yobazl\u0131k\u201d d\u00f6nemine ge\u00e7elim \u00fclke nas\u0131l da ilerleyip \u00f6zg\u00fcrle\u015fmi\u015f olacakt\u0131r! Oysa devrimci, \u00f6zellikle de kendisine i\u015f\u00e7i partisi ve kom\u00fcnist diyen bir partinin yaln\u0131z h\u00fck\u00fcmetleri de\u011fil, yaln\u0131z 20 y\u0131ll\u0131k fa\u015fist uygulamalar\u0131 da de\u011fil, bunlara temel te\u015fkil eden ekonomik ve sosyal sistemi bir b\u00fct\u00fcn olarak hedef almas\u0131 gerekir.Programda, devrimci bir demokrasi ya da proletarya demokrasisi i\u00e7in konu\u015fan sosyalist bir partinin lideri de\u011fil de sanki dine, teolojiye kar\u015f\u0131 m\u00fccadele eden liberal, demokrat, bir burjuva ayd\u0131n\u0131 vard\u0131. Yine de, bu g\u00f6r\u00fcnt\u00fcs\u00fcn\u00fc a\u015f\u0131p tekelci sermayeye kar\u015f\u0131 oldu\u011funu s\u00f6ylemesi de\u011ferliydi.Genel Ba\u015fkan\u0131n emperyalizme y\u00f6nelik\/kar\u015f\u0131 s\u00f6ylemleri de oldu ama \u00fclkemiz halklar\u0131na kan kusturan y\u00fczy\u0131ll\u0131k y\u00fcr\u00fcrl\u00fckte olan fa\u015fist sistem\/d\u00fczen, Ba\u015f\u2019\u0131n ba\u015f sorunu de\u011fildi; fa\u015fist rejim merkezde de de\u011fildi. Dert ba\u015f bug\u00fcnk\u00fc h\u00fck\u00fcmetti! Burjuvazinin iktisadi ve politik g\u00fcc\u00fcnden ziyade Ba\u015fkana g\u00f6re T\u00fcrkiye ve K\u00fcrdistan\u2019\u0131 cemaat ve tarikatlar y\u00f6netiyor san\u0131rs\u0131n\u0131z. Onun opti\u011finde bug\u00fcnk\u00fc h\u00fck\u00fcmet de iktidar gibi alg\u0131lan\u0131yor ve de\u011fi\u015ftirilirse adeta her t\u00fcrden s\u00f6m\u00fcr\u00fc ve zul\u00fcm\u00fcn sona erece\u011fine inan\u0131l\u0131yor. Oysa se\u00e7imle gelen, 1971\u2019de \u015eili\u2019de yap\u0131lan bir uygulama biliniyor.\u015eili Sosyalist Partisi ve lideri Salvador Allende, iki y\u0131l bile s\u00fcrmeden fa\u015fist bir yolla ala\u015fa\u011f\u0131 edildi. Edilir, \u00e7\u00fcnk\u00fc Sosyalist Parti\u2019nin kendisine \u00f6zg\u00fc ve kendisinin olan bir devrimci teorisi, kadrolar\u0131 ve daha da \u00f6nemlisi silahl\u0131 bir g\u00fcc\u00fc, askeri, k\u0131z\u0131lordusu bulunmuyordu. Kald\u0131 ki Rusya ve \u00c7in devrimlerinin arkas\u0131nda g\u00fc\u00e7l\u00fc k\u0131z\u0131l\/halk ordular\u0131 oldu\u011fu halde bile emperyalizm ko\u015fullar\u0131nda ancak 30 y\u0131l ya\u015fayabildiler. Bu tecr\u00fcbelerden bihaber konu\u015fmalar\u0131n oldu\u011fu program boyunca siyasetin g\u00fcndelik sorunlar\u0131 ve g\u00f6r\u00fcnt\u00fcleri ele al\u0131nd\u0131. Oysa sorunlara, \u00fclke ve d\u00fcnya tecr\u00fcbeleri, Marksist tez ve teorilerin \u0131\u015f\u0131\u011f\u0131nda bak\u0131lmas\u0131 gerekirdi. Sol, ne yaz\u0131k ki giderek teoriyle aras\u0131na mesafe koyuyor.Sosyalizm ve K\u00fc\u00e7\u00fck Burjuva SiyasetiTeori-pratik diyalekti\u011fi g\u00f6zard\u0131 edildi\u011fi s\u00fcrece \u00fclke ve d\u00fcnya ger\u00e7ekli\u011fi fark edilemeyecektir. Bu y\u00fczden devrimci teori olmadan devrimci prati\u011fin olmayaca\u011f\u0131n\u0131 bilmek gerekir. Hele hele se\u00e7imleri hi\u00e7 abartmamak laz\u0131m gelir. Hem Enver Aysever hem de Ba\u015f, se\u00e7imlerle neredeyse sosyalizm kurulaca\u011f\u0131na inan\u0131yorlar. Halbuki b\u00f6yle bir sonu\u00e7 olmayacak ve kitleler l\u00fczumsuz yere moral \u00e7\u00f6k\u00fcnt\u00fcs\u00fcne maruz kalacak ve belki de devrimci k\u00fclt\u00fcrden so\u011fuyacakt\u0131r. Diyece\u011fim o ki, daha ihtiyatl\u0131 bir s\u00f6ylem belirgin k\u0131l\u0131nmal\u0131 ve se\u00e7im sonras\u0131 da dikkate al\u0131narak toplumla bu s\u00f6ylem \u00fczerinden temas kurulmal\u0131d\u0131r. Nihayet Lenin\u2019e g\u00f6re devrimi yapmak ve ya\u015famak, devrim \u00fczerine kitaplar yazmak ve saatlerce g\u00fczel s\u00f6z s\u00f6ylemekten daha de\u011ferlidir.Bildi\u011fimiz gibi Erkan Ba\u015f ve arkada\u015flar\u0131 (biri hari\u00e7) HDP listelerinden ve elbette ki esasen bu partinin se\u00e7menleri taraf\u0131ndan meclise ta\u015f\u0131nd\u0131. D\u0131\u015far\u0131dan bakt\u0131\u011f\u0131m\u0131zda al\u0131nan oy ile T\u0130P\u2019in oyu aras\u0131nda bir ba\u011f\u0131n s\u00f6z konusu olmad\u0131\u011f\u0131 a\u015fikar. G\u00f6n\u00fcll\u00fc, ittifak temelli bir se\u00e7im oldu\u011fu i\u00e7in 3-5 bin oyu olmas\u0131na ra\u011fmen 200-300 bin oyla se\u00e7ilmi\u015f milletvekillerinin bulunmas\u0131 bir sorun olarak g\u00f6r\u00fclmemelidir. Son s\u00fcre\u00e7te T\u0130P\u2019in oylar\u0131nda bir artma da olmu\u015f olabilir. 10 binleri de bulabilir \u015fimdiki oy say\u0131s\u0131. Ama bir milletvekili \u00e7\u0131karabilmek i\u00e7in imkans\u0131z bir nicelikte oldu\u011fu da bir realite. \u00c7\u00fcnk\u00fc daha \u00f6nce bir\u00e7ok \u00e7evre bunu denedi. Ba\u015far\u0131s\u0131z olundu. Ba\u015f ise T\u0130P\u2019in oyunun en az bir milyon oldu\u011funu s\u00f6yl\u00fcyor ki, g\u00fclmemek i\u00e7in insan kendini zor tutuyor.Genel Ba\u015fkan\u0131n konu\u015fmalar\u0131na bak\u0131l\u0131rsa hi\u00e7 de bu g\u00fcl\u00fcmseten ger\u00e7ekli\u011fin fark\u0131nda oldu\u011fu s\u00f6ylenemez. Ba\u015f\u2019\u0131n, programdaki konu\u015fmas\u0131na bak\u0131nca \u201cu\u00e7mu\u015f, ayaklar\u0131 yerde de\u011fil\u201d dedim. Bu \u201cu\u00e7u\u015f\u201d, sunucuya da problemli gelmi\u015f olacak ki, \u201cciddi misiniz?\u201d diye sormak zorunda kald\u0131. Zira Ba\u015f, kendi partisi i\u00e7in y\u00fczde \u00fc\u00e7l\u00fck be\u015flik oydan, onlarca milletvekilinden s\u00f6z ediyor. Diyece\u011fim \u015fu ki T\u00fcrkiye halen k\u00fc\u00e7\u00fck burjuvalar \u00fclkesi. K\u00fc\u00e7\u00fck burjuvazi, kendisini dev aynas\u0131nda g\u00f6r\u00fcr ve her \u015feyi de kendisiyle ba\u015flat\u0131r kendisiyle bitirir! K\u00fc\u00e7\u00fck burjuvazi olmazsa insanl\u0131k bir ad\u0131m bile ileri gidemez!HDP Adaylar\u0131 DesteklenebilirHa\u2026 Ben bu ele\u015ftirel bak\u0131\u015f\u0131 getirsem de halen \u00fclkemizin siyasal arenas\u0131nda HDP\u2019nin i\u00e7inde ve ba\u015f\u0131nda oldu\u011fu T\u0130P\u2019in ve di\u011fer sol \u00e7evrelerin olu\u015fturdu\u011fu yap\u0131y\u0131 devrimci-demokratik \u00e7izgi olarak g\u00f6r\u00fcyorum. Se\u00e7imlerde de sermayenin \u201csek\u00fcler fa\u015fist\u201d ve \u201cdinci fa\u015fist\u201d partilerine kar\u015f\u0131 HDP adaylar\u0131n\u0131n desteklenmesi gerekti\u011fine inan\u0131yorum. Se\u00e7imleri Ba\u015f kadar \u00f6nemseyen birisi olmasam da, d\u00fc\u015f\u00fcncem bu \u015fekildedir. \u015eunu da eklemek gerekir ki, genelde s\u00f6ylendi\u011fi \u00fczere, Ba\u015f\u2019\u0131n da zannetti\u011fi gibi m\u00fccadele \u00fc\u00e7 blok aras\u0131nda de\u011fil iki blok ve s\u0131n\u0131f aras\u0131nda olacakt\u0131r: Sermaye partilerinin taban\u0131n\u0131 da harekete ge\u00e7irip kendisine \u00e7ekmesi gereken, bile\u015fenleriyle birlikte HDP ve di\u011ferleri.Erkan Ba\u015f\u2019\u0131n, kendisine y\u00f6neltilen sorular\u0131 elli y\u0131l, y\u00fcz y\u0131l gerilere giderek yan\u0131tlamas\u0131 da bana ilgin\u00e7 geldi. Bug\u00fcn\u00fcn \u00fclke ve d\u00fcnya sorunlar\u0131n\u0131 1970\u2019lerden hareketle \u00e7\u00f6zmeyi \u00f6nermesi d\u00fc\u015f\u00fcnd\u00fcr\u00fcc\u00fc. Elli y\u0131l \u00f6nceki T\u0130P y\u00fczde \u00fc\u00e7 oy ald\u0131\u011f\u0131 i\u00e7in T\u00fcrk egemen s\u0131n\u0131flar\u0131na k\u00f6k s\u00f6kt\u00fcrm\u00fc\u015f, ayn\u0131 oy bug\u00fcn de al\u0131n\u0131rsa benzer sonu\u00e7 \u00e7\u0131karm\u0131\u015f! Ba\u015f\u2019a g\u00f6re T\u0130P tecr\u00fcbesini art\u0131r\u0131yor ama T\u00fcrk egemen s\u0131n\u0131flar\u0131 yerinde say\u0131yor galiba! S\u0131n\u0131f m\u00fccadelesi, i\u015f\u00e7i s\u0131n\u0131f\u0131 devrimi t\u00fcr\u00fcnden sorular\u0131 1923\u2019lerden yola \u00e7\u0131karak yan\u0131tlamas\u0131 da ba\u015fka bir handikap.Erkan Ba\u015f, 1923\u2019\u00fc devrim zannetti\u011fine g\u00f6re bug\u00fcnk\u00fc h\u00fck\u00fcmeti devirmeyi de devrim zannediyor san\u0131r\u0131m. Devrim teorisindeki bulan\u0131kl\u0131k gibi genel bir bilin\u00e7 bulan\u0131kl\u0131\u011f\u0131 da kendini hissettiriyor. 1923\u2019e at\u0131f yaparak; kom\u00fcnistlerin \u00f6nc\u00fcl\u00fc\u011f\u00fcnde olacak bir devrimin bu \u015fekilde karikat\u00fcrize edilmesi olduk\u00e7a d\u00fc\u015f\u00fcnd\u00fcr\u00fcc\u00fcd\u00fcr. Bir yandan Deniz, Kaypakkaya, Mahir gibi isimleri and\u0131 programda hemen ard\u0131ndan da Mustafa Kemal\u2019i ekledi. Ba\u015f\u2019a g\u00f6re T\u00fcrkiye\u2019de devrim yapmak m\u00fcmk\u00fcnd\u00fcr; \u00e7\u00fcnk\u00fc zaten ilki 1923\u2019te yap\u0131lm\u0131\u015fm\u0131\u015f! G\u00fcl\u00fcn\u00e7!K\u00fcrt Ulusu K\u00fcrt Halk\u0131ndan Fazlad\u0131r.Acaba K\u00fcrt sorunu ve K\u00fcrt ulusal hareketi i\u00e7in ne s\u00f6yleyecek diye beklerken \u201cK\u00fcrt halk\u0131n\u0131n b\u00fcy\u00fck sorunlar\u0131 var\u201d diyerek devam etti konu\u015fmas\u0131na. Sonra T\u00fcrk ve K\u00fcrt emek\u00e7ilerinin birle\u015fmesinden yana oldu\u011funu vurgulad\u0131. Bu noktada da \u201cK\u00fcrt ulusu\u201d yoktu, \u201cK\u00fcrt emek\u00e7ileri\u201d vard\u0131 konu\u015fmas\u0131nda. \u201cHalk\u201d, \u201cemek\u00e7i\u201d ve \u201culus\u201d gibi kavramlar\u0131 umar\u0131m dalg\u0131nl\u0131kla birbirine kar\u0131\u015ft\u0131rmam\u0131\u015ft\u0131r. \u00c7\u00fcnk\u00fc ittifak etti\u011fi parti yaln\u0131zca K\u00fcrt halk\u0131 ve K\u00fcrt emek\u00e7i s\u0131n\u0131flar\u0131 i\u00e7in de\u011fil K\u00fcrt ulusunun talepleri i\u00e7in de m\u00fccadele ediyor. K\u00fcrt ulusu K\u00fcrt halk\u0131ndan fazlad\u0131r.Ba\u015f\u2019\u0131n, \u00e7izdi\u011fi yolu ve hayal etti\u011fi sosyalizmi d\u00fc\u015f\u00fcn\u00fcnce HDP merkezli bu olu\u015fuma katk\u0131 yapan hareketlerin, dolay\u0131s\u0131yla ittifak\u0131n nicelikten \u00e7ok niteli\u011fe ihtiyac\u0131 oldu\u011funu bir kez daha d\u00fc\u015f\u00fcnd\u00fcm. Yani \u00e7ok say\u0131da grubun bir araya gelmesindense ve y\u00fczlerce milletvekili \u00e7\u0131kartmaktansa Lenin\u2019in dedi\u011fi gibi \u201caz olsun \u00f6z olsun\u201d siyasetini benimsemek en do\u011frusu.Yine bir soru \u00fczerine Ba\u015f\u2019\u0131n, HDP\u2019yi s\u0131n\u0131fsal talepler i\u00e7in de m\u00fccadele eden hareket olarak de\u011ferlendirmesi, e\u011fer inanarak s\u00f6ylediyse, bence \u00f6nemli oldu. Program boyunca Aysever\u2019in manal\u0131, bazen de k\u0131\u015fk\u0131rt\u0131c\u0131 sorular\u0131na kar\u015f\u0131l\u0131k \u201cHDP, d\u00fczen partisi de\u011fildir, d\u00fczenin hedefindeki partidir, binlerce \u00fcyesi zindanlardad\u0131r\u201d demesi, Ba\u015f\u2019\u0131n programdaki en ileri ifadeleri oldu. \u0130ttifaka neden dahil olduklar\u0131n\u0131 a\u00e7\u0131klarken de \u201czaten sokaktaki m\u00fccadelede beraberiz. Parlamentoda da beraber olmam\u0131z do\u011fald\u0131r\u201d dedikten sonra \u015funu belirtmesi de dikkatlerden ka\u00e7mad\u0131: HDP\u2019nin mecliste verdi\u011fi \u00f6nergelerin y\u00fczde 15-20\u2019si ulusal talepler i\u00e7inse y\u00fczde sekseni T\u00fcrk ve K\u00fcrt emek\u00e7ileri i\u00e7indir.Bu d\u00fc\u015f\u00fcnceleri \u00e7er\u00e7evesinde Ba\u015f\u2019a bak\u0131lacak olursa onun, son g\u00fcnlerde birle\u015ftikleri s\u00f6ylenen s\u00f6z\u00fcmona kom\u00fcnist ve sol partilerin -sosyal \u015fovenist g\u00fc\u00e7 birli\u011fi- zihniyetine oranla elbette ki ileri ve do\u011fru bir \u00e7izgide oldu\u011funu s\u00f6ylemek yanl\u0131\u015f olmayacakt\u0131r. Egemen siyasete kar\u015f\u0131 emek\u00e7ilerin siyasetini savunaca\u011f\u0131z demesi de san\u0131r\u0131m izleyicinin ilgisini \u00e7ekmi\u015ftir. Keza sosyalizme inanc\u0131n\u0131n tam oldu\u011funu s\u00f6ylerken de samimi bir ruh d\u00fcnyas\u0131ndayd\u0131 denilebilir. Ne var ki, gev\u015fek ve genelleme i\u00e7inde de olsa s\u00f6ylenen bu anlaml\u0131 ifadeler uzla\u015fmac\u0131, sistem i\u00e7i g\u00f6r\u00fc\u015fler i\u00e7inde buharla\u015fm\u0131\u015ft\u0131r.D\u00fczeni\u00e7i Programlar ve D\u00fczeni\u00e7i SorularAysever\u2019in, Ba\u015f\u2019\u0131 s\u0131kl\u0131kla 6\u2019l\u0131 masa ve K\u0131l\u0131\u00e7daro\u011flu lehine konu\u015fmas\u0131n\u0131 istedi\u011fi de g\u00f6zlerden ka\u00e7mad\u0131. Ba\u015f ise her hal\u00fckarda bug\u00fcnk\u00fc h\u00fck\u00fcmete kar\u015f\u0131 pozisyon alacaklar\u0131n\u0131, \u201cuygun aday\u201d olursa daha ilk turda bile 6\u2019l\u0131 masan\u0131n aday\u0131n\u0131 destekleyeceklerini s\u00f6yledi. Bu yan\u0131t Aysever\u2019i rahatlatt\u0131! Yine d\u00fczeni\u00e7i sorulardan birisi de Ba\u015f\u2019\u0131n, bir cenazede neden elini havaya a\u00e7arak dinsel bir poz verdi\u011fi oldu. Konuk, soruyu olgunlukla kar\u015f\u0131lad\u0131 ve kan\u0131mca makul bir de yan\u0131t verdi. Bu tart\u0131\u015fmay\u0131 duyunca da dedim ki, T\u00fcrk egemen s\u0131n\u0131flar\u0131 eskiden oldu\u011fu gibi toplumu halen \u201cdinci gericiler\u201d ile \u201claik gericiler\u201d aras\u0131nda b\u00f6lmeye devam ediyor.Sorular gibi programda bana kal\u0131rsa d\u00fczeni\u00e7i bir programd\u0131. \u00c7\u00fcnk\u00fc Aysever \u0131srarla K\u0131l\u0131\u00e7daro\u011flu\u2019nu, Ba\u015f\u2019a onaylatmak istiyordu. Konuk da \u201c\u0131l\u0131ml\u0131\u201d yan\u0131tlarla sunucunun g\u00f6nl\u00fcn\u00fc ok\u015famay\u0131 ihmal etmedi ve genellikle \u201cevet\u201d dedi. Pe\u015finden Meral Ak\u015fener\u2019i de onaylatmaya kalk\u0131\u015f\u0131nca san\u0131r\u0131m Genel Ba\u015fkan \u201cbu kadar\u0131 da olmaz\u201d dercesine itiraz etti ve Ak\u015fener ile kar\u015f\u0131t kutuplarda yer ald\u0131\u011f\u0131n\u0131 s\u00f6yledi. Sosyal \u015eovenizme Kar\u015f\u0131 SosyalizmZaman zaman Marksizm ve kom\u00fcnizm gibi terimlerin de havada u\u00e7u\u015ftu\u011fu programda olas\u0131 bir kom\u00fcnist devrimin nas\u0131l da yasal, uzla\u015fmac\u0131, parlamenterist bir \u00e7izgide var k\u0131l\u0131nd\u0131\u011f\u0131n\u0131 umar\u0131m izleyiciler de fark etmi\u015ftir. Genel Ba\u015fkan, emek, demokrasi ve sosyalizm m\u00fccadelesinin de se\u00e7imlerle ve parlamento ile ili\u015fkisini kurarken \u201cKom\u00fcnist ba\u015fkan Ma\u00e7o\u011flu\u201d ifadelerini kulland\u0131 ki s\u0131radanl\u0131\u011f\u0131n, pop\u00fclizmin bu kadar\u0131na pes do\u011frusu. Ba\u015f, kom\u00fcnizmi nas\u0131l bir sistem zannediyor acaba diye sormadan edemedim. Elbette bunlar Marx, Lenin, Mao gibi teorisyen ve eylemcilerin sosyalizm anlay\u0131\u015f\u0131yla ilgili de\u011fil.Benim anlad\u0131\u011f\u0131m Ba\u015f, kamuculu\u011fu, belediyecili\u011fi, parlamentoya girmeyi kom\u00fcnizmle ili\u015fkilendiren, bir nevi Post-Marksist g\u00f6r\u00fc\u015fleri savunuyor galiba. Oysa Mao Zedung, \u00c7in\u2019deki s\u0131n\u0131f m\u00fccadelesinden \u00e7\u0131kard\u0131\u011f\u0131 tecr\u00fcbe ile \u015funlar\u0131 savunmu\u015ftur: \u201cDevrim, bir ziyafet vermek, bir makale yazmak, bir resim \u00e7izmek veya bir nak\u0131\u015f i\u015flemek de\u011fildir. Devrim o zariflikle, o rahatl\u0131k ve naziklikle veya o kadar tatl\u0131l\u0131k sevecenlik, terbiye, ihtiyat, ruh c\u00f6mertli\u011fi ile ba\u015far\u0131lamaz. Devrim, bir ayaklanmad\u0131r, bir s\u0131n\u0131f\u0131n ba\u015fka bir s\u0131n\u0131f\u0131 devirdi\u011fi bir \u015fiddet hareketidir.\u201dBana \u00f6yle geldi ki Genel Ba\u015fkan, ittifak yapt\u0131\u011f\u0131 partiyi bile detayl\u0131 tan\u0131m\u0131yor, yeterince bilince \u00e7\u0131karm\u0131\u015f de\u011fil. HDP\u2019nin arkas\u0131nda ve paralelinde 50 y\u0131ld\u0131r radikal bir m\u00fccadele y\u00fcr\u00fct\u00fcld\u00fc\u011f\u00fc, her g\u00fcn her an nice bedeller \u00f6dendi\u011fi de detayl\u0131 bir \u015fekilde biliniyor de\u011fil. Yine de T\u0130P\u2019in ve Erkan Ba\u015f\u2019\u0131n, bir\u00e7ok k\u00fc\u00e7\u00fck burjuva devrimci dergi, gazete, \u00f6rg\u00fct t\u00fcr\u00fcnden hareketlere oranla \u00fclke ger\u00e7eklerine temas etti\u011fi s\u00f6ylenebilir. Zira bir\u00e7ok kafas\u0131n\u0131 kuma sokmu\u015f sol, marjinal \u00e7evrelerin \u201cdevrim yapaca\u011f\u0131z K\u00fcrtleri \u00f6zg\u00fcrle\u015ftirece\u011fiz\u201d t\u00fcr\u00fcnden sosyal \u015f\u00f6venist politikalar\u0131na kar\u015f\u0131, devrimci bir \u00e7izgide yer almaktad\u0131r. Bitireyim. Se\u00e7imler ve parlamentoya girmek \u00f6nemlidir ama bu asla her\u015fey de\u011fildir. Ba\u015f ve arkada\u015flar\u0131n\u0131n mecliste olmas\u0131 de\u011ferlidir; fakat bu durum \u201cher \u015feyin \u00e7ok g\u00fczel olaca\u011f\u0131\u201d anlam\u0131na gelmez. Se\u00e7imlerin tecr\u00fcbesinden yararlanmak gerekiyor. \u00d6rne\u011fin son \u0130stanbul se\u00e7imlerini d\u00fc\u015f\u00fcnelim. Bu se\u00e7imlerde bilindi\u011fi gibi sermaye partisinin aday\u0131 desteklendi; \u201cyanl\u0131\u015ft\u0131\u201d demiyorum ama \u00f6te yandan \u201cher \u015feyin \u00e7ok g\u00fczel oldu\u011fu\u201d da s\u00f6ylenemez. Bu nedenle se\u00e7imlerin devrim ve sosyalizm ile ili\u015fkisini kurarken \u00f6l\u00e7\u00fcl\u00fc ve ihtiyatl\u0131 olunmas\u0131 gerekti\u011fi kanaatindeyim.<\/p>\n\n\n\n<p>FacebookTwitterEmailPayla\u015f<\/p>\n\n\n\n<p><strong>Kaynak: Mehmet Akkaya&#8217;n\u0131n Facebook sayfas\u0131ndan al\u0131nm\u0131\u015ft\u0131r.<\/strong><\/p>\n","protected":false},"excerpt":{"rendered":"<p>ERKAN BA\u015e, SE\u00c7\u0130MLER VE SOSYAL\u0130ZM Per\u015fembe ak\u015fam\u0131 yemek yerken televizyona bakay\u0131m dedim; a\u00e7t\u0131\u011f\u0131mda T\u0130P Genel Ba\u015fkan\u0131 Erkan Ba\u015f ile Enver Aysever\u2019i g\u00f6rd\u00fcm (25 A\u011fustos 2022). Parti, devrim, emek, bar\u0131\u015f, \u00f6zg\u00fcrl\u00fck gibi s\u00f6zc\u00fckler beni provoke etti ve tam zaplayacakken kumanda elimden yava\u015f ve sessiz bir bi\u00e7imde kayd\u0131. Program\u0131 izlemeye ba\u015flay\u0131nca s\u00f6ylenen s\u00f6zlerin, savunulan g\u00f6r\u00fc\u015flerin s\u0131\u011fl\u0131\u011f\u0131, s\u0131radanl\u0131\u011f\u0131 &hellip;<\/p>\n","protected":false},"author":4,"featured_media":4778,"comment_status":"closed","ping_status":"closed","sticky":false,"template":"","format":"standard","meta":[],"categories":[114,43,113,59,54,58,41,42,111,55,112,40],"tags":[],"_links":{"self":[{"href":"http:\/\/www.dengekurdistan.de\/index.php?rest_route=\/wp\/v2\/posts\/4769"}],"collection":[{"href":"http:\/\/www.dengekurdistan.de\/index.php?rest_route=\/wp\/v2\/posts"}],"about":[{"href":"http:\/\/www.dengekurdistan.de\/index.php?rest_route=\/wp\/v2\/types\/post"}],"author":[{"embeddable":true,"href":"http:\/\/www.dengekurdistan.de\/index.php?rest_route=\/wp\/v2\/users\/4"}],"replies":[{"embeddable":true,"href":"http:\/\/www.dengekurdistan.de\/index.php?rest_route=%2Fwp%2Fv2%2Fcomments&post=4769"}],"version-history":[{"count":4,"href":"http:\/\/www.dengekurdistan.de\/index.php?rest_route=\/wp\/v2\/posts\/4769\/revisions"}],"predecessor-version":[{"id":4782,"href":"http:\/\/www.dengekurdistan.de\/index.php?rest_route=\/wp\/v2\/posts\/4769\/revisions\/4782"}],"wp:featuredmedia":[{"embeddable":true,"href":"http:\/\/www.dengekurdistan.de\/index.php?rest_route=\/wp\/v2\/media\/4778"}],"wp:attachment":[{"href":"http:\/\/www.dengekurdistan.de\/index.php?rest_route=%2Fwp%2Fv2%2Fmedia&parent=4769"}],"wp:term":[{"taxonomy":"category","embeddable":true,"href":"http:\/\/www.dengekurdistan.de\/index.php?rest_route=%2Fwp%2Fv2%2Fcategories&post=4769"},{"taxonomy":"post_tag","embeddable":true,"href":"http:\/\/www.dengekurdistan.de\/index.php?rest_route=%2Fwp%2Fv2%2Ftags&post=4769"}],"curies":[{"name":"wp","href":"https:\/\/api.w.org\/{rel}","templated":true}]}}