{"id":4747,"date":"2022-08-17T02:39:22","date_gmt":"2022-08-17T00:39:22","guid":{"rendered":"http:\/\/www.dengekurdistan.de\/?p=4747"},"modified":"2022-08-17T02:39:24","modified_gmt":"2022-08-17T00:39:24","slug":"kuertler-oelecek-baris-oezguerluek-ve-mutluluk-gelecek-heybet-akdogan","status":"publish","type":"post","link":"http:\/\/www.dengekurdistan.de\/?p=4747","title":{"rendered":"&#8221;K\u00dcRTLER \u00d6LECEK; BARI\u015e, \u00d6ZG\u00dcRL\u00dcK VE MUTLULUK GELECEK&#8221; Heybet AKDO\u011eAN"},"content":{"rendered":"\n<p>\/\/K\u00fcrtler \u00f6lecek; bar\u0131\u015f, \u00f6zg\u00fcrl\u00fck ve mutluluk gelecek\/\/<\/p>\n\n\n\n<p>Y\u00fczle\u015ftik\u00e7e kendinden ka\u00e7an, ka\u00e7t\u0131k\u00e7a; sosyal, ekonomik, politik ve k\u00fclt\u00fcrel y\u0131k\u0131mlardan kurtulamayan her zamanki T\u00fcrkiye ger\u00e7e\u011fini ya\u015fayamaya devam ediyoruz.<\/p>\n\n\n\n<p>Cumhuriyet d\u00f6nemi ve \u00e7ok \u00f6ncesinden beri, devletin ve milliyet\u00e7i kesimlerin her zaman kar\u015f\u0131 kar\u015f\u0131ya oldu\u011fu K\u00fcrt sorunu b\u00fcy\u00fcyor.<\/p>\n\n\n\n<p>S\u00f6z\u00fcn asl\u0131n\u0131 s\u00f6ylemek gerekirse; K\u00fcrt sorunu \u00e7oktan sorun olmaktan \u00e7\u0131k\u0131p, \u00f6l\u00fcmlerin ve katliamlar\u0131n canl\u0131 tutulan eylemi olmu\u015ftur. \u00c7\u00fcnk\u00fc K\u00fcrtlerin varl\u0131\u011f\u0131 yaln\u0131zca \u00f6l\u00fcmler, katliamlar ve s\u00fcrg\u00fcnlerle izah edilebilir.<\/p>\n\n\n\n<p>Tarih ve bug\u00fcn, bu ger\u00e7ekten ba\u015fka somut veriler sunmuyor bize.<\/p>\n\n\n\n<p>Uygarl\u0131\u011f\u0131n varolu\u015f kayna\u011f\u0131 olan sava\u015flar\u0131n devam\u0131 ve bu s\u00fcreklili\u011fin \u00f6zellikle K\u00fcrtler \u00fczerinde kal\u0131c\u0131la\u015fmas\u0131, d\u00fcnyan\u0131n her yerinde ya\u015fayan insanlar\u0131n vicdan\u0131nda ve haf\u0131zas\u0131nda hep taze kalan bir insanl\u0131k dram\u0131n\u0131 diri tutmaya devam ediyor.<\/p>\n\n\n\n<p>\u0130nsanl\u0131\u011f\u0131n h\u00e2l\u00e2 kanayan yaras\u0131 olan K\u00fcrt varl\u0131\u011f\u0131n\u0131n ink\u00e2r\u0131 ve imhas\u0131, emperyalist g\u00fc\u00e7lerin ve emperyal g\u00fc\u00e7lerin ma\u015fas\u0131 olan Erdo\u011fan iktidar\u0131n\u0131n son yirmi y\u0131ldan fazlad\u0131r ayr\u0131cal\u0131kl\u0131 hedefinde. Bu ama\u00e7la; K\u00fcrd\u00fcn \u00f6l\u00fcm\u00fcyle gelecek olan; bar\u0131\u015f, \u00f6zg\u00fcrl\u00fck ve mutluluk d\u00fc\u015fleri, T\u00fcrkiye milliyet\u00e7ilerinin ise en kutsal inanc\u0131.<\/p>\n\n\n\n<p>K\u00fcrd\u00fcn imhas\u0131 art\u0131k \u00f6yle bir h\u00e2le gelmi\u015f ki; namaz k\u0131lan bir\u00e7ok insan, huzur ad\u0131na dualar ederken; &#8220;Allah&#8217;\u0131m bizi, bizden olmayanlardan koru&#8221; s\u00f6ylemiyle, iste\u011fini ilahi bir arzu mertebesine y\u00fcceltmi\u015f durumda. Bu ger\u00e7e\u011fi, toplumsal ya\u015famda, cuma namazlar\u0131nda okunan hutbelerde g\u00f6rmek ve duymak olduk\u00e7a s\u0131radanla\u015fm\u0131\u015f bir hakikat.<\/p>\n\n\n\n<p>Baz\u0131lar\u0131m\u0131z bu ger\u00e7e\u011fe &#8220;bizden olmayan&#8221; vurgusuyla kar\u015f\u0131 tepki verebilirler. Fakat, bu tepki istenildi\u011fi kadar, &#8221; bizden olmayan&#8221;dan kast\u0131n K\u00fcrtler olmad\u0131\u011f\u0131 y\u00f6n\u00fcnde ele\u015ftiriler olsa da; \u015fimdiye kadar, T\u00fcrkiye&#8217;de her t\u00fcrl\u00fc z\u00fblme maruz kalanlar\u0131n K\u00fcrtler oldu\u011fu ger\u00e7e\u011fini \u00e7\u00fcr\u00fctemez.<\/p>\n\n\n\n<p>K\u00fcrt\u00e7e bir t\u00fcrk\u00fc s\u00f6yleyenin dahi vuruldu\u011fu bir \u00fclkede, bu ger\u00e7e\u011fi yok saymak nas\u0131l m\u00fcmk\u00fcn olabilir?<\/p>\n\n\n\n<p>K\u00fcrtlerin nefes ald\u0131\u011f\u0131 her yerde \u00f6l\u00fcm kokusunun olmamas\u0131 tarihin hi\u00e7bir d\u00f6neminde zuhur etmemi\u015ftir?<\/p>\n\n\n\n<p>Bu \u00f6l\u00fcm kokusu, T\u00fcrk fa\u015fizminin o kadar sevdi\u011fi bir koku ki; T\u00fcrkiye s\u0131n\u0131rlar\u0131 d\u0131\u015f\u0131nda ya\u015fayan K\u00fcrtleri dahi t\u00fcm duyusal y\u00f6nden hedef alm\u0131\u015f durumda.<\/p>\n\n\n\n<p>D\u00fcn ya\u015fad\u0131\u011f\u0131m\u0131z ac\u0131 bir K\u00fcrt ger\u00e7e\u011fi bu hakikati yine g\u00f6zler \u00f6n\u00fcne serdi. AKP-MHP fa\u015fizmi taraf\u0131ndan, Kobane&#8217;deki Suriye askeri noktas\u0131n\u0131n vurulmas\u0131 sonucu \u00f6lenler ve yaralananlar, yine insan sevgisi ( K\u00fcrt sevgisi ) ni y\u00fcre\u011finde ta\u015f\u0131yanlar\u0131n vicdan\u0131n\u0131 s\u0131zlatt\u0131.<\/p>\n\n\n\n<p>Bu sald\u0131r\u0131da oniki ya\u015f\u0131ndaki bir \u00e7ocu\u011fun foto\u011fraftaki \u00f6l\u00fcm karesi, anlat\u0131lamayacak derecede olan her zamanki T\u00fcrk fa\u015fist vah\u015fetinin resmi.<\/p>\n\n\n\n<p>K\u00fcrtlerin ac\u0131s\u0131 devam ediyor. K\u00fcrtler \u00f6l\u00fcyor, K\u00fcrtler katlediliyor. T\u00fcrk milliyet\u00e7ileri ve fa\u015fist iktidar, K\u00fcrtler \u00f6ld\u00fcrd\u00fck\u00e7e, T\u00fcrkiye halk\u0131na, bir halk\u0131n \u00f6l\u00fcm\u00fc \u00fczerinden; bar\u0131\u015f, mutluluk ve \u00f6zg\u00fcrl\u00fck vadediyor.<br>(17.08.2022)<br>Heybet AKDO\u011eAN<\/p>\n\n\n\n<p>Kaynak:  Heybet Akdo\u011fan&#8217;n\u0131n Fecabook sayfas\u0131ndan al\u0131nm\u0131\u015ft\u0131r. <\/p>\n","protected":false},"excerpt":{"rendered":"<p>\/\/K\u00fcrtler \u00f6lecek; bar\u0131\u015f, \u00f6zg\u00fcrl\u00fck ve mutluluk gelecek\/\/ Y\u00fczle\u015ftik\u00e7e kendinden ka\u00e7an, ka\u00e7t\u0131k\u00e7a; sosyal, ekonomik, politik ve k\u00fclt\u00fcrel y\u0131k\u0131mlardan kurtulamayan her zamanki T\u00fcrkiye ger\u00e7e\u011fini ya\u015fayamaya devam ediyoruz. Cumhuriyet d\u00f6nemi ve \u00e7ok \u00f6ncesinden beri, devletin ve milliyet\u00e7i kesimlerin her zaman kar\u015f\u0131 kar\u015f\u0131ya oldu\u011fu K\u00fcrt sorunu b\u00fcy\u00fcyor. S\u00f6z\u00fcn asl\u0131n\u0131 s\u00f6ylemek gerekirse; K\u00fcrt sorunu \u00e7oktan sorun olmaktan \u00e7\u0131k\u0131p, \u00f6l\u00fcmlerin ve &hellip;<\/p>\n","protected":false},"author":4,"featured_media":4748,"comment_status":"closed","ping_status":"closed","sticky":false,"template":"","format":"standard","meta":[],"categories":[43,113,59,54,58,57,41,42,111,55,112],"tags":[],"_links":{"self":[{"href":"http:\/\/www.dengekurdistan.de\/index.php?rest_route=\/wp\/v2\/posts\/4747"}],"collection":[{"href":"http:\/\/www.dengekurdistan.de\/index.php?rest_route=\/wp\/v2\/posts"}],"about":[{"href":"http:\/\/www.dengekurdistan.de\/index.php?rest_route=\/wp\/v2\/types\/post"}],"author":[{"embeddable":true,"href":"http:\/\/www.dengekurdistan.de\/index.php?rest_route=\/wp\/v2\/users\/4"}],"replies":[{"embeddable":true,"href":"http:\/\/www.dengekurdistan.de\/index.php?rest_route=%2Fwp%2Fv2%2Fcomments&post=4747"}],"version-history":[{"count":1,"href":"http:\/\/www.dengekurdistan.de\/index.php?rest_route=\/wp\/v2\/posts\/4747\/revisions"}],"predecessor-version":[{"id":4752,"href":"http:\/\/www.dengekurdistan.de\/index.php?rest_route=\/wp\/v2\/posts\/4747\/revisions\/4752"}],"wp:featuredmedia":[{"embeddable":true,"href":"http:\/\/www.dengekurdistan.de\/index.php?rest_route=\/wp\/v2\/media\/4748"}],"wp:attachment":[{"href":"http:\/\/www.dengekurdistan.de\/index.php?rest_route=%2Fwp%2Fv2%2Fmedia&parent=4747"}],"wp:term":[{"taxonomy":"category","embeddable":true,"href":"http:\/\/www.dengekurdistan.de\/index.php?rest_route=%2Fwp%2Fv2%2Fcategories&post=4747"},{"taxonomy":"post_tag","embeddable":true,"href":"http:\/\/www.dengekurdistan.de\/index.php?rest_route=%2Fwp%2Fv2%2Ftags&post=4747"}],"curies":[{"name":"wp","href":"https:\/\/api.w.org\/{rel}","templated":true}]}}