{"id":4571,"date":"2022-06-06T22:42:34","date_gmt":"2022-06-06T20:42:34","guid":{"rendered":"http:\/\/www.dengekurdistan.de\/?p=4571"},"modified":"2022-06-06T22:42:36","modified_gmt":"2022-06-06T20:42:36","slug":"dirilerin-uykusu-1-heybet-akdogan","status":"publish","type":"post","link":"http:\/\/www.dengekurdistan.de\/?p=4571","title":{"rendered":"D\u0130R\u0130LER\u0130N UYKUSU 1! Heybet Akdo\u011fan"},"content":{"rendered":"\n<p><strong>Dirilerin uykusu-1<\/strong><br><br>\u00c7ocuklu\u011fum da yaz tatillerini k\u00f6yde ge\u00e7irirdim.\u00a0 O zamanlar k\u00f6y\u00fcm\u00fcze \u00e7er\u00e7iler gelirdi. Biz \u00e7ocuklar i\u00e7in; \u015feker, \u00e7ikolota vb. b\u00fcy\u00fcklerimiz\u00a0 i\u00e7inse; tuhafiye \u00fcr\u00fcnleri, terlik vb. \u00fcr\u00fcnleri getirirlerdi. K\u00f6y\u00fcn insanlar\u0131n\u0131n b\u00fcy\u00fck emekler vererek\u00a0 \u00fcrettikleri bu\u011fday, peynir, \u00e7\u00f6kelek, tereya\u011f\u0131 vb. \u00fcr\u00fcnler kar\u015f\u0131l\u0131\u011f\u0131nda \u00e7er\u00e7iler, satmak istedikleri e\u015fyalar\u0131 takas yaparlard\u0131. K\u00f6y\u00fcm\u00fcn insanlar\u0131n\u0131n kom\u00fcnal emekle ve g\u00fcnlerce\u00a0 yorularak \u00fcrettikleri \u00a0tar\u0131m ve s\u00fct \u00fcr\u00fcnlerini \u00e7er\u00e7iler, birka\u00e7 saatin i\u00e7inde kendi \u00fcr\u00fcnleriyle takas ederek ac\u0131mas\u0131zca al\u0131rlard\u0131.<br><br>Ac\u0131mas\u0131zca diyorum! \u00c7\u00fcnk\u00fc \u00e7er\u00e7ilerin takas ettikleri mallar, fabrikalarda seri bir \u015fekilde \u00fcretilen e\u015fyalard\u0131. O e\u015fyalar\u0131n seri \u00fcretiminde \u00e7al\u0131\u015fm\u0131\u015f binlerce i\u015f\u00e7inin s\u00f6m\u00fcr\u00fclerek d\u00f6k\u00fclm\u00fc\u015f al\u0131n terleri de vard\u0131. K\u00f6y\u00fcm\u00fcn insanlar\u0131 her hafta \u00e7er\u00e7ilerin yolunu g\u00f6zlese de; kendileri de fabrikalarda s\u00f6m\u00fcr\u00fclen i\u015f\u00e7iler gibiydiler. K\u00f6y\u00fcm\u00fcn \u00e7ocuklar\u0131 ve ben her\u00a0ne kadar\u00a0 \u00e7er\u00e7ilerden ald\u0131\u011f\u0131m\u0131z \u015feker ve \u00e7ikolatalar kar\u015f\u0131s\u0131nda sevinsek de, gelece\u011fimiz belliydi. Bizler de ilerde, fabrikalar da \u015feker ve \u00e7ikolata \u00fcreten k\u00f6lele\u015fmi\u015f i\u015f\u00e7iler olacakt\u0131k.<br><br>\u00c7er\u00e7iler, k\u00f6ylerimizde kapitalizmin hen\u00fcz feodal d\u00f6nemindeki seyyar t\u00fcccarlar\u0131yd\u0131.<br><br>Y\u0131llar sonra k\u00f6y\u00fcm\u00fcze \u00e7er\u00e7iler art\u0131k u\u011framaz oldular.\u00a0K\u00f6y\u00fcm\u00fczde, k\u00f6y\u00fcn bir\u00a0 insan\u0131 taraf\u0131ndan bakkal a\u00e7\u0131ld\u0131. \u00c7er\u00e7ilerin yapt\u0131\u011f\u0131 takas i\u015flemini k\u00f6y\u00fcm\u00fcz\u00fcn kendi insan\u0131 yapar oldu. Bakkal ekonomik bak\u0131mdan y\u00fckseldik\u00e7e uzun bir zaman sonra, k\u00f6yde s\u00f6z\u00fc say\u0131lan \u00f6nemli bir \u015fahsiyet oldu. Daha sonra k\u00f6y\u00fcm\u00fcz\u00fcn bakkal\u0131, k\u00f6y\u00fcm\u00fcz\u00fcn muhtar\u0131 oldu.<br>\u00a0\u00a0\u00a0\u00a0\u00a0\u00a0\u00a0\u00a0\u00a0\u00a0\u00a0<br>\u00a0\u00a0\u00a0\u00a0\u00a0\u00a0\u00a0\u00a0\u00a0\u00a0\u00a0\u00a0\u00a0\u00a0\u00a0\u00a0\u00a0\u00a0\u00a0\u00a0\u00a0\u00a0\u00a0\u00a0\u00a0\u00a0\u00a0\u00a0\u00a0\u00a0\u00a0\u00a0\u00a0\u00a0\u00a0\u00a0 ***<br><br>Almanya&#8217; da ilk \u00e7al\u0131\u015ft\u0131\u011f\u0131m Firma da T\u00fcrk bir ustaba\u015f\u0131\u2019m\u00a0 vard\u0131. Ta\u015feron i\u015f\u00e7i ( zeit arbeiter) olarak i\u015fe ba\u015flam\u0131\u015ft\u0131m. \u00c7al\u0131\u015fmam\u0131 be\u011fenen \u2018ustaba\u015f\u0131m benimle yak\u0131nl\u0131k kurdu.\u00a0Daha sonra \u00f6zel hayat\u0131ndan bahsetmeye ba\u015flayan ustaba\u015f\u0131m kendisinin bir Nak\u015fibendi tarikat\u0131 \u00fcyesi oldu\u011funu s\u00f6yledi. Malum! D\u00fcnya\u2019da ve\u00a0Avrupa&#8217;da tarikatlar yo\u011fun bir kitleye sahiptirler. Devletin halkla b\u00fct\u00fcnle\u015fmedi\u011fi her yerde ve toplumsal birlikte\u011fin ger\u00e7ekle\u015fmedi\u011fi bir toplumda\u00a0 tarikatlar, halka egemen olurlar. Ustaba\u015f\u0131m benim dini\u00a0 ya\u015fant\u0131dan uzak oldu\u011fumu anlay\u0131nca benimle daha \u00e7ok ilgilenmeye ba\u015flad\u0131.<br><br>\u015ea\u015f\u0131rmad\u0131m!\u00a0<br><br>Ustaba\u015f\u0131, dini gere\u011fi\u00a0 \u2018\u2019tebli\u011f\u2019\u2019 g\u00f6revini ifa etmeye \u00e7al\u0131\u015f\u0131yordu.\u00a0 Kendisini uzun bir zaman sab\u0131rla dinledim. Asl\u0131nda ben de anlamaya \u00e7al\u0131\u015fan biri olarak g\u00f6revimi yap\u0131yordum.\u00a0 Bir tarikat insan\u0131n\u0131 daha yak\u0131ndan tan\u0131ma imk\u00e2n\u0131 bulmu\u015ftum.<br><br>Anlatmakla sayfalar s\u00fcrecek birikimler elde ettim. Muhalif y\u00f6n\u00fcme tecr\u00fcbe olarak \u00e7ok faydal\u0131 birikimler edindim.<br><br>Bir g\u00fcn \u2018\u2019m\u00fcbarek ustaba\u015f\u0131m&#8221; bana bir soru sordu: Peygamberler d\u00f6neminde \u015eeytan, insanlar\u0131n ve ashab\u0131n i\u00e7inde dola\u015f\u0131rm\u0131\u015f. \u0130man\u0131 y\u00fcksek olanlar ve Peygamberler, \u015eeytan\u0131 tan\u0131rlarm\u0131\u015f. Art\u0131k \u015eeytan\u0131n g\u00fcn\u00fcm\u00fcz insanlar\u0131n\u0131n i\u00e7ine neden\u00a0 kar\u0131\u015fmad\u0131\u011f\u0131n\u0131 sordu? Ashab\u0131n ve peygamberlerin ya\u015fad\u0131\u011f\u0131 bir d\u00f6nemde ya\u015famad\u0131\u011f\u0131 i\u00e7in \u00fcz\u00fcld\u00fc\u011f\u00fcn\u00fc ifade etti.<br><br>Ben, ustaba\u015f\u0131m\u0131n sorusunu \u015f\u00f6yle cevaplad\u0131m:<br><br>Ustam, \u015eeytan\u0131 \u015fimdiki insanlar neden g\u00f6remiyorlar biliyor musun? \u00c7\u00fcnk\u00fc bir\u00e7ok insan\u0131n kendisi, tarif edilen \u015eeytan gibi, san\u0131r\u0131m bundan dolay\u0131 art\u0131k \u015eeytan\u0131 g\u00f6remiyorlar dedim.<br><br>Ustaba\u015f\u0131m\u0131n hi\u00e7 unutmam!.. bana bakarak \u00f6fkeli bir \u015fekilde,\u00a0sa\u011f g\u00f6zkapa\u011f\u0131 oldu\u011fundan fazla a\u00e7\u0131ld\u0131.<br><br>Anlam\u0131\u015ft\u0131m&#8230;art\u0131k, Firman\u0131n i\u00e7inde zor g\u00fcnler beni bekliyordu. Ustaba\u015f\u0131m nerede zor bir i\u015f varsa beni orada \u00e7al\u0131\u015ft\u0131rd\u0131. Makine y\u00f6neticisi iken beni makinelerden uzakla\u015ft\u0131rd\u0131.\u00a0G\u00fcn ge\u00e7tik\u00e7e \u00a0can\u0131m yan\u0131yordu. Ben Firmadan ayr\u0131lmay\u0131 d\u00fc\u015f\u00fcn\u00fcrken; ustaba\u015f\u0131m benden \u00f6nce onu da d\u00fc\u015f\u00fcnm\u00fc\u015f. Firman\u0131n sahibiyle konu\u015farak beni \u00a0i\u015ften att\u0131rd\u0131. Firman\u0131n sahibiyle ne konu\u015ftu bilmiyorum ama bana \u00f6nceden Firman\u0131n sahibinin \u2018\u2019Katolik\u2019\u2019 inan\u00e7l\u0131 biri oldu\u011funu\u00a0 ve kendisiyle inan\u00e7 konusunda \u00e7ok da iyi anla\u015fabildiklerini s\u00f6ylemi\u015fti.<br><br><br><\/p>\n","protected":false},"excerpt":{"rendered":"<p>Dirilerin uykusu-1\u00c7ocuklu\u011fum da yaz tatillerini k\u00f6yde ge\u00e7irirdim.\u00a0 O zamanlar k\u00f6y\u00fcm\u00fcze \u00e7er\u00e7iler gelirdi. Biz \u00e7ocuklar i\u00e7in; \u015feker, \u00e7ikolota vb. b\u00fcy\u00fcklerimiz\u00a0 i\u00e7inse; tuhafiye \u00fcr\u00fcnleri, terlik vb. \u00fcr\u00fcnleri getirirlerdi. K\u00f6y\u00fcn insanlar\u0131n\u0131n b\u00fcy\u00fck emekler vererek\u00a0 \u00fcrettikleri bu\u011fday, peynir, \u00e7\u00f6kelek, tereya\u011f\u0131 vb. \u00fcr\u00fcnler kar\u015f\u0131l\u0131\u011f\u0131nda \u00e7er\u00e7iler, satmak istedikleri e\u015fyalar\u0131 takas yaparlard\u0131. K\u00f6y\u00fcm\u00fcn insanlar\u0131n\u0131n kom\u00fcnal emekle ve g\u00fcnlerce\u00a0 yorularak \u00fcrettikleri \u00a0tar\u0131m ve &hellip;<\/p>\n","protected":false},"author":4,"featured_media":4572,"comment_status":"closed","ping_status":"closed","sticky":false,"template":"","format":"standard","meta":[],"categories":[43,59,54,57,41,42,55],"tags":[],"_links":{"self":[{"href":"http:\/\/www.dengekurdistan.de\/index.php?rest_route=\/wp\/v2\/posts\/4571"}],"collection":[{"href":"http:\/\/www.dengekurdistan.de\/index.php?rest_route=\/wp\/v2\/posts"}],"about":[{"href":"http:\/\/www.dengekurdistan.de\/index.php?rest_route=\/wp\/v2\/types\/post"}],"author":[{"embeddable":true,"href":"http:\/\/www.dengekurdistan.de\/index.php?rest_route=\/wp\/v2\/users\/4"}],"replies":[{"embeddable":true,"href":"http:\/\/www.dengekurdistan.de\/index.php?rest_route=%2Fwp%2Fv2%2Fcomments&post=4571"}],"version-history":[{"count":1,"href":"http:\/\/www.dengekurdistan.de\/index.php?rest_route=\/wp\/v2\/posts\/4571\/revisions"}],"predecessor-version":[{"id":4576,"href":"http:\/\/www.dengekurdistan.de\/index.php?rest_route=\/wp\/v2\/posts\/4571\/revisions\/4576"}],"wp:featuredmedia":[{"embeddable":true,"href":"http:\/\/www.dengekurdistan.de\/index.php?rest_route=\/wp\/v2\/media\/4572"}],"wp:attachment":[{"href":"http:\/\/www.dengekurdistan.de\/index.php?rest_route=%2Fwp%2Fv2%2Fmedia&parent=4571"}],"wp:term":[{"taxonomy":"category","embeddable":true,"href":"http:\/\/www.dengekurdistan.de\/index.php?rest_route=%2Fwp%2Fv2%2Fcategories&post=4571"},{"taxonomy":"post_tag","embeddable":true,"href":"http:\/\/www.dengekurdistan.de\/index.php?rest_route=%2Fwp%2Fv2%2Ftags&post=4571"}],"curies":[{"name":"wp","href":"https:\/\/api.w.org\/{rel}","templated":true}]}}