{"id":4378,"date":"2022-03-08T10:55:08","date_gmt":"2022-03-08T09:55:08","guid":{"rendered":"http:\/\/www.dengekurdistan.de\/?p=4378"},"modified":"2022-03-08T10:55:09","modified_gmt":"2022-03-08T09:55:09","slug":"sekiz-mart-vesilesiyle-kemal-bilget","status":"publish","type":"post","link":"http:\/\/www.dengekurdistan.de\/?p=4378","title":{"rendered":"SEK\u0130Z MART VES\u0130LES\u0130YLE! Kemal Bilget"},"content":{"rendered":"\n<p class=\"has-text-align-center\"><strong>SEK\u0130Z MART VES\u0130LES\u0130YLE<\/strong><\/p>\n\n\n\n<p>Bug\u00fcn sekiz Mart. Bug\u00fcn Emek\u00e7i Kad\u0131nlar G\u00fcn\u00fc. T\u00fcm emek\u00e7i kad\u0131nlar\u0131n EMEK\u00c7\u0130 KADINLAR G\u00dcN\u00dc kutlu olsun.<br>Biliniyor ya, ben yine de giri\u015f niyetine yazay\u0131m. Genel anlamda kad\u0131nlar g\u00fcn\u00fc de\u011fildir bug\u00fcn. Sermayeyle ve s\u00f6m\u00fcr\u00fcyle ilgili ve ilintili kad\u0131nlar\u0131n Sekiz Martla hi\u00e7 bir alakalar\u0131 yoktur. Yoktur \u00e7\u00fcnk\u00fc; 1857 y\u0131l\u0131nda ve ABD&#8217;de yanarak \u00f6l\u00fcme terkedilenler TEKST\u0130L \u0130\u015e\u00c7\u0130S\u0130 KADINLARDI. Y\u00fczyirmi kadar kad\u0131n i\u015f\u00e7i g\u00fcvenlik g\u00fc\u00e7lerinin ablukas\u0131 alt\u0131nda alevlere yenik d\u00fc\u015ft\u00fcler. T\u0131pk\u0131 Sivas Mad\u0131mak \u00f6telinde ayd\u0131nlar\u0131n yak\u0131lmas\u0131 olay\u0131nda oldu\u011fu gibi. Burjuvazinin her t\u00fcr\u00fcn\u00fcn Sekiz Mart\u0131n \u00f6z\u00fcn\u00fc bozmas\u0131na emek\u00e7i kad\u0131nlar izin vermemelidirler. Sizin olan size ait kalmal\u0131d\u0131r derim \u00f6zetle.<br>Bu kutlama ve hat\u0131rlatma giri\u015finden sonra, son g\u00fcnlerde kafama tak\u0131lan bir soruyu herkeslere sorarak yazmay\u0131 s\u00fcrd\u00fcreyim. Rusya \u2013 Ukrayna sava\u015f\u0131n\u0131n karar vericileri aras\u0131nda acaba kad\u0131nlar varm\u0131d\u0131r; varsa oranlar\u0131 ne kadard\u0131r; sava\u015f karar\u0131na muhalefet \u015ferhi koyan erkek say\u0131s\u0131 m\u0131, kad\u0131n say\u0131s\u0131 m\u0131 daha \u00e7oktur? Biliyorum, herkeslerde bilir; e\u011fer sava\u015f\u0131n karar vericileri aras\u0131nda kad\u0131nlar varsa bile, o kad\u0131nlar sermayenin emrindeki kad\u0131nlard\u0131r. Bu kimliklerine ra\u011fmen sava\u015f karar\u0131na muhalefet etme olas\u0131l\u0131klar\u0131n\u0131 ben yine de d\u00fc\u015f\u00fcn\u00fcyorum. \u00c7\u00fcnk\u00fc kad\u0131n olmak, \u00f6zellikle anne olmak, yanlar\u0131ndaki erkeklere g\u00f6re yine de bir ayr\u0131cal\u0131kt\u0131r. \u00d6yle d\u00fc\u015f\u00fcn\u00fcyorum. Sesli d\u00fc\u015f\u00fcnd\u00fcklerimi yazmay\u0131 s\u00fcrd\u00fcreyim.<br>S\u00fcmer yaz\u0131tlar\u0131na g\u00f6re yuvarlak rakamla sekiz bin y\u0131ldan buyana, G\u00f6beklitepe kal\u0131nt\u0131lar\u0131n\u0131n tarihlemesine g\u00f6re ise on\u00fc\u00e7 bin y\u0131ldan beri ailenin, her d\u00fczeydeki alt sosyal birimlerin, her t\u00fcrden devletin ve her t\u00fcrden \u00f6zel m\u00fclkiyetin y\u00f6netimini erkekler ellerinde bulunduruyorlar. Yani bunca zaman karar vericiler erkeklerdir. Her t\u00fcrden y\u00f6netme yetkisi; ayn\u0131 zamanda kararlar alma ve uygulama yetkisi demekte oldu\u011funa g\u00f6re, bilinen tarih i\u00e7erisindeki t\u00fcm sava\u015f kararlar\u0131n\u0131n ve uygulamalar\u0131n\u0131n oldu\u011fu kadar, insanl\u0131\u011fa ve do\u011faya kar\u015f\u0131 i\u015flenmi\u015f t\u00fcm su\u00e7lar\u0131n\u0131n sorumlular\u0131 belli de\u011fil mi.<br>Bir hat\u0131rlatma daha: Sava\u015f gibi b\u00fcy\u00fck su\u00e7lar hep kollektif ak\u0131l ve karar \u00fcr\u00fcn\u00fcd\u00fcr. Kollektif karar vericiler diyerek anlatmak istedi\u011fim yaln\u0131zca devlet y\u00f6neticileri de de\u011fildir. Her b\u00fcy\u00fck su\u00e7 karar\u0131n\u0131n aktif veya pasif sosyal yap\u0131 i\u00e7erisinde mutlaka destek\u00e7ileri vard\u0131r. Ve tered\u00fcts\u00fcz s\u00f6yleyeyim, o destek\u00e7ilerin de y\u00fczde doksan dokuzu erkelerdir. Uzatmadan, derinlere dalmadan s\u0131ralayay\u0131m.<\/p>\n\n\n\n<ul><li>\u0130lk kimlerle kimler aras\u0131nda yap\u0131ld\u0131\u011f\u0131n\u0131 bilmedi\u011fimiz sava\u015ftan Rusya \u2013 Ukrayna sava\u015f\u0131na gelinceye kadar yerk\u00fcremizde ya\u015fanm\u0131\u015f irili ufakl\u0131 t\u00fcm sava\u015flar\u0131n karar vericileri ve uygulay\u0131c\u0131lar\u0131 erkeklerdir. A\u00e7\u0131k ki,ya\u015fanm\u0131\u015f toplam sava\u015flar\u0131n yaratt\u0131\u011f\u0131 t\u00fcm y\u0131k\u0131mlardan da \u00f6zel m\u00fclkiyet ad\u0131na yetki kullanan erkekler sorumludurlar.<br>-Sava\u015f\u0131n ba\u015fka bi\u00e7imleri olan soyk\u0131r\u0131m, i\u015fgal, ilhak, s\u00f6m\u00fcrgele\u015ftirme, asimile etme vb.leri de insanl\u0131\u011fa kar\u015f\u0131 i\u015flenmi\u015f su\u00e7lardand\u0131r. Uza\u011fa gitmeden yazal\u0131m. Son y\u00fcz k\u00fcs\u00fcr y\u0131l ve TC. S\u0131n\u0131rlar\u0131 i\u00e7erisinde ya\u015fanm\u0131\u015f Ermeni, Rum, K\u00fcrd, S\u00fcryani, Ezidi, Alevi ve Hiristiyan k\u0131r\u0131mlar\u0131nda kad\u0131n karar vericiler yok gibidir.<\/li><li>\u0130\u015fkence insanl\u0131k su\u00e7udur, bilinir. Yani en a\u011f\u0131r su\u00e7lardand\u0131r. Yo\u011funlu\u011funda farkl\u0131l\u0131klar elbette vard\u0131r ama, t\u00fcm devletlerde i\u015fkence uyguland\u0131\u011f\u0131n\u0131 da herkesler bilir.T\u00fcrkiye i\u015fkence hanelerinde i\u015fkence g\u00f6rm\u00fc\u015f t\u00fcm i\u015fkence ma\u011fdurlar\u0131na sorulsun; kad\u0131n i\u015fkenceci istisna denecek kadar azd\u0131r. Olan o istisnalar\u0131n \u00e7o\u011fuda yard\u0131mc\u0131 personal durumundad\u0131rlar. Ve o \u00e7o\u011funluk erkek karar vericilerin zoruyla o mekanlarda \u00e7al\u0131\u015fmak zorunda b\u0131rak\u0131lm\u0131\u015flard\u0131r.<br>-D\u00fcnyam\u0131z\u0131 t\u00fcm canl\u0131lar\u0131 ile birlikte yoketme g\u00fcc\u00fcne sahip n\u00fckleer silahlar\u0131n yap\u0131m\u0131, depolanmas\u0131 ve kullan\u0131lmas\u0131 karar\u0131 da kad\u0131nlara ait de\u011fildir. Hiro\u015fima ve Nagazaki&#8217;deki y\u0131k\u0131mlarada, \u00c7ernobil ve Japonya&#8217;daki n\u00fckleer santral kazalar\u0131nda ve en son Ukrayna&#8217;da kenar\u0131ndan d\u00f6n\u00fclen tehlikede g\u00f6r\u00fcld\u00fc\u011f\u00fc ve ya\u015fand\u0131\u011f\u0131 gibi bu b\u00fcy\u00fck tehlike hemen kap\u0131m\u0131z\u0131n \u00f6n\u00fcnde duruyor. Bu su\u00e7un su\u00e7lular\u0131n\u0131n kimler oldu\u011fu belli de\u011fil mi?<br>-Ozon tabakas\u0131n\u0131 delenler, kar h\u0131rs\u0131 u\u011fruna do\u011fay\u0131 tahrip edenler, iklim krizini yaratanlar, kurakl\u0131k ve susuzluk tehlikesini getirip insanl\u0131\u011f\u0131n \u00f6n\u00fcne koyanlar, ya\u015fam\u0131m\u0131z\u0131n her alan\u0131n\u0131 plastikle dolduranlar, besinlerin dokusuyla oynamay\u0131 plastik pirin\u00e7 \u00fcretmeye kadar g\u00f6t\u00fcrenler, sa\u011fl\u0131\u011f\u0131m\u0131z\u0131 hi\u00e7e sayanlar diye uzataca\u011f\u0131m\u0131z su\u00e7lar listesinin sahipleride elbette erkeklerdir.<br>-\u0130nsan eme\u011fi s\u00f6m\u00fcr\u00fcs\u00fcn\u00fc azamiye \u00e7\u0131karmakta behis g\u00f6rmeyenler, d\u00fcnyan\u0131n zenginliklerini yalay\u0131p yutanlar, \u00fcstelik \u00fcretilenlerin \u2013 g\u0131da sekt\u00f6r\u00fc ba\u015fta olmak \u00fczere- d\u00f6rtte birini \u00e7\u00f6pe d\u00f6kmekten \u00e7ekinmiyorlar.<br>-\u0130nsan akl\u0131n\u0131n geli\u015fmesini tekelci sermayenin \u00e7\u0131karlar\u0131 ile s\u0131n\u0131rlayanlar da onlard\u0131r. Bilime, tekni\u011fe ve sanata kar\u015f\u0131 i\u015fledikleri su\u00e7lar saymakla bitmez.<br>-Daha g\u00fcncel, daha yak\u0131ndan ve y\u00fczde y\u00fcz verilerle belgelenemese de, herkesce g\u00f6zlemlenebilir bir ger\u00e7ekli\u011fi hat\u0131rlatal\u0131m bu vesileyle. T\u00fcrkiye bir su\u00e7 cennetidir. Su\u00e7 i\u015fleme oran\u0131 olarak D\u00fcnyada ilk s\u0131ralarda olundu\u011fu kesin. Her \u00fc\u00e7 d\u00f6rt y\u0131lda bir hapishaneler dolup ta\u015f\u0131yor. O nedenle TC s\u0131k s\u0131k af veya infaz indirimi uygular. Tutuklu ve h\u00fck\u00fcml\u00fclere yatacak yer kalmaz \u00e7\u00fcnk\u00fc. Benim demek ve anlatmak istedi\u011fm as\u0131l mesele ise \u015fu: TC cezaevlerinde kad\u0131n tutuklu ve h\u00fck\u00fcml\u00fc say\u0131s\u0131 \u00e7ok \u00e7ok azd\u0131r. Yani b\u0131rak\u0131n b\u00fcy\u00fck b\u00fcyy\u00fck su\u00e7lar\u0131 ve d\u00fcnya \u00f6rneklerini. TC. S\u0131n\u0131rlar\u0131 i\u00e7erisinde ve adli su\u00e7 olarak kad\u0131nlar su\u00e7 i\u015flemez denilebilir bir durum vard\u0131r. Kast\u0131m siyasi tutuklu ve h\u00fck\u00fcml\u00fcler de\u011fil. \u0130l\u00e7e cezevlerinde ikiyi \u00fc\u00e7\u00fc, illerde onu onbe\u015fi ge\u00e7mez adli su\u00e7 i\u015flemi\u015f kad\u0131n say\u0131. D\u00f6rt ayr\u0131 ceazevlerinde kalm\u0131\u015f kad\u0131n arkada\u015flar\u0131ma sorup teyt ettirdim say\u0131lar\u0131. Sekiz ayr\u0131 mahpus dam\u0131nda ya\u015fam\u0131\u015f birisi olarak kendi g\u00f6zlemlerim var. \u00d6rne\u011fin; T\u00fcrkiye&#8217;nin en b\u00fcy\u00fck mahpus dam\u0131yd\u0131 eski Sa\u011fmalc\u0131lar cezaevi. Be\u015fbin ki\u015filikti. Kad\u0131nlara yaln\u0131zca bir ko\u011fu\u015f ayr\u0131lm\u0131\u015ft\u0131. O ko\u011fu\u015fa biti\u015fik nizam ranza yerle\u015ftirilse dahi azami ikiy\u00fcz ki\u015fi s\u0131\u011fd\u0131r\u0131labilirdi. Yani yakla\u015f\u0131k y\u00fczde d\u00f6rt gibi bir say\u0131. Yani nereye bakarsan\u0131z orada su\u00e7 i\u015fleyen erkeklerdir.<br>-Ve bence erkek egemenli\u011finin tarih boyunca i\u015fledi\u011fi en b\u00fcy\u00fck su\u00e7 kad\u0131nlara kar\u015f\u0131 i\u015fledi\u011fi su\u00e7tur. Toplam ya\u015fananlar\u0131 K\u00d6LEL\u0130KTEN MODERN K\u00d6LEL\u0130\u011eE diye \u00f6zetleyebiliriz.<br>Sonu\u00e7: Her bak\u0131mdan \u201ccennet\u201d olan yerk\u00fcremizi \u201c cehennem\u201de \u00e7evirenler; m\u00fclkiyete, sermayeye ve devletlere e\u011femen olan erkeklerdir. Elbette say\u0131lan katagoriler d\u0131\u015f\u0131nda kalan erkeklerin aktif veya pasif deste\u011fi e\u015fli\u011finde. Bu cehennemle\u015fmeye katk\u0131 sunan kad\u0131n say\u0131s\u0131 \u00e7ok \u00e7ok azd\u0131r. \u0130nsanl\u0131\u011fa ve do\u011faya kar\u015f\u0131 su\u00e7 i\u015flemeyen emek\u00e7i kad\u0131nlara selam olsun. 8 Mart 2022<\/li><\/ul>\n","protected":false},"excerpt":{"rendered":"<p>SEK\u0130Z MART VES\u0130LES\u0130YLE Bug\u00fcn sekiz Mart. Bug\u00fcn Emek\u00e7i Kad\u0131nlar G\u00fcn\u00fc. T\u00fcm emek\u00e7i kad\u0131nlar\u0131n EMEK\u00c7\u0130 KADINLAR G\u00dcN\u00dc kutlu olsun.Biliniyor ya, ben yine de giri\u015f niyetine yazay\u0131m. Genel anlamda kad\u0131nlar g\u00fcn\u00fc de\u011fildir bug\u00fcn. Sermayeyle ve s\u00f6m\u00fcr\u00fcyle ilgili ve ilintili kad\u0131nlar\u0131n Sekiz Martla hi\u00e7 bir alakalar\u0131 yoktur. Yoktur \u00e7\u00fcnk\u00fc; 1857 y\u0131l\u0131nda ve ABD&#8217;de yanarak \u00f6l\u00fcme terkedilenler TEKST\u0130L \u0130\u015e\u00c7\u0130S\u0130 &hellip;<\/p>\n","protected":false},"author":4,"featured_media":4379,"comment_status":"closed","ping_status":"closed","sticky":false,"template":"","format":"standard","meta":[],"categories":[43,54,58,62,41,42,55,61],"tags":[],"_links":{"self":[{"href":"http:\/\/www.dengekurdistan.de\/index.php?rest_route=\/wp\/v2\/posts\/4378"}],"collection":[{"href":"http:\/\/www.dengekurdistan.de\/index.php?rest_route=\/wp\/v2\/posts"}],"about":[{"href":"http:\/\/www.dengekurdistan.de\/index.php?rest_route=\/wp\/v2\/types\/post"}],"author":[{"embeddable":true,"href":"http:\/\/www.dengekurdistan.de\/index.php?rest_route=\/wp\/v2\/users\/4"}],"replies":[{"embeddable":true,"href":"http:\/\/www.dengekurdistan.de\/index.php?rest_route=%2Fwp%2Fv2%2Fcomments&post=4378"}],"version-history":[{"count":2,"href":"http:\/\/www.dengekurdistan.de\/index.php?rest_route=\/wp\/v2\/posts\/4378\/revisions"}],"predecessor-version":[{"id":4384,"href":"http:\/\/www.dengekurdistan.de\/index.php?rest_route=\/wp\/v2\/posts\/4378\/revisions\/4384"}],"wp:featuredmedia":[{"embeddable":true,"href":"http:\/\/www.dengekurdistan.de\/index.php?rest_route=\/wp\/v2\/media\/4379"}],"wp:attachment":[{"href":"http:\/\/www.dengekurdistan.de\/index.php?rest_route=%2Fwp%2Fv2%2Fmedia&parent=4378"}],"wp:term":[{"taxonomy":"category","embeddable":true,"href":"http:\/\/www.dengekurdistan.de\/index.php?rest_route=%2Fwp%2Fv2%2Fcategories&post=4378"},{"taxonomy":"post_tag","embeddable":true,"href":"http:\/\/www.dengekurdistan.de\/index.php?rest_route=%2Fwp%2Fv2%2Ftags&post=4378"}],"curies":[{"name":"wp","href":"https:\/\/api.w.org\/{rel}","templated":true}]}}