{"id":4195,"date":"2021-11-02T21:54:43","date_gmt":"2021-11-02T20:54:43","guid":{"rendered":"http:\/\/www.dengekurdistan.de\/?p=4195"},"modified":"2021-11-02T22:08:02","modified_gmt":"2021-11-02T21:08:02","slug":"savas-ve-secim-kemal-bilget","status":"publish","type":"post","link":"http:\/\/www.dengekurdistan.de\/?p=4195","title":{"rendered":"SAVA\u015e VE SE\u00c7\u0130M! KEMAL B\u0130LGET"},"content":{"rendered":"\n<p><strong>SAVA\u015e VE SE\u00c7\u0130M!<\/strong><\/p>\n\n\n\n<p>Zaman zaman kendi kendime sorar\u0131m; K\u00fcrd\u00fc, T\u00fcrk\u00fc ve di\u011ferleri olarak biz hepimiz unutkanlar toplam\u0131m\u0131y\u0131z acaba diye. Cevab\u0131m hay\u0131r olur her keresinde. Ama sorumu da tekrarlar\u0131m. Ve her keresinde belgeli\/ar\u015fivli \u00e7al\u0131\u015fma yan\u0131m\u0131z\u0131n zay\u0131fl\u0131\u011f\u0131 ile s\u00f6z\u00fcn u\u00e7ar olu\u015fu g\u0131rtla\u011f\u0131ma d\u00fc\u011f\u00fcmlenir. Oysa zaman eski zaman de\u011fil. \u00c7o\u011fu bilgiye ula\u015fman\u0131n yol ve y\u00f6ntemi kolayla\u015ft\u0131. Her konuyla ilgili olmasa da, \u00e7o\u011fu g\u00fcncel meselelerle ilgili kitaplara, ansiklopedilere, ar\u015fivlere veya konunun uzmanlar\u0131na ba\u015fvurulmas\u0131na gerek yoktur art\u0131k. \u0130nternete girmek, Googole sorarak bir\u00e7ok bilgi eksikli\u011fimizi veya unutmu\u015flu\u011fumuzu giderebiliriz.<\/p>\n\n\n\n<p>Ne mi demek istiyorum. Anlatmaya \u00e7al\u0131\u015fay\u0131m. T\u00fcrkiye kamuoyu g\u00fcndeminde uzun s\u00fcreden beri yo\u011fun ve \u00e7alkant\u0131l\u0131 konular var. Her bir g\u00fcndem maddesi h\u00fck\u00fcmetler devirecek a\u011f\u0131rl\u0131kta konular. \u00d6rne\u011fin; T\u00fcrkiye ekonomisi \u00fcretimden \u00f6nemli \u00f6l\u00e7\u00fcde uzakla\u015ft\u0131r\u0131ld\u0131. Asfalt ve beton d\u00f6kmek ekonomik hayat\u0131n motoru yap\u0131ld\u0131. Kamu ad\u0131na biriktirilmi\u015f ne varsa sat\u0131p savrulup yenildi. \u00dcretim d\u00fc\u015f\u00fc\u015f\u00fcne parelel olarak TL de\u011fer yitimini s\u00fcrd\u00fcr\u00fcyor. D\u0131\u015f bor\u00e7 katlanarak \u00e7o\u011fal\u0131yor. \u00d6demeler dengesi a\u00e7\u0131\u011f\u0131 durmadan b\u00fcy\u00fcyor. Fahi\u015f zamlar nedeniyle hayat pahal\u0131l\u0131\u011f\u0131 toplumun d\u00f6rte \u00fc\u00e7\u00fcn\u00fcn g\u0131rtla\u011f\u0131n\u0131 s\u0131k\u0131yor. Ve onlar\u0131 a\u00e7l\u0131k s\u0131n\u0131r\u0131na do\u011fru iteliyor. D\u00fcnyadaki b\u00fcy\u00fck ekonomiler s\u0131ralamas\u0131nda T\u00fcrkiye iki-\u00fc\u00e7 basamak birden geriye d\u00fc\u015ft\u00fc.&nbsp;<\/p>\n\n\n\n<p>Ekonomideki bu k\u00f6t\u00fcye gidi\u015f, devlet ve onun himayesindeki mafya \u00f6rg\u00fctlenmeleri eliyle s\u00fcrd\u00fcr\u00fclen uyu\u015fturucu ka\u00e7ak\u00e7\u0131l\u0131\u011f\u0131, yasa d\u0131\u015f\u0131 petrol ve silah ticareti, alt\u0131n ka\u00e7ak\u00e7\u0131l\u0131\u011f\u0131, kara para aklama ve hatta Suriyeli ve Afgan g\u00f6\u00e7menler \u00f6rneklerinde de g\u00f6r\u00fcld\u00fc\u011f\u00fc gibi insan ka\u00e7akc\u0131l\u0131\u011f\u0131 yap\u0131larak dengelenmeye \u00e7al\u0131\u015f\u0131lsa da, ekonomi art\u0131k diki\u015f tutmuyor. \u00d6zetledi\u011fimiz ekonomik yap\u0131 \u00fczerinden siyasi istikrar\u0131n sa\u011flanamayaca\u011f\u0131 a\u00e7\u0131k ve a\u015fikard\u0131r. Ba\u015fkanl\u0131k sistemiyle hantal devlet yap\u0131s\u0131ndan kurtulup u\u00e7u\u015fa ge\u00e7ece\u011fi s\u00f6ylenen T\u00fcrkiye &#8216;nin ne yaz\u0131k ki yaln\u0131zca siyaseten kanatlar\u0131 k\u0131r\u0131lmad\u0131. Meclis meclis olmaktan, h\u00fck\u00fcmet h\u00fck\u00fcmet olmaktan \u00e7\u0131kart\u0131ld\u0131. Hukuk ve adelet \u00f6ld\u00fcr\u00fcld\u00fc. Mafya anlay\u0131\u015f\u0131 toplumsal dokular\u0131 bozman\u0131n \u00f6tesine ge\u00e7ti. Yalan, h\u0131rs\u0131zl\u0131k, kamu mallar\u0131n\u0131n ya\u011fmalanmas\u0131 gibi ahlaki \u00e7\u00f6k\u00fcnt\u00fc normalle\u015ftirildi. D\u0131\u015f itibar yerlerde s\u00fcr\u00fcn\u00fcyor.&nbsp;<\/p>\n\n\n\n<p>H\u00fck\u00fcmetin ba\u015f\u0131 durumundaki iki sarsak ihtiyar, bu k\u00f6t\u00fc gidi\u015fattan sava\u015f, i\u015fgal, ilhak ve s\u00f6m\u00fcrge politikalar\u0131 yoluyla kendilerini ve T\u00fcrkiye&#8217;yi kurtaracaklar\u0131n\u0131 san\u0131yorlar. Sava\u015f politikalar\u0131 ile i\u00e7 bar\u0131\u015f ve b\u00f6lge bar\u0131\u015f\u0131 s\u00fcrekli dinamitleniyor. Mafyatik yol ve y\u00f6ntemlerle sava\u015f politikalar\u0131 esas al\u0131n\u0131nca, yalan dolana, entrika ve komplolara ba\u015fvurmak ka\u00e7\u0131n\u0131lmazla\u015f\u0131yor. Bir bilineni bir kere daha tekrarlayarak devam edelim. S\u00fcrd\u00fcr\u00fclen sava\u015f politikalar\u0131n\u0131n y\u0131k\u0131c\u0131 ve yokedici sonu\u00e7lar\u0131n\u0131n en a\u011f\u0131r\u0131n\u0131 K\u00fcrt ulusu ya\u015famaktad\u0131r. Bu ac\u0131 ve acil ger\u00e7ekli\u011fi unutmadan belirtelim ki, T\u00fcrkiye&#8217;nin ba\u015f\u0131na \u00e7\u00f6reklenmi\u015f mevcut bu siyasi iktidar\u0131n biran \u00f6nce ba\u015ftan defedilmesi gerekiyor. TC&#8217;nin K\u00fcrdistan&#8217;dan kovulmas\u0131ndan ve bir devrim hareketi ile TC devletinin y\u0131k\u0131l\u0131p yok edilmesinden s\u00f6z etmiyoruz. Normal yol ve y\u00f6ntemlerle T\u00fcrkiye bu fa\u015fist, s\u00f6m\u00fcrgeci ve militarist anlay\u0131\u015ftan kurtar\u0131lmal\u0131d\u0131r. Kast\u0131m\u0131z bu.<\/p>\n\n\n\n<p>Ama, biz genel anlamda biliyoruz ki, fa\u015fist diktat\u00f6rler kendileri kendi iktidarlar\u0131n\u0131 kendi iradeleri ile terk etmezler. \u00d6zel olarak ise ayyuka \u00e7\u0131km\u0131\u015f su\u00e7lar\u0131 nedeniyle de iktidarlar\u0131n\u0131 yitirmek istemezler. Ve yine hat\u0131rlatmak bab\u0131ndan s\u00f6yleyelim. 7 Haziran 2015 se\u00e7im sonu\u00e7lar\u0131n\u0131n ve \u0130stanbul B\u00fcy\u00fck\u015fehir Belediyesi se\u00e7imlerinin iptali s\u0131ras\u0131nda da herkesler g\u00f6rd\u00fc ki, mevcut siyasi iktidar ilgili t\u00fcm yasalar\u0131 ve hukuku \u00e7i\u011fnemekten \u00e7ekinmiyor.Yine hat\u0131rlatal\u0131m ki, 7 Haziran 2015 Genel Se\u00e7im sonu\u00e7lar\u0131n\u0131n iptal edilmesinde CHP y\u00f6netimi Tayyip Erdo\u011fan&#8217;a su\u00e7 ortakl\u0131\u011f\u0131 yapm\u0131\u015ft\u0131. 7 Haziran se\u00e7imlerinde AKP tek ba\u015f\u0131na h\u00fck\u00fcmet etme \u00e7o\u011funlu\u011funu yitirmi\u015fti (7 Haziran se\u00e7im sonu\u00e7lar\u0131: AKP % 40.9 , 258 milletvekili. CHP %25, 132 milletvekili. MHP %16.. 80 milletvekili. HDP %13.1 ve 80 milletvekili) Bu se\u00e7im sonucuna ve \u201cYeni se\u00e7ilen TBMM Ba\u015fkanl\u0131k Divan\u0131n\u0131n se\u00e7iminden sonra, 45 g\u00fcn i\u00e7inde bakanlar Kurulunun Kurulamamas\u0131 durumunda Cumhurba\u015fkan\u0131 Meclis Ba\u015fkan\u0131na dan\u0131\u015farak se\u00e7imin yenilenmesine karar verebilir. (Made: 116) diyen a\u00e7\u0131k yasa h\u00fckm\u00fcne ra\u011fmen AKP ve CHP heyetleri iki ay boyunca \u00e7ay\/kahve i\u00e7me toplant\u0131lar\u0131n\u0131 s\u00fcrd\u00fcrm\u00fc\u015flerdi. Yani se\u00e7imi birlikte iptal ettirmi\u015flerdi. CHP&#8217;nin s\u00f6z konusu tutumu, a\u00e7\u0131kca \u2018\u2018ben h\u00fck\u00fcmet etmek istemiyorum\u2018\u2018 demekti.<\/p>\n\n\n\n<p>Dahas\u0131 daha da k\u00f6t\u00fcyd\u00fc. Sonras\u0131na zaman\u0131n Ba\u015fbakan\u0131 olan Davuto\u011flu&#8217;nun bir c\u00fcmlesiyle giri\u015f yapal\u0131m. Davuto\u011flu 7 Haziran 2015 sonras\u0131n\u0131 kastederek diyor ki; \u201c Ter\u00f6rle m\u00fccadelede defterler a\u00e7\u0131l\u0131rsa bir\u00e7ok insan, insan i\u00e7ine \u00e7\u0131kamaz\u201c (Gazete ve tv\u2018ler) Davuto\u011flu bu s\u00f6z\u00fcn\u00fcn niyesini ni\u00e7ini a\u00e7\u0131klam\u0131yor ama, biz o nedenleri biliyoruz. Fakat yine biz biliyoruz ki, T\u00fcrkiye&#8217;de kimsenin y\u00fcz\u00fc k\u0131zarmayacak ve olup bitenler kar\u015f\u0131s\u0131nda hukuk falan i\u015flemeyecek ama, yinede biz yaz\u0131p s\u0131ralayal\u0131m:<\/p>\n\n\n\n<ul><li>22 Haziran 2015&#8217;te ve Ceylanp\u0131nar\u0131&#8217;nda iki polis faili me\u00e7hule kurban gitti. (vurulan polislerin uyuduklar\u0131 odalar\u0131nda&nbsp;ba\u015fka polislerin parmak izleri tesbit edildi ya&#8230;ne yazar)<\/li><li>AKP ve HDP heyetlerince 17 Haziran 2015 tarihinde a\u00e7\u0131klanan Dolmabah\u00e7e mutabakat\u0131n\u0131 tan\u0131mad\u0131\u011f\u0131n\u0131 Tayyip&nbsp;Erdo\u011fan 29 Haziran da a\u00e7\u0131klad\u0131.<\/li><li>20 Temmuz 2015 g\u00fcn\u00fc Suru\u00e7 katliam\u0131 yap\u0131ld\u0131.<\/li><li>10 A\u011fustos \u201eHendek sava\u015flar\u0131\u201c ba\u015flad\u0131<\/li><li>26 A\u011fustosta Erdo\u011fan se\u00e7imin yenilenmesi karar\u0131n\u0131 verdi.<\/li><li>8 Eyl\u00fclde ba\u015flat\u0131larak neredeyse T\u00fcrkiye&#8217;deki t\u00fcm HDP binalar\u0131na sald\u0131r\u0131lar d\u00fczenlendi.<\/li><li>10 Ekimde Ankara Gar katliam\u0131 ger\u00e7ekle\u015ftirildi.<\/li><li>Kas\u0131m 2015 tarihinde se\u00e7imler yenilendi ve AKP 2.5 milyonluk ge\u00e7ersiz oyun kullan\u0131ld\u0131\u011f\u0131 sabit olan bu se\u00e7im tiyatrosuyla oyunu 8 puan art\u0131d\u0131. H\u00fck\u00fcmet kurmaya hak kazanm\u0131\u015f say\u0131ld\u0131.<\/li><\/ul>\n\n\n\n<p>Davuto\u011flu, i\u015fte t\u00fcm bunlar H\u00fck\u00fcmetin ve Devletin kumpaslar\u0131d\u0131r demek istiyor. Ge\u00e7mi\u015fe d\u00f6n\u00fck t\u00fcm bu hat\u0131rlatmalar\u0131 yapmaktaki kendi meram\u0131m\u0131za gelince: bahsini etti\u011fimiz ekonomik kriz, siyaseten y\u00f6netememe hali ve diplomatik alanda i\u00e7ine girilen peri\u015fanl\u0131k durumu yeni bir siyasi iklim yaratt\u0131 T\u00fcrkiye&#8217;de. D\u0131\u015f ve i\u00e7 kimi sermaye g\u00fc\u00e7leri ile mevcut iktidar\u0131n aras\u0131ndaki mesafe giderek a\u00e7\u0131l\u0131yor. Devlet i\u00e7i g\u00fc\u00e7lerin baz\u0131lar\u0131 da gidi\u015fattan rahats\u0131zlar. \u0130\u015fte bu g\u00fc\u00e7lerin toplam\u0131 ve CHP&#8217;nin laik ve demokratik taban\u0131, CHP&#8217;ne h\u00fck\u00fcmet olmaktan korkma demeye ba\u015flad\u0131lar. \u0130yi Partiyi de CHP&#8217;ye yedeklediler. Buna isterseniz siyasi kayyum deyin. T\u00fcm bu destekleri arkas\u0131na alan CHP y\u00f6netimi, HDP ve K\u00fcrt halk\u0131yla da iyi ge\u00e7inmenin yol ve y\u00f6ntemlerini aramaya giri\u015fti.&nbsp;<\/p>\n\n\n\n<p>Niyeti ve arkas\u0131ndaki d\u00fcrt\u00fcleri her ne olursa olsun, CHP iyi yapt\u0131, \u00f6zg\u00fcvenli davranmaya ba\u015flad\u0131. Bunun en somut \u00f6rne\u011fi ise , ilk kez d\u0131\u015f \u00fclkelere (Irak, Suriye ve L\u00fcbnan) asker g\u00f6nderme teskeresine HAYIR demesiydi. \u0130\u015fte bu hay\u0131r deme tutumu CHP a\u00e7\u0131s\u0131ndan bir zorunluluktu. \u00c7\u00fcnk\u00fc herkesler gibi CHP y\u00f6netimi de biliyor ki, her t\u00fcrl\u00fc \u00f6znellikten ba\u011f\u0131ms\u0131z olarak T\u00fcrkiye bir se\u00e7im atmosferi i\u00e7erisindedir. Hatta erken se\u00e7im olas\u0131l\u0131\u011f\u0131 hi\u00e7te yabana at\u0131lamayacak kadar kendisini dayatmaktad\u0131r. As\u0131l ana muhalefet partisi olan HDP&#8217;nin \u00f6n\u00fc h\u00fck\u00fcmet olmak bak\u0131m\u0131ndan a\u00e7\u0131k olmad\u0131\u011f\u0131na g\u00f6re, CHP&#8217;nin ince ince se\u00e7im hesaplar\u0131 yapmas\u0131 normaldir. Mevcut y\u00f6netim ise toplam i\u00e7 ve d\u0131\u015f etkenler bak\u0131m\u0131ndan s\u0131k\u0131\u015fm\u0131\u015fl\u0131\u011f\u0131n\u0131n fark\u0131nda. Ve bu atmosfer i\u00e7erisinde yap\u0131lan t\u00fcm tarafl\u0131-tarafs\u0131z anket sonu\u00e7lar\u0131 g\u00f6steriyor ki, iktidar se\u00e7men deste\u011fini h\u0131zla yitiriyor; muhalefet ise y\u00fckseli\u015fte. Onca siyasi soyk\u0131r\u0131m sald\u0131r\u0131lar\u0131na ra\u011fmen HDP ve onun se\u00e7menleri kaya gibi sert ve sa\u011flamlar. Hatta oy art\u0131\u015flar\u0131 hi\u00e7 az say\u0131lmayacak oranlarda.<\/p>\n\n\n\n<p>Ama t\u00fcm bunlar\u0131n bir amas\u0131 var. Osmanl\u0131da oyun \u00e7ok. Osmanl\u0131n\u0131n torunlar\u0131 dedelerinden de beter. CHP bunu bilerek sava\u015f tezkeresine hay\u0131r dedi. \u0130ktidar ise ayn\u0131 nedenlerle sava\u015f tezkeresini \u201c \u0130K\u0130 YILLIK\u201d olarak Meclise getirdi ve&nbsp;onaylatt\u0131. Ne demek istedi\u011fimizi yukar\u0131da bahsini etti\u011fimiz 7 Haziran se\u00e7imlerinin iptal edilip yenilenmesine gerek\u00e7e yap\u0131lan yasa maddesini hat\u0131rlatarak yapal\u0131m. Az yukar\u0131da belirtmi\u015ftik. Erken veya zaman\u0131nda se\u00e7imin olmas\u0131n\u0131n ve muhalefetin se\u00e7imden ba\u015far\u0131yla \u00e7\u0131kmas\u0131n\u0131n i\u00e7 ve d\u0131\u015f zeminleri olduk\u00e7a g\u00fc\u00e7l\u00fc. Fakat bunu yaln\u0131z biz bilmiyoruzki. AKP-MHP ortakl\u0131\u011f\u0131da biliyor. \u0130\u015fte bu se\u00e7im zemininin aleyhlerinede olmas\u0131 nedeniyle, 1 Kas\u0131m 2015 se\u00e7imlerinde oldu\u011fu gibi arkas\u0131 m\u00fch\u00fcrs\u00fcz oy hileleri benzeri se\u00e7im sahtakarl\u0131klar\u0131n\u0131n yeterli olmayaca\u011f\u0131n\u0131n ay\u0131rd\u0131ndalar. Ondand\u0131r ki sava\u015f tezkeresini iki y\u0131ll\u0131k olarak d\u00fczenlediler. Hatta s\u0131rf bu saiklerle tezkereye \u201c yabanc\u0131 askeri g\u00fc\u00e7lerin T\u00fcrkiye&#8217;de bulundurulmas\u0131n\u0131\u201d eklediler.<\/p>\n\n\n\n<p><img loading=\"lazy\" width=\"720\" height=\"480\" class=\"wp-image-4204\" style=\"width: 450px;\" src=\"http:\/\/www.dengekurdistan.de\/wp-content\/uploads\/2021\/11\/FB_IMG_1635770830173-1.jpg\" alt=\"\" srcset=\"http:\/\/www.dengekurdistan.de\/wp-content\/uploads\/2021\/11\/FB_IMG_1635770830173-1.jpg 720w, http:\/\/www.dengekurdistan.de\/wp-content\/uploads\/2021\/11\/FB_IMG_1635770830173-1-300x200.jpg 300w\" sizes=\"(max-width: 720px) 100vw, 720px\" \/><\/p>\n\n\n\n<p>Sava\u015f tezkeresi ile se\u00e7imlerin ba\u011f\u0131n\u0131n ne oldu\u011funu uzun uzun anlatmaya gerek yoktur. TC Anayasas\u0131n\u0131n 78. maddesinin birinci ve ikinci f\u0131kralar\u0131n\u0131n tezkere sahiplerine nas\u0131l bir olanak sundu\u011fu a\u00e7\u0131kca ortadad\u0131r. 78. Maddeyi oldu\u011fu gibi yazal\u0131m: \u201c SAVA\u015e SEBEB\u0130YLE YEN\u0130 SE\u00c7\u0130MLER\u0130N YAPILMASINA \u0130MKAN G\u00d6R\u00dcLMEZSE, TBMM SE\u00c7\u0130MLER\u0130N B\u0130R YIL GER\u0130YE BIRAKILMASINA KARAR VEREB\u0130L\u0130R\u201d. Anayasan\u0131n ayn\u0131 maddesinin ikinci f\u0131kras\u0131 ise \u015fu: \u201c GER\u0130 BIRAKMA SEBEB\u0130 ORTADAN KALKMAMI\u015eSA, ERTELEME KARARINDAK\u0130 USULE G\u00d6RE BU \u0130\u015eLEM TEKRARLANAB\u0130L\u0130R.\u201d<\/p>\n\n\n\n<p>\u0130lgili yasa maddesi \u00e7ok a\u00e7\u0131k.&nbsp;<\/p>\n\n\n\n<p>Tezkereye oy verip kabul edenlerin, i\u00e7 ve d\u0131\u015f ko\u015fullar\u0131 uygun bulduklar\u0131 an sava\u015fa karar vereceklerinden \u015f\u00fcphe edilemez. \u0130\u00e7 ve d\u0131\u015f ko\u015fullar\u0131n lehlerinde olmamas\u0131 halinde bile, e\u011fer yap\u0131lacak bir se\u00e7imde iktidardan d\u00fc\u015fecekleri kesinle\u015firse, mevcut y\u00f6netimin se\u00e7imleri erteleme maceras\u0131na girce\u011fi ciddi ciddi d\u00fc\u015f\u00fcn\u00fclmelidir. B\u00f6yle bir endi\u015fe i\u00e7in elimizde yeteri kadar ya\u015fanm\u0131\u015f deneyimimiz var \u00e7\u00fcnk\u00fc. Diyelimki ABD, RUSYA ve \u0130ran devletleri Tezkerede belirtilen alanlara T\u00fcrk devletinin asker g\u00f6ndermesini, yani sava\u015fa ba\u015fvurmas\u0131n\u0131 engellediler. G\u00fcney K\u00fcrdistan s\u0131n\u0131rlar\u0131 i\u00e7erisinde ve otuz kilometre derinlikte her daim sald\u0131r\u0131lar yap\u0131lm\u0131yor mu? Bunca zaman K\u00fcrt halk\u0131na y\u00f6nelik yap\u0131lan bu sald\u0131r\u0131lar\u0131n biraz daha \u00e7ap\u0131 b\u00fcy\u00fct\u00fclebilir. Bu hali sava\u015f hali sayman\u0131n \u00f6n\u00fcnde herhangi bir engel yok ki. Dedik ya, Osmanl\u0131da oyun \u00e7ok. Rojawa ve Kuzey Suriye&#8217;de asker bulundurmak neden sava\u015f hali say\u0131lmas\u0131nki. Azerbeycan ile anla\u015f\u0131p yeni bir Karaba\u011f vakas\u0131 \u00fcretilirse hi\u00e7 \u015fa\u015f\u0131lmamal\u0131. Libya veya bir ba\u015fka Afrika \u00fclkesinden asker davetiyesi \u00e7\u0131kart\u0131labilir vb.<\/p>\n\n\n\n<p>Yaniii, yanisi \u015fu: Se\u00e7im epeyce uzun bir s\u00fcre T\u00fcrkiye&#8217;nin g\u00fcndeminden \u00e7\u0131kabilir. \u0130ktidar tezkere ile yetki ald\u0131m diyecek, bir sava\u015f bahanesi yaratacak, Anayasan\u0131n 78. maddesine uygun olarak se\u00e7imleri bir y\u0131l bir y\u0131l, bir y\u0131l daha erteleyebilecektir. \u0130ki y\u0131ll\u0131k tezkerenin ve h\u00fck\u00fcmete her t\u00fcrl\u00fc hareket serbestli\u011fi sa\u011flayan 78. maddenin i\u015flevsiz k\u0131l\u0131nmas\u0131n\u0131n \u00fc\u00e7 olas\u0131l\u0131\u011f\u0131 vard\u0131r:<\/p>\n\n\n\n<ol><li>Gezi eylemlerinin daha g\u00fc\u00e7l\u00fcs\u00fc ile kar\u015f\u0131la\u015fma korkusunun somut bir ger\u00e7ekli\u011fi ifade etti\u011fi a\u00e7\u0131kca anla\u015f\u0131l\u0131rsa;<\/li><li>Y\u00f6netim se\u00e7imleri kazanma umudunu % 50 kadar bir olas\u0131l\u0131k olarak g\u00f6r\u00fcrse;<\/li><li>T\u00fcm bat\u0131 d\u00fcnyas\u0131ndan soyutlanman\u0131n laftan \u00f6teye ge\u00e7ece\u011fi kesinlik kazan\u0131rsa\u2026<\/li><\/ol>\n\n\n\n<p>&nbsp;Anla\u015f\u0131laca\u011f\u0131 gibi, umut bizde. Umut halklar\u0131m\u0131z\u0131n devrim dinamizminde. Umut sende be karde\u015fim.<\/p>\n\n\n\n<p>2 Kas\u0131m 2021<\/p>\n","protected":false},"excerpt":{"rendered":"<p>SAVA\u015e VE SE\u00c7\u0130M! Zaman zaman kendi kendime sorar\u0131m; K\u00fcrd\u00fc, T\u00fcrk\u00fc ve di\u011ferleri olarak biz hepimiz unutkanlar toplam\u0131m\u0131y\u0131z acaba diye. Cevab\u0131m hay\u0131r olur her keresinde. Ama sorumu da tekrarlar\u0131m. Ve her keresinde belgeli\/ar\u015fivli \u00e7al\u0131\u015fma yan\u0131m\u0131z\u0131n zay\u0131fl\u0131\u011f\u0131 ile s\u00f6z\u00fcn u\u00e7ar olu\u015fu g\u0131rtla\u011f\u0131ma d\u00fc\u011f\u00fcmlenir. Oysa zaman eski zaman de\u011fil. \u00c7o\u011fu bilgiye ula\u015fman\u0131n yol ve y\u00f6ntemi kolayla\u015ft\u0131. Her konuyla &hellip;<\/p>\n","protected":false},"author":4,"featured_media":4214,"comment_status":"closed","ping_status":"closed","sticky":false,"template":"","format":"standard","meta":[],"categories":[54,62,41,42,55,61],"tags":[],"_links":{"self":[{"href":"http:\/\/www.dengekurdistan.de\/index.php?rest_route=\/wp\/v2\/posts\/4195"}],"collection":[{"href":"http:\/\/www.dengekurdistan.de\/index.php?rest_route=\/wp\/v2\/posts"}],"about":[{"href":"http:\/\/www.dengekurdistan.de\/index.php?rest_route=\/wp\/v2\/types\/post"}],"author":[{"embeddable":true,"href":"http:\/\/www.dengekurdistan.de\/index.php?rest_route=\/wp\/v2\/users\/4"}],"replies":[{"embeddable":true,"href":"http:\/\/www.dengekurdistan.de\/index.php?rest_route=%2Fwp%2Fv2%2Fcomments&post=4195"}],"version-history":[{"count":3,"href":"http:\/\/www.dengekurdistan.de\/index.php?rest_route=\/wp\/v2\/posts\/4195\/revisions"}],"predecessor-version":[{"id":4218,"href":"http:\/\/www.dengekurdistan.de\/index.php?rest_route=\/wp\/v2\/posts\/4195\/revisions\/4218"}],"wp:featuredmedia":[{"embeddable":true,"href":"http:\/\/www.dengekurdistan.de\/index.php?rest_route=\/wp\/v2\/media\/4214"}],"wp:attachment":[{"href":"http:\/\/www.dengekurdistan.de\/index.php?rest_route=%2Fwp%2Fv2%2Fmedia&parent=4195"}],"wp:term":[{"taxonomy":"category","embeddable":true,"href":"http:\/\/www.dengekurdistan.de\/index.php?rest_route=%2Fwp%2Fv2%2Fcategories&post=4195"},{"taxonomy":"post_tag","embeddable":true,"href":"http:\/\/www.dengekurdistan.de\/index.php?rest_route=%2Fwp%2Fv2%2Ftags&post=4195"}],"curies":[{"name":"wp","href":"https:\/\/api.w.org\/{rel}","templated":true}]}}