{"id":3083,"date":"2019-07-13T19:31:23","date_gmt":"2019-07-13T17:31:23","guid":{"rendered":"http:\/\/www.dengekurdistan.de\/?p=3083"},"modified":"2019-07-15T17:20:38","modified_gmt":"2019-07-15T15:20:38","slug":"selam-sizlere-cukurovanin-dik-basli-isci-oenderleri","status":"publish","type":"post","link":"http:\/\/www.dengekurdistan.de\/?p=3083","title":{"rendered":"Selam sizlere \u00c7ukurova&#8217;n\u0131n dik ba\u015fl\u0131 i\u015f\u00e7i \u00f6nderleri! H\u00fcseyin \u0130\u015fli"},"content":{"rendered":"<p>\t\tOsman Karatop&#8217;un an\u0131s\u0131na!<\/p>\n<p>     THKO MB 1975 &#8211; 76 y\u0131llar\u0131nda ortaya \u00e7\u0131kt\u0131\u011f\u0131 Ad\u0131yaman, Malatya ve Antep&#8217;ten T\u00fcrkiye ve K\u00fcrdistan&#8217;\u0131n \u00e7e\u015fitli b\u00f6lgelerine gen\u00e7 kadrolar yollayarak \u00f6rg\u00fctlenme ve propaganda faaliyetlerini dar bir co\u011frafi \u00e7er\u00e7evenin d\u0131\u015f\u0131na ta\u015f\u0131r\u0131p TC s\u0131n\u0131rlar\u0131n\u0131n kapsad\u0131\u011f\u0131 t\u00fcm alanlara yaymaya ba\u015flad\u0131. <\/p>\n<p>     Parti olu\u015fum m\u00fccadelesi y\u00fcr\u00fctt\u00fc\u011f\u00fcm\u00fcz 1976 y\u0131l\u0131n\u0131n sonuna do\u011fru bana da i\u015f\u00e7ilerle yoksul k\u0131r emek\u00e7ilerinin ve gen\u00e7li\u011fin yo\u011fun olarak ya\u015fad\u0131\u011f\u0131, Anadolunun 4. b\u00fcy\u00fck kenti olan  Adana&#8217;ya gitmek d\u00fc\u015fm\u00fc\u015ft\u00fc. K\u00fcrdistan&#8217;dan, Ad\u0131yaman&#8217;dan gen\u00e7lik hareketinin i\u00e7erisinden \u00e7\u0131km\u0131\u015f bir gen\u00e7 olarak THKO MB Merkez Komitesi&#8217;nin o zamanki Ad\u0131yaman sorumlusu yolda\u015fla yola \u00e7\u0131km\u0131\u015ft\u0131k. MK&#8217;nin Ad\u0131yaman sorumlusu beni MK&#8217;nin Adana b\u00f6lgesinden sorumlu kadrosuna devrettikten sonra geri d\u00f6necekti. Adana&#8217;ya vard\u0131\u011f\u0131m\u0131zda bizleri AP\u00caHAS yolda\u015f kar\u015f\u0131lad\u0131. Bana bir i\u015f\u00e7i kentine geldi\u011fimi \u00f6zellikle vurgulayarak s\u00fcrekli okumam\u0131 ve en \u00f6nemlisi de i\u015f\u00e7ilerin aras\u0131na girmemi; mahallelerine, kahvelerine, bulu\u015fma mekanlar\u0131na gitmemi, toplant\u0131lar\u0131na kat\u0131lmam\u0131 \u00f6nerdi. Devrimin as\u0131l \u00f6\u011fretmenlerinin i\u015f\u00e7iler ve emek\u00e7iler oldu\u011funu s\u00f6yl\u00fcyordu. <\/p>\n<p>     O y\u0131llar devrim ve kar\u015f\u0131 devrimin birbirine kar\u015f\u0131t olarak e\u015f zamanl\u0131 geli\u015fti\u011fi, y\u00fckseldi\u011fi y\u0131llard\u0131.  \u00d6nce Bossa ve Pakta\u015f fabrikalar\u0131nda  do\u011fal s\u0131n\u0131f \u00f6nderi olan ve giderek \u00c7ukurova&#8217;da i\u015f\u00e7i hareketinde hayat\u0131n her alan\u0131nda bile\u011finin hakk\u0131yla \u00f6nderlik konumuna y\u00fckselen dik ba\u015fl\u0131 kom\u00fcnist \u00f6nderle yolumuz o yo\u011fun m\u00fccadele g\u00fcnlerinde kesisti. Do\u011fal i\u015f\u00e7i \u00f6nderi Osman Karatop&#8217;la yolda\u015f olman\u0131n onurunu i\u015fte o y\u0131llarda ya\u015fad\u0131m. <\/p>\n<p>     1977 y\u0131l\u0131n\u0131n ilk aylar\u0131nda Pakta\u015f fabrikas\u0131nda i\u015f\u00e7iler hak ve talepleri i\u00e7in i\u015fi b\u0131rak\u0131p ana caddeden H\u00fck\u00fcmet Kona\u011f\u0131&#8217;na do\u011fru sloganlarla, mar\u015flarla ilerlerken o b\u00fcy\u00fck  direni\u015fin en \u00f6n\u00fcnde Osman yolda\u015f, Ap\u00eahas yolda\u015f ve di\u011fer yolda\u015flar\u0131 vard\u0131. H\u00fck\u00fcmet Kona\u011f\u0131&#8217;n\u0131n \u00f6n\u00fcne kadar y\u00fcr\u00fcyen i\u015f\u00e7i ordusunun taleplerini yetkililere i\u015f\u00e7ilerin kendi se\u00e7tikleri Osman yolda\u015f \u00f6nderli\u011findeki Temsilciler Heyeti iletiyordu.<\/p>\n<p>     BOSSA ve PAKTA\u015e tekstil i\u015f\u00e7ilerinin direni\u015f gelene\u011fi \u00e7ok daha eskilere dayan\u0131yordu. 1970\u2019in son aylar\u0131nda Adana\u2019da \u00e7ok say\u0131da grev ve i\u015fgal ger\u00e7ekle\u015fmi\u015f; en b\u00fcy\u00fck direni\u015f Bossa fabrikas\u0131nda olmu\u015ftu. Sabanc\u0131\u2019ya ait Adana Bossa fabrikas\u0131nda 10 i\u015f\u00e7inin i\u015ften \u00e7\u0131kar\u0131lmas\u0131na ve  5 bin ki\u015filik i\u015fyerinde 3 bin \u00fcye ile D\u0130SK&#8217;in daha fazla \u00f6rg\u00fctl\u00fc olmas\u0131na ra\u011fmen toplu s\u00f6zle\u015fmeye T\u00fcrk-\u0130\u015f\u2019e ba\u011fl\u0131 Teksif\u2019in oturmas\u0131na kar\u015f\u0131 \u00e7\u0131kan i\u015f\u00e7iler \u00f6nce oturma grevine ba\u015flam\u0131\u015f; zaman\u0131n Adana valisi Ali R\u0131za Aydos&#8217;un Toplum Polisini pasif direni\u015fte olan 1300 i\u015f\u00e7inin \u00fczerine salmas\u0131 \u00fczerine 21 Ekim \u00c7ar\u015famba g\u00fcn\u00fc fabrikay\u0131 i\u015fgal etmi\u015fler; direni\u015fi k\u0131rmak isteyen g\u00fc\u00e7lere kar\u015f\u0131 iki g\u00fcn boyunca i\u015fgal eylemini s\u00fcrd\u00fcrm\u00fc\u015flerdi. Adana valisi PAKTA\u015e i\u015f\u00e7ilerine de &#8221;5 dakika i\u00e7inde fabrikay\u0131 terketmezseniz, sizi ezeriz&#8221; diye tehditler savurmu\u015f; ard\u0131ndan her iki fabrikada devrimci i\u015f\u00e7i k\u0131y\u0131mlar\u0131 ger\u00e7ekle\u015ftirmi\u015fti. Bossa i\u015f\u00e7ilerinin eylemi, polis, jandarma, Teksif sendikas\u0131n\u0131n adamlar\u0131 ve \u00fclk\u00fcc\u00fc fa\u015fist komandolar\u0131n m\u00fc\u015fterek sald\u0131r\u0131s\u0131yla k\u0131r\u0131lm\u0131\u015ft\u0131. Polis ve jandarma, buldozerlerle fabrika duvar\u0131n\u0131 y\u0131karak gaz bombalar\u0131 ve ate\u015fli silahlarla i\u015f\u00e7ilere sald\u0131rm\u0131\u015f; \u00e7\u0131kan \u00e7at\u0131\u015fmada 60 i\u015f\u00e7i ve 27 polis yaralanm\u0131\u015f, 160 i\u015f\u00e7i g\u00f6zalt\u0131na al\u0131nm\u0131\u015ft\u0131. \u00dclk\u00fcc\u00fc grev k\u0131r\u0131c\u0131lar\u0131nca desteklenen Teksif\u2019in silahl\u0131 fedaileri, \u201ckom\u00fcnistlere \u00f6l\u00fcm\u201d diye ba\u011f\u0131rarak Bossa i\u015f\u00e7ilerine sald\u0131rm\u0131\u015flard\u0131. Bu direni\u015ften sonra Adana&#8217;da 8 bin i\u015f\u00e7i sar\u0131 T\u00fcrk &#8211; \u0130\u015f sendikas\u0131ndan ayr\u0131larak D\u0130SK&#8217;e ge\u00e7mi\u015fti. 12 Mart \u00f6ncesinin 15 &#8211; 16 Haziran b\u00fcy\u00fck i\u015f\u00e7i direni\u015finden sonraki bu en b\u00fcy\u00fck eylemleri sadece Bossa i\u015f\u00e7ileriyle s\u0131n\u0131rl\u0131 kalmam\u0131\u015f; SASSA, PAKTA\u015e ve di\u011fer farbrikalar\u0131n i\u015f\u00e7ileri taraf\u0131ndan da desteklenmi\u015fti. Osman yolda\u015f bu eylemlerin i\u00e7inde aktif olarak yer alm\u0131\u015f, deneyimli bir i\u015f\u00e7i \u00f6nderiydi.<\/p>\n<p>     Ancak 12 Mart&#8217;tan sonra D\u0130SK&#8217;e ba\u011fl\u0131 TEKST\u0130L &#8211; \u0130\u015e sendikas\u0131 CHP, TKP&#8217;nin y\u00f6netimde etkin oldu\u011fu reformist bir yap\u0131ya d\u00f6n\u00fc\u015fm\u00fc\u015ft\u00fc. \u0130\u015f\u00e7iler aras\u0131nda fa\u015fist sald\u0131rganlara, patronlara ve h\u00fck\u00fcmete kar\u015f\u0131 oldu\u011fu kadar reformist uzla\u015fmac\u0131lara kar\u015f\u0131 da tepki ve huzursuzluk vard\u0131. Bu tepkiler yeni aray\u0131\u015flara, kayna\u015fmalara yol a\u00e7maktayd\u0131. B\u00fct\u00fcn bu hareketlilik i\u00e7erisinde sadece sar\u0131 T\u00fcrk &#8211; \u0130\u015f&#8217;e ba\u011fl\u0131 Teksif Sendikas\u0131&#8217;nda de\u011fil; D\u0130SK&#8217;e ba\u011fl\u0131 sendikalarda da reformist, s\u0131n\u0131f uzla\u015fmac\u0131 \u00e7izginin egemen  oldu\u011fu g\u00f6r\u00fcl\u00fcyordu. Bu olgunun tesbitinden hareketle s\u0131n\u0131f i\u00e7erisinden \u00e7\u0131km\u0131\u015f ve yeti\u015fmi\u015f yolda\u015flar\u0131m\u0131z tekstil i\u015f kolunda \u0130plik &#8211; \u0130\u015f sendikas\u0131n\u0131 kurmu\u015f; ba\u015fkanl\u0131\u011fa oybirli\u011fi ile  Osman Karatop yolda\u015f\u0131 se\u00e7mi\u015ftiler. <\/p>\n<p>     Birg\u00fcn sendikadan i\u00e7eri girdi\u011fimde Osman yolda\u015f\u0131 bir grup kad\u0131n i\u015f\u00e7iyle \u00e7ok ciddi bir konuyu tart\u0131\u015f\u0131rken g\u00f6rd\u00fcm. Bunlar Akg\u00fcn iplik fabrikas\u0131  kad\u0131n i\u015f\u00e7ileriydiler. \u015ealvarl\u0131 \u00f6nderleri birden s\u0131\u00e7rad\u0131 sandalyeye \u00e7\u0131kt\u0131; bir yandan sigaras\u0131n\u0131 sararken bir yandan da Osman yolda\u015fa \u015f\u00f6yle dedi: &#8220;Bak ba\u015fkan biz bu i\u015f\u00e7ileri M\u0130SK&#8217;e ba\u011fl\u0131 sendikaya g\u00f6t\u00fcrd\u00fck. Ya\u015fayarak g\u00f6rd\u00fck ki M\u0130SK patronlar\u0131 savunuyor. Onlar\u0131n i\u015fverenden yana olduklar\u0131n\u0131 ya\u015f\u0131yarak anlad\u0131k.. Bir\u00e7ok sendikaya gittik; bize sahip \u00e7\u0131kmad\u0131lar. Ama siz diyorsunuz ki biz s\u0131n\u0131f sendikas\u0131y\u0131z. Var m\u0131s\u0131n\u0131z bizi desteklemeye; Akg\u00fcn fabrikas\u0131n\u0131 s\u0131n\u0131f\u0131n kalesi yapmaya?&#8221;<\/p>\n<p>     Osman yolda\u015f da tam s\u0131n\u0131f karde\u015fleri gibi daha da dik oturarak her zamanki a\u00e7\u0131k ve net tavr\u0131yla &#8220;Evet arkada\u015flar sizler yar\u0131ndan itibaren sendikan\u0131z \u0130plik &#8211; i\u015f&#8217;e \u00fcye olmaya ba\u015flayacaks\u0131n\u0131z. Biz sendika olarak \u00e7o\u011funlu\u011fu sa\u011flad\u0131\u011f\u0131m\u0131zda gerekli haz\u0131rl\u0131klar\u0131 yap\u0131p hep birlike omuz omuza GREV ba\u015flataca\u011f\u0131z ve yan yana sava\u015farak birlikte kazanaca\u011f\u0131z&#8221; dedi. Gelen i\u015f\u00e7ileri sevin\u00e7 ve heyecan dalgas\u0131 kaplad\u0131. Sendika  binas\u0131 &#8221;Ya\u015fas\u0131n i\u015f\u00e7ilerin m\u00fccadele birli\u011fi&#8221; slogan\u0131yla inliyordu.<\/p>\n<p>     Akg\u00fcn i\u015f\u00e7ileri hep birlikte \u0130plik &#8211; \u0130\u015f&#8217;e \u00fcye oldular ve sendikadan g\u00fcler y\u00fczlerle  ayr\u0131ld\u0131lar.  Gerekli haz\u0131rl\u0131klar bitirildikten sonra Osman ba\u015fkan\u0131n \u00f6nderli\u011finde bir durum de\u011ferlendirmesi yap\u0131ld\u0131. Olas\u0131 bir d\u0131\u015f sald\u0131r\u0131ya kar\u015f\u0131 fabrika i\u00e7erisinde ve d\u0131\u015farda gerekli tedbirler al\u0131nd\u0131. Direni\u015fin sa\u011fl\u0131kl\u0131 y\u00fcr\u00fcmesi i\u00e7in b\u00fct\u00fcn \u00f6nlemlerin al\u0131nd\u0131\u011f\u0131 tesbit edildikten sonra o g\u00fcn geldi\u011finde grev ba\u015flat\u0131ld\u0131. Sivil fa\u015fist g\u00fc\u00e7lerin silahl\u0131 sald\u0131r\u0131 ve tehditlerine ra\u011fmen 12 g\u00fcn s\u00fcren bir onurlu direni\u015ften sonra patron \u0130plik \u0130\u015f sendikas\u0131n\u0131 i\u015f yerinde yetkili sendika olarak kabul etti ve Osman yolda\u015f ba\u015fkanl\u0131\u011f\u0131ndaki sendika y\u00f6neticileri ve i\u015fyeri temsilcileri heyetiyle toplu s\u00f6zle\u015fme yapmak zorunda kald\u0131. Direni\u015f zaferle sonu\u00e7lanmakla kalmad\u0131;  fa\u015fist \u00f6rg\u00fctlenmenin son kal\u0131nt\u0131lar\u0131 da  fabrikadan tamamen s\u00f6k\u00fcl\u00fcp at\u0131ld\u0131.<\/p>\n<p>     1977 y\u0131l\u0131nda yap\u0131lan belediye ba\u015fkanl\u0131\u011f\u0131 se\u00e7imlerinde  THKO MB&#8217;nin [Eme\u011fin Birli\u011fi&#8217;nin] &#8221;b\u00fct\u00fcn burjuva partilerinden ba\u011f\u0131ms\u0131z olarak sosyalist adaylar\u0131 \u00f6ne \u00e7\u0131karma veya destekleme&#8221; siyasetine uygun olarak kendi adaylar\u0131m\u0131z\u0131  g\u00f6sterirken  Adana&#8217;da da ba\u011f\u0131ms\u0131z aday \u00e7\u0131kard\u0131k. Bizim aday\u0131m\u0131z Osman Karatop yolda\u015ft\u0131.  Se\u00e7im s\u00fcrecinde onunla birlikte Adana&#8217;n\u0131n Kar\u015f\u0131yaka, Meydan, Dadalo\u011flu  ve \u00f6teki i\u015f\u00e7i semtlerinde s\u0131n\u0131f siyasetini anlatmaya \u00e7al\u0131\u015ft\u0131k. <\/p>\n<p>     Devam\u0131nda 1978 y\u0131l\u0131nda o g\u00fcn\u00fcn ko\u015fullar\u0131nda i\u015f\u00e7i s\u0131n\u0131f\u0131na dayat\u0131lan &#8220;Toplumsal Anla\u015fmaya Hay\u0131r ve Do\u011fu&#8217;daki Bask\u0131lara Son&#8221; konulu, Emegin Birli\u011fi&#8217;nin \u00f6nc\u00fcl\u00fck etti\u011fi ve \u00e7ok say\u0131da K\u00fcrdistanl\u0131 ve T\u00fcrkiyeli siyasi hareketin destekledi\u011fi,  binlerce i\u015f\u00e7i &#8211; emek\u00e7inin  kat\u0131ld\u0131\u011f\u0131 b\u00fcy\u00fck Adana mitingimizin en \u00f6n\u00fcnde bu mitingin \u00f6nemli \u00f6rg\u00fctleyicilerinden biri olan Osman yolda\u015f\u0131m\u0131z vard\u0131.<\/p>\n<p>     Bug\u00fcn\u00fcn post &#8211; modernist \u00f6ndercikleri  her a\u011f\u0131zlar\u0131n\u0131 a\u00e7t\u0131klar\u0131nda &#8221;Biz siyaset yapaca\u011f\u0131z ama param\u0131z yok&#8221; diye diye y\u0131llar\u0131 heba ederken  bakal\u0131m b\u00fct\u00e7elerinde tek kuru\u015f paras\u0131 olmayan, temin etti\u011fi paran\u0131n da \u00f6nemli k\u0131sm\u0131n\u0131 THKO MB Merkez Komitesi&#8217;ne aktaran Osman Karatop ve az say\u0131daki \u00f6teki yolda\u015flar\u0131 b\u00fct\u00fcn imkans\u0131zl\u0131klara ra\u011fmen iki y\u0131l i\u00e7erisinde Adana&#8217;da neler yapm\u0131\u015flar?<\/p>\n<p>     1976&#8217;dan 1978 y\u0131l\u0131n\u0131n sonuna kadar Adana&#8217;da \u0130plik- \u0130\u015f, Birle\u015fik Maden &#8211; \u0130\u015f Sendikas\u0131 ve Emekci Kad\u0131nlar Birli\u011fi&#8217;nin birer \u015fubeleri, Gen\u00e7 Emek\u00e7iler Birli\u011fi&#8217;nin iki \u015fubesi, Eme\u011fin Birli\u011fi gazetesinin bir b\u00fcrosu kuruldu. \u00c7ok say\u0131da miting, y\u00fcr\u00fcy\u00fc\u015f, seminer, bildiri da\u011f\u0131t\u0131m\u0131, grev destekleme, i\u015f\u00e7i mahallelerinde propaganda faaliyetleri \u00f6rg\u00fctlendi; her alanda M\u00fccadele Birli\u011fi Komiteleri kuruldu. Mevsimlik tar\u0131m i\u015f\u00e7ileri aras\u0131na ajitat\u00f6rler g\u00f6nderildi. 30 bin \u00fcyesi olan \u00c7ukosen sendikas\u0131ndan fa\u015fistleri atarak sendika ele ge\u00e7irildi. Sabanc\u0131 Holding&#8217;in Bossa, Sassa vb fabrikalar\u0131n\u0131n yan\u0131s\u0131ra Pakta\u015f ve Akg\u00fcn fabrikalar\u0131nda \u00f6nemli \u00f6rg\u00fctlenmeler yap\u0131ld\u0131; bu fabrikalarda M\u00fccadele Birli\u011fi Komiteleri kuruldu. Ba\u015fta T\u00d6B DER&#8217;li \u00f6\u011fretmenler olmak \u00fczere ayd\u0131nlar i\u00e7erisinde \u00f6nemli bir g\u00fc\u00e7 haline gelindi. Lise ve \u00fcniversitelerde hat\u0131r\u0131 say\u0131l\u0131r bir d\u00fczey yakaland\u0131. Ve yava\u015f yava\u015f Adana&#8217;n\u0131n il\u00e7elerine uzanan bir \u00f6rg\u00fctlenme a\u011f\u0131 kuruldu. \u0130\u015fte bunlar\u0131n t\u00fcm\u00fcn\u00fc s\u0131f\u0131r bir b\u00fct\u00e7e ile ve Osman yolda\u015f\u0131n da i\u00e7erisinde bulundu\u011fu be\u015f ki\u015filik bir ekiple ger\u00e7ekle\u015ftiriyorduk.<\/p>\n<p>     Bug\u00fcnlerde kaybetti\u011fimiz \u00c7ukurova proletaryas\u0131n\u0131n  \u00f6nderi   Osman Karatop  ve  m\u00fccadele yolda\u015flar\u0131n\u0131n bizlere b\u0131rakt\u0131klar\u0131 en b\u00fcy\u00fck hazine yolda\u015flar\u0131na ve s\u0131n\u0131fa g\u00fcven, kolektif \u00e7al\u0131\u015fma, Leninist \u00e7izgide \u0131srar;  tehlikelere bakmadan en \u00f6nde y\u00fcr\u00fcme; hi\u00e7 bir zaman TC devletine, onun yasall\u0131\u011f\u0131na ve burjuvaziye g\u00fcvenmeme; daima ba\u011f\u0131ms\u0131z s\u0131n\u0131f siyaseti izleme ve m\u00fccadelenin ihtiya\u00e7 duydu\u011fu b\u00fct\u00fcn ara\u00e7, yol ve bi\u00e7imleri teredd\u00fcts\u00fcz kullanma tutumudur.<\/p>\n<p>     Osman yolda\u015f\u0131 anmak demek onun m\u00fccadelesini y\u00fcr\u00fctt\u00fc\u011f\u00fc istem ve ama\u00e7lar u\u011fruna sava\u015f\u0131m y\u00fcr\u00fctmek demektir. <\/p>\n<p>     Osman Karatop yolda\u015f\u0131 \u00e7ok sevdi\u011fi Kom\u00fcnarlar\u0131n yan\u0131na u\u011furlarken onun o b\u00fcy\u00fck kavgas\u0131 \u00f6n\u00fcnde sayg\u0131yla e\u011filirken Osman yolda\u015fa ve Hatice yolda\u015fa diyoruz ki sizler her daim Kurdistan kom\u00fcnistlerinin kalbindesiniz.<\/p>\n<p>      Selam sizlere \u00c7ukurova&#8217;n\u0131n dik ba\u015fl\u0131 i\u015f\u00e7i \u00f6nderleri! <\/p>\n<p>               Yolda\u015f\u0131n\u0131z H\u00fcseyin \u0130\u015fli<\/p>\n<p>                   12 Temmuz 2019<\/p>\n","protected":false},"excerpt":{"rendered":"<p>Osman Karatop&#8217;un an\u0131s\u0131na! THKO MB 1975 &#8211; 76 y\u0131llar\u0131nda ortaya \u00e7\u0131kt\u0131\u011f\u0131 Ad\u0131yaman, Malatya ve Antep&#8217;ten T\u00fcrkiye ve K\u00fcrdistan&#8217;\u0131n \u00e7e\u015fitli b\u00f6lgelerine gen\u00e7 kadrolar yollayarak \u00f6rg\u00fctlenme ve propaganda faaliyetlerini dar bir co\u011frafi \u00e7er\u00e7evenin d\u0131\u015f\u0131na ta\u015f\u0131r\u0131p TC s\u0131n\u0131rlar\u0131n\u0131n kapsad\u0131\u011f\u0131 t\u00fcm alanlara yaymaya ba\u015flad\u0131. Parti olu\u015fum m\u00fccadelesi y\u00fcr\u00fctt\u00fc\u011f\u00fcm\u00fcz 1976 y\u0131l\u0131n\u0131n sonuna do\u011fru bana da i\u015f\u00e7ilerle yoksul k\u0131r emek\u00e7ilerinin ve &hellip;<\/p>\n","protected":false},"author":4,"featured_media":3093,"comment_status":"closed","ping_status":"closed","sticky":false,"template":"","format":"standard","meta":[],"categories":[54],"tags":[],"_links":{"self":[{"href":"http:\/\/www.dengekurdistan.de\/index.php?rest_route=\/wp\/v2\/posts\/3083"}],"collection":[{"href":"http:\/\/www.dengekurdistan.de\/index.php?rest_route=\/wp\/v2\/posts"}],"about":[{"href":"http:\/\/www.dengekurdistan.de\/index.php?rest_route=\/wp\/v2\/types\/post"}],"author":[{"embeddable":true,"href":"http:\/\/www.dengekurdistan.de\/index.php?rest_route=\/wp\/v2\/users\/4"}],"replies":[{"embeddable":true,"href":"http:\/\/www.dengekurdistan.de\/index.php?rest_route=%2Fwp%2Fv2%2Fcomments&post=3083"}],"version-history":[{"count":2,"href":"http:\/\/www.dengekurdistan.de\/index.php?rest_route=\/wp\/v2\/posts\/3083\/revisions"}],"predecessor-version":[{"id":3097,"href":"http:\/\/www.dengekurdistan.de\/index.php?rest_route=\/wp\/v2\/posts\/3083\/revisions\/3097"}],"wp:featuredmedia":[{"embeddable":true,"href":"http:\/\/www.dengekurdistan.de\/index.php?rest_route=\/wp\/v2\/media\/3093"}],"wp:attachment":[{"href":"http:\/\/www.dengekurdistan.de\/index.php?rest_route=%2Fwp%2Fv2%2Fmedia&parent=3083"}],"wp:term":[{"taxonomy":"category","embeddable":true,"href":"http:\/\/www.dengekurdistan.de\/index.php?rest_route=%2Fwp%2Fv2%2Fcategories&post=3083"},{"taxonomy":"post_tag","embeddable":true,"href":"http:\/\/www.dengekurdistan.de\/index.php?rest_route=%2Fwp%2Fv2%2Ftags&post=3083"}],"curies":[{"name":"wp","href":"https:\/\/api.w.org\/{rel}","templated":true}]}}