{"id":3081,"date":"2019-06-19T18:39:25","date_gmt":"2019-06-19T16:39:25","guid":{"rendered":"http:\/\/www.dengekurdistan.de\/?p=3081"},"modified":"2019-06-19T18:43:17","modified_gmt":"2019-06-19T16:43:17","slug":"halkin-rejime-oefkesi-zannedildiginden-bueyuek-ve-derindir-samet-erdogdu","status":"publish","type":"post","link":"http:\/\/www.dengekurdistan.de\/?p=3081","title":{"rendered":"Halk\u0131n rejime \u00f6fkesi zannedildi\u011finden b\u00fcy\u00fck ve derindir! Samet Erdo\u011fdu"},"content":{"rendered":"<p>CHP 70&#8217;li y\u0131llarda pop\u00fclist &#8221;Ak G\u00fcnlere&#8221; slogan\u0131yla \u00e7\u0131k\u0131\u015f yaparken art\u0131k &#8221;Ortan\u0131n Solu&#8217;ndan Demokratik Sol&#8221;a d\u00f6n\u00fc\u015ft\u00fc\u011f\u00fcn\u00fc s\u00f6yl\u00fcyor &#8221;\u0130\u015f i\u015fleyenin, Toprak Ekenin&#8221; t\u00fcr\u00fcnden i\u015f\u00e7i ve k\u00f6yl\u00fclere y\u00f6nelik pop\u00fclist vaadlerde bulunuyordu. Zamanla &#8221;sosyal demokrat&#8221;la\u015ft\u0131\u011f\u0131n\u0131 ilan etti. Ama hi\u00e7bir zaman &#8221;cumhuriyetin kurucu partisi&#8221; oldu\u011funu unutmad\u0131. &#8221;T\u00fcrk milli \u00e7\u0131karlar\u0131&#8221; ve kurdu\u011fu &#8221;devletin bekas\u0131&#8221;, s\u00f6zkonusu oldu\u011funda daima &#8221;sorumlu&#8221; davrand\u0131.<\/p>\n<p>K\u0131l\u0131\u00e7daro\u011flu bu sorumlu devlet adaml\u0131\u011f\u0131n\u0131n tipik temsilcisidir. Bug\u00fcne dek \u00f6ne s\u00fcrd\u00fc\u011f\u00fc belliba\u015fl\u0131 adaylar\u0131n profilleri K\u0131l\u0131\u00e7daro\u011flu ve ekibinin gerici karakterini sergilemeye yeter: Ekmeleddin \u0130hsano\u011flu, Muharrem \u0130nce, Mansur Yava\u015f, Ekrem \u0130mamo\u011flu&#8230; Al birini vur \u00f6b\u00fcr\u00fcne.<\/p>\n<p>\u00d6b\u00fcrlerini es ge\u00e7elim; Ekrem \u0130mamo\u011flu&#8217;nun profiline bakal\u0131m. Kimmi\u015f, meziyetleri nelermi\u015f? \u0130mamo\u011flu in\u015faat ve taahh\u00fct i\u015fleri yapan aile \u015firketinin y\u00f6netim kurulu ba\u015fkanl\u0131\u011f\u0131; Trabzonspor y\u00f6netim kurulu \u00fcyeli\u011fi ve Beylikd\u00fcz\u00fcspor Kl\u00fcb\u00fc y\u00f6neticili\u011fi yapm\u0131\u015f bir kapitalist. Babas\u0131 12 Eyl\u00fcl \u00f6ncesi s\u0131k\u0131 bir MHP&#8217;liymi\u015f, daha sonra ANAP&#8217;\u0131n Trabzon&#8217;da kurucusu ve merkez il\u00e7e ba\u015fkan\u0131 olmu\u015f. Ekrem \u0130mamo\u011flu da siyasete ilk olarak ANAP&#8217;tan girmi\u015f. Meziyetlerinden biri cumhuriyet\u00e7i de\u011ferlere ba\u011fl\u0131 bir muhafazakar olmas\u0131. Her 10 Kas\u0131m&#8217;da Atat\u00fcrk i\u00e7in Kuran okutup, mevl\u00fct yeme\u011fi da\u011f\u0131t\u0131yormu\u015f. CHP&#8217;ye girip Beylikd\u00fcz\u00fc Belediye ba\u015fkan\u0131 oldu\u011funda CHP&#8217;liler bile ona &#8221;AKP&#8217;li, MHP&#8217;li&#8221; demi\u015fler; Ekrem \u0130mamo\u011flu bundan rahats\u0131z olmak bir yana, toplumun her kesimine yak\u0131n g\u00f6r\u00fcld\u00fc\u011f\u00fc i\u00e7in fazlas\u0131yla memnunmu\u015f. Ekrem \u0130mamo\u011flu&#8217;nu AKP&#8217;liler de seviyormu\u015f; kendisi di\u011fer CHP&#8217;lilerin aksine AKP&#8217;li ba\u015fkanlarla g\u00f6r\u00fclmekten ka\u00e7\u0131nm\u0131yormu\u015f. Hedefi t\u00fcm partilerle ortak ak\u0131lla y\u00f6netilen bir \u0130stanbul&#8217;mu\u015f. Dedi\u011fine g\u00f6re &#8221;AKP Partili belediye ba\u015fkan\u0131 bile &#8221;\u0130yi ki bu adam\u0131 se\u00e7mi\u015fiz&#8221; diyecek. \u0130ddia ediyorum, biz \u00f6yle bir vizyon \u00e7izece\u011fiz ki g\u00fcn gelecek say\u0131n Cumhurba\u015fkan\u0131 bile bana oy verecek.&#8221; CHP Beylikd\u00fcz\u00fc \u0130l\u00e7e Ba\u015fkanl\u0131\u011f\u0131na tepeden atamayla inmi\u015f.; sonra da belediye ba\u015fkan\u0131 aday\u0131 olmu\u015f ve kazanm\u0131\u015f. K\u0131sacas\u0131 kapitalist ve yanar d\u00f6ner, her y\u00f6ne e\u011filir, Turgut \u00d6zal neslinin tam bir \u00f6rne\u011fi.<\/p>\n<p>Ekrem \u0130mamo\u011flu bu; ne eksik, ne fazla. Evet, kazand\u0131\u011f\u0131 se\u00e7im alicengiz oyunlar\u0131yla gasp edildi. Bu, kesinlikle kabul edilemez. G\u00f6stermelik de olsa halen &#8221;se\u00e7me ve se\u00e7ilme hakk\u0131&#8221; tamamen ortadan kald\u0131r\u0131lmad\u0131\u011f\u0131na g\u00f6re; herkesin bu hakka sayg\u0131 g\u00f6stermesi; hem se\u00e7menlerin iradesini hem de se\u00e7ilenin kazand\u0131\u011f\u0131 ger\u00e7e\u011fini tan\u0131mas\u0131 gerekir. Bu yap\u0131lm\u0131yorsa burada &#8221;direnme hakk\u0131&#8221; do\u011far. Yap\u0131lmas\u0131 gereken \u015fey i\u015fte bu direnme hakk\u0131n\u0131 kullanmakt\u0131r. Direnme hakk\u0131n\u0131 kullanmak sadece hak de\u011fil; ayn\u0131 zamanda g\u00f6revdir. Se\u00e7ilenin kendisini se\u00e7enlere kar\u015f\u0131 g\u00f6revidir. \u0130mamo\u011flu bu hakk\u0131 kullanmadi; o ve partisi YSK karar\u0131n\u0131 tan\u0131mad\u0131klar\u0131n\u0131, haks\u0131z yere tekrarlanacak olan se\u00e7imlere kat\u0131lmayacaklar\u0131n\u0131 ve kazand\u0131klar\u0131 ba\u015fkanl\u0131\u011f\u0131 b\u0131rakmayacaklar\u0131n\u0131 ilan edip; \u0130stanbullular\u0131 bu do\u011frultuda kendilerini desteklemeye \u00e7a\u011f\u0131rmad\u0131lar. Bir kez daha &#8221;Anayasaya ayk\u0131r\u0131 ama&#8221; dercesine bu hukuksuzlu\u011fa boyun e\u011fdiler ve se\u00e7imlerin yenilenmesine kerhen r\u0131za g\u00f6sterdiler. B\u00f6ylece AKP&#8217;nin kazan\u0131lm\u0131\u015f bir se\u00e7imi zorbaca \u00e7alma su\u00e7una boyun e\u011fdiler.<\/p>\n<p>CHP ve orta\u011f\u0131 \u0130Y\u0130 Parti&#8217;den &#8221;ortam\u0131 gerecek&#8221; bir tav\u0131r elbette beklenemezdi. AKP ve orta\u011f\u0131 MHP bunu bildikleri i\u00e7in kazan\u0131lm\u0131\u015f se\u00e7imi iptal etmeyi g\u00f6ze ald\u0131lar. 7 Haziran 2015 se\u00e7imlerinden bu yana ayn\u0131 filmi tekrar tekrar oynatmaktan ka\u00e7\u0131nmad\u0131lar. 2017 Nisan Anayasa oylamas\u0131n\u0131 OHAL ortam\u0131nda hile ve h\u0131rs\u0131zl\u0131kla k\u0131lpay\u0131 kazand\u0131lar. 2018 se\u00e7imlerini ayn\u0131 \u015fekilde bask\u0131, hile ve h\u0131rs\u0131zl\u0131kla kazand\u0131lar. Hatta bu se\u00e7imleri ger\u00e7ekten kazan\u0131p kazanmad\u0131klar\u0131 bile \u015f\u00fcpheli. Hepsinde de muhalefet biraz m\u0131zm\u0131zl\u0131k etmekten \u00f6teye gidemedi. Fa\u015fizme c\u00fcret veren bu pespaye tutum \u015fimdi de de\u011fi\u015fmi\u015f de\u011fil.<\/p>\n<p>Kemalist devlet\u00e7i CHP&#8217;nin, fa\u015fist \u0130Y\u0130 Parti ile kurdu\u011fu Millet \u0130ttifak\u0131&#8217;n\u0131n derdi &#8221;demokrasi ve \u00f6zg\u00fcrl\u00fckler&#8221; de\u011fil. Gelecekteki elveri\u015fli bir ortama sa\u011f salim eri\u015fmek, o zamana kadar g\u00fc\u00e7lerini korumak, kimi mevziler kazanmak istiyorlar. Tepeden t\u0131rna\u011fa fa\u015fistle\u015ftirilmi\u015f devlet kurumlar\u0131n\u0131n ba\u015f\u0131na ge\u00e7mek; iyice fa\u015fistle\u015ftirilmi\u015f hukuki yap\u0131da g\u00f6stermelik de\u011fi\u015fiklikler yapmaktan \u00f6teye gitmeyecek bir koalisyon h\u00fck\u00fcmeti kurmak ya da icinde yer almak i\u00e7in antrenman yap\u0131yorlar. Bir takvimleri var m\u0131? Bilmiyoruz; belki Fi tarihinde, belki yar\u0131ndan da yak\u0131n! muratlar\u0131na ererler.<\/p>\n<p>Bu partileri desteklemek gerekir mi? \u0130\u015f\u00e7i s\u0131n\u0131f\u0131n\u0131n, K\u00fcrt halk\u0131n\u0131n, Alevilerin, az\u0131nl\u0131klar\u0131n bu partileri desteklemek i\u00e7in bir tek nedenleri var m\u0131? Kimilerine g\u00f6re var: AKP&#8217;den kurtulmak, fa\u015fizmin kurumsalla\u015fmas\u0131n\u0131 durdurmak, burjuva demokratik bir ortam\u0131n do\u011fmas\u0131na imkan sa\u011flamak i\u00e7in bu iki partiyi &#8221;ba\u011fr\u0131m\u0131za ta\u015f basarak&#8221; desteklemek gerekir, diyorlar. Bu kesimler bir \u00f6ncelikler s\u0131ralamas\u0131 yap\u0131yorlar; mevcut ko\u015fullarda \u00f6nceli\u011fin AKP&#8217;yi devirmek oldu\u011funu, AKP&#8217;yi devirmenin burjuvazi ile proletarya, TC devleti ile K\u00fcrt ulusal kurtulu\u015f m\u00fccadelesi aras\u0131ndaki temel \u00e7eli\u015fkiyi ortadan kald\u0131rmayaca\u011f\u0131n\u0131, ama ba\u015f \u00e7eli\u015fki \u00e7\u00f6z\u00fclmeden temel \u00e7eli\u015fki \u00e7\u00f6z\u00fclemeyece\u011fine, \u015fu anda AKP &#8211; MHP bloku ile &#8221;demokrasi bloku&#8221; aras\u0131ndaki \u00e7eli\u015fki ba\u015f \u00e7eli\u015fki oldu\u011funa g\u00f6re ilk hedefin bu sorunu \u00e7\u00f6zmek oldu\u011funu ileri s\u00fcr\u00fcyorlar. Bu bak\u0131\u015f a\u00e7\u0131s\u0131ndan CHP kuyruk\u00e7ulu\u011funun maazereti daha uzun bir s\u00fcre boyunca mevcut kalacak demektir. Zira bug\u00fcn AKP- MHP ittifak\u0131n\u0131 devirmek veya geriletmek; yar\u0131n ise onlar\u0131n yeniden g\u00fc\u00e7lenmesini ve iktidara gelmesini engellemek i\u00e7in K\u00fcrtlerin, i\u015f\u00e7ilerin, alevilerin oylar\u0131n\u0131 her se\u00e7imde, en az\u0131ndan T\u00fcrkiye&#8217;de Millet \u0130ttifak\u0131&#8217;na y\u00f6nlendirmek; K\u00fcrdistan&#8217;da ise CHP&#8217;nin kendi saflar\u0131nda yer vermeyece\u011fi bir k\u0131s\u0131m eski solcular\u0131 vekil yapmak i\u00e7in HDP&#8217;ye y\u00f6nlendirmek gerekecektir.<\/p>\n<p>&#8220;Ba\u015f \u00e7eli\u015fki&#8221;, &#8220;ba\u015f d\u00fc\u015fman&#8221;, &#8220;somut ko\u015fullar\u0131n somut tahlili&#8221; arg\u00fcmanlar\u0131 CHP ve \u0130yi Parti&#8217;nin &#8221;Millet \u0130ttifak\u0131&#8221;n\u0131n destek\u00e7isi konumuna d\u00fc\u015fmeyi hakl\u0131 \u00e7\u0131karmaz. Devrimci demokratik g\u00fc\u00e7lerin g\u00f6revi kitlelere \u00fc\u00e7\u00fcnc\u00fc bir se\u00e7enek sunmak, bu \u00fc\u00e7\u00fcnc\u00fc cephede g\u00fc\u00e7 yo\u011funla\u015ft\u0131rmak, bu g\u00fc\u00e7leri somut bir program etraf\u0131nda seferber etmektir.<\/p>\n<p>D\u00fc\u015fman g\u00fc\u00e7ler aras\u0131ndaki \u00e7atlaklardan, bi\u00e7imsel \u00e7eli\u015fkilerden, tekil ayr\u0131l\u0131k noktalar\u0131ndan yararlanmak onlardan birilerinin pe\u015finden s\u00fcr\u00fcklenmekle, oyunda pasif fig\u00fcran rol\u00fcn\u00fc kabul etmekle m\u00fcmk\u00fcn olmaz. Her\u015feyden \u00f6nce oyunun kurallar\u0131 aleyhte kurgulanm\u0131\u015ft\u0131r. 24 Haziran 2018 erken se\u00e7imleriyle y\u00fcr\u00fcrl\u00fc\u011fe konan yeni anayasal sistemle birlikte fa\u015fizmin kurumsalla\u015fmas\u0131 ger\u00e7ekle\u015ftirilmi\u015ftir. Klasik fa\u015fizmden farkl\u0131 olarak bu sistemde b\u00fct\u00fcn partiler, sendikalar, dernekler, bas\u0131n &#8211; yay\u0131n organlar\u0131 vs. kapat\u0131lmam\u0131\u015f; sistemi maskeleyen, me\u015frula\u015ft\u0131ran unsurlar olarak mevcudiyetlerine dokunulmam\u0131\u015ft\u0131r. Fa\u015fizmin yeni bir bi\u00e7imiyle kar\u015f\u0131 kar\u015f\u0131yay\u0131z. Partiler var, se\u00e7imler yap\u0131l\u0131yor, parlamento yerinde duruyor; ama b\u00fct\u00fcn g\u00fc\u00e7 tek elde toplanm\u0131\u015f bulunuyor.<\/p>\n<p>\u00d6ncelikle bu ikili\u011fi bozmak gerekiyor: Fa\u015fizmin &#8221;demokratik&#8221; maskesini d\u00fc\u015f\u00fcrmek! Onun belirledi\u011fi kurallar \u00fczerinde sahneye \u00e7\u0131kmay\u0131 reddetmek; hakemlerini kendisinin tayin etti\u011fi minderde g\u00fcre\u015fe tutu\u015fmamak. Onu ba\u015fka sahalara, minderlere \u00e7ekmek.<\/p>\n<p>Halk\u0131n rejime \u00f6fkesi zannedildi\u011finden b\u00fcy\u00fck ve derindir. Bu \u00f6fkenin sahte se\u00e7im sand\u0131klar\u0131na k\u0131smen yans\u0131mas\u0131 rejimin ka\u00e7\u0131namayaca\u011f\u0131; hatta bir \u00f6l\u00e7\u00fcye kadar halk nabz\u0131n\u0131 \u00f6l\u00e7mek i\u00e7in ihtiya\u00e7 duydu\u011fu bir so\u011futma, yat\u0131\u015ft\u0131rma, sapt\u0131rma, dindirme, ate\u015f d\u00fc\u015f\u00fcrme tedbiridir. Fakat fa\u015fizmi geriletme, kurumsalla\u015fmas\u0131n\u0131 \u00e7elmeleme i\u015flevi ona atfedilen bo\u015f bir beklenti, ill\u00fczyondur. Halk\u0131n devrimci eylemlere itibar etmedi\u011fi, hen\u00fcz devrimci kalk\u0131\u015fmalara giri\u015fme iste\u011fi duymad\u0131\u011f\u0131, bu y\u00fczden se\u00e7imlere kat\u0131l\u0131p ehven-i \u015fer olan\u0131 yapmak, hatta daha ileri gidip &#8221;i\u015flevli oy&#8221; kullanmak, &#8221;stratejik oy kullanmak&#8221; gerekti\u011fi t\u00fcr\u00fcnden hi\u00e7 de yabanc\u0131s\u0131 olmad\u0131\u011f\u0131m\u0131z bayatlam\u0131\u015f arg\u00fcmanlar \u00e7\u00fcr\u00fckt\u00fcr. CHP&#8217;sine oy kanalize etmeye y\u00f6nelik bu &#8221;ak\u0131ll\u0131 politikalar&#8221;\u0131n i\u015f\u00e7i s\u0131n\u0131f\u0131n\u0131n ba\u011f\u0131ms\u0131z politik hatt\u0131 ile zerrece alakas\u0131 yok. Emek\u00e7i s\u0131n\u0131flar\u0131n geri \u00f6\u011felerinin ruhunu ok\u015fayan, onlar\u0131 burjuvaziden kopar\u0131p ayr\u0131 bir politik hat \u00fczerinde birle\u015ftirmeyen, s\u0131radan insanlar\u0131n geri bilin\u00e7lerine teslim olma yerine bilimsel sosyalizmin seviyesine y\u00fckseltme kayg\u0131s\u0131 ta\u015f\u0131mayan pop\u00fclist, g\u00fcn\u00fcbirlik, sosyalizmi yeniden g\u00f6zden ge\u00e7irmeci ve s\u00f6zde yenilemeci ak\u0131mlar\u0131n 70&#8217;li y\u0131llarda izledikleri politikalar\u0131n yeni bir tekerr\u00fcr\u00fc ile kar\u015f\u0131 kar\u015f\u0131yay\u0131z.<\/p>\n","protected":false},"excerpt":{"rendered":"<p>CHP 70&#8217;li y\u0131llarda pop\u00fclist &#8221;Ak G\u00fcnlere&#8221; slogan\u0131yla \u00e7\u0131k\u0131\u015f yaparken art\u0131k &#8221;Ortan\u0131n Solu&#8217;ndan Demokratik Sol&#8221;a d\u00f6n\u00fc\u015ft\u00fc\u011f\u00fcn\u00fc s\u00f6yl\u00fcyor &#8221;\u0130\u015f i\u015fleyenin, Toprak Ekenin&#8221; t\u00fcr\u00fcnden i\u015f\u00e7i ve k\u00f6yl\u00fclere y\u00f6nelik pop\u00fclist vaadlerde bulunuyordu. Zamanla &#8221;sosyal demokrat&#8221;la\u015ft\u0131\u011f\u0131n\u0131 ilan etti. Ama hi\u00e7bir zaman &#8221;cumhuriyetin kurucu partisi&#8221; oldu\u011funu unutmad\u0131. &#8221;T\u00fcrk milli \u00e7\u0131karlar\u0131&#8221; ve kurdu\u011fu &#8221;devletin bekas\u0131&#8221;, s\u00f6zkonusu oldu\u011funda daima &#8221;sorumlu&#8221; davrand\u0131. K\u0131l\u0131\u00e7daro\u011flu bu &hellip;<\/p>\n","protected":false},"author":4,"featured_media":1012,"comment_status":"closed","ping_status":"closed","sticky":false,"template":"","format":"standard","meta":[],"categories":[54,110],"tags":[],"_links":{"self":[{"href":"http:\/\/www.dengekurdistan.de\/index.php?rest_route=\/wp\/v2\/posts\/3081"}],"collection":[{"href":"http:\/\/www.dengekurdistan.de\/index.php?rest_route=\/wp\/v2\/posts"}],"about":[{"href":"http:\/\/www.dengekurdistan.de\/index.php?rest_route=\/wp\/v2\/types\/post"}],"author":[{"embeddable":true,"href":"http:\/\/www.dengekurdistan.de\/index.php?rest_route=\/wp\/v2\/users\/4"}],"replies":[{"embeddable":true,"href":"http:\/\/www.dengekurdistan.de\/index.php?rest_route=%2Fwp%2Fv2%2Fcomments&post=3081"}],"version-history":[{"count":1,"href":"http:\/\/www.dengekurdistan.de\/index.php?rest_route=\/wp\/v2\/posts\/3081\/revisions"}],"predecessor-version":[{"id":3082,"href":"http:\/\/www.dengekurdistan.de\/index.php?rest_route=\/wp\/v2\/posts\/3081\/revisions\/3082"}],"wp:featuredmedia":[{"embeddable":true,"href":"http:\/\/www.dengekurdistan.de\/index.php?rest_route=\/wp\/v2\/media\/1012"}],"wp:attachment":[{"href":"http:\/\/www.dengekurdistan.de\/index.php?rest_route=%2Fwp%2Fv2%2Fmedia&parent=3081"}],"wp:term":[{"taxonomy":"category","embeddable":true,"href":"http:\/\/www.dengekurdistan.de\/index.php?rest_route=%2Fwp%2Fv2%2Fcategories&post=3081"},{"taxonomy":"post_tag","embeddable":true,"href":"http:\/\/www.dengekurdistan.de\/index.php?rest_route=%2Fwp%2Fv2%2Ftags&post=3081"}],"curies":[{"name":"wp","href":"https:\/\/api.w.org\/{rel}","templated":true}]}}