{"id":3031,"date":"2019-04-26T00:44:17","date_gmt":"2019-04-25T22:44:17","guid":{"rendered":"http:\/\/www.dengekurdistan.de\/?p=3031"},"modified":"2019-04-26T00:57:25","modified_gmt":"2019-04-25T22:57:25","slug":"akilda-bulunsun","status":"publish","type":"post","link":"http:\/\/www.dengekurdistan.de\/?p=3031","title":{"rendered":"AKILDA BULUNSUN, Kemal Bilget"},"content":{"rendered":"<p>D\u00fcnden bug\u00fcne toplumun yo\u011fun olarak konu\u015ftu\u011fu g\u00fcndem biliniyor: K\u0131l\u0131\u00e7daro\u011flu&#8217;nun yumruklanmas\u0131 ve ard\u0131ndan s\u0131\u011f\u0131nd\u0131\u011f\u0131 evin bas\u0131larak anamuhalefet partisi ba\u015fkan\u0131n\u0131n lin\u00e7 edilmek veya yak\u0131lmak istenmesi.<br \/>\nOlay \u00f6nemli. T\u00fcrkiye&#8217;de \u00f6teden beri ya\u015fanan benzer \u00f6nemli olaylar\u0131n bir benzeri. K\u0131l\u0131\u00e7daro\u011flu&#8217;na at\u0131lan yumru\u011fun hemen Ahmet T\u00fcrk&#8217;\u00fc hat\u0131rlatmas\u0131 ve &#8220;K\u00dcRD\u00dc D\u00d6VD\u00dcRMEYECEKT\u0130K&#8221; \u00f6zetlemesini yo\u011fun bir bi\u00e7imde payla\u015f\u0131ma sokmas\u0131 da \u00f6nemli elbette. Sald\u0131r\u0131y\u0131 k\u0131nama ve prot\u00f6sto yo\u011funlu\u011fu da anla\u015f\u0131l\u0131r bir durum.<br \/>\nYumruk atan ve atmaya \u00e7al\u0131\u015fanlar tv kameralar\u0131nda kay\u0131tl\u0131lar. Gizlileri sakl\u0131lar\u0131 yok. San\u0131r\u0131m olayla ilgilenen her akl\u0131 selim insan\u0131n kendi kendisine ve ba\u015fkalar\u0131na sordu\u011fu soru ise \u015fu: &#8220;Kemal K\u0131l\u0131\u00e7daro\u011flu&#8217;na yap\u0131lan bu sald\u0131r\u0131y\u0131 kimler planlad\u0131? &#8221;<br \/>\nSoruyu soranlar cevab\u0131n\u0131 da a\u015fa\u011f\u0131 \/ yukar\u0131 biliyorlar asl\u0131nda. &#8220;Devlet&#8221; diyorlar. Sonra cevab\u0131 biraz daha a\u00e7\u0131yorlar : &#8221; Tayyip Erdo\u011fan ve Bah\u00e7eli&#8217;nin ba\u015f\u0131n\u0131 \u00e7ekti\u011fi, \u0130\u00e7i\u015fleri ve Milli Savunma bakanl\u0131klar\u0131n\u0131n ve tabii istihbarat \u00f6rg\u00fctlerinin rol ald\u0131\u011f\u0131 yap\u0131&#8221; diye. \u00d6ncelikle biline ki, bu cevap eksik.<br \/>\nTaaa 7 Haziran se\u00e7imlerinden bu yana bizim K\u00fcrt siyasi \u00e7evrelerinde ve T\u00fcrkiye sol cenah\u0131nda bir noktan\u0131n \u00fcst\u00fc hep es ge\u00e7iliyor: Tayyip efendinin G\u00fclen cemaati ile ipleri kopard\u0131\u011f\u0131ndan beri T\u00fcrkiye&#8217;de iktidar iki de\u011fil \u00fc\u00e7 ayakl\u0131d\u0131r. Siyaseten s\u00f6yleyeyim: \u00d6ncesi de var ama, G\u00fclen ortakl\u0131\u011f\u0131 bitildikten beridir T\u00fcrkiyeyi yaln\u0131zca Tayyip ve Bah\u00e7eli y\u00f6netmiyor. AKP + MHP + Ergenekoncular ( bu derin devlet\u00e7i ulusalc\u0131lar diye okuna ve onlar\u0131n siyasi temsilciilerinin siyasi karar vericiler aras\u0131nda oldu\u011fu asla unutulmaya) Bu s\u00f6yleyip yazd\u0131\u011f\u0131m\u0131n yal\u0131n anlam\u0131 \u015fu: TC devleti kuruldu\u011fundan beri i\u015flenmi\u015f t\u00fcm siyasi cinayetlerin, t\u00fcm toplu katliamlar\u0131n karar vericisi gizlisi ve a\u00e7\u0131\u011f\u0131yla, derini ve yukas\u0131yla devlettir. Yani birlikte. Yani yaln\u0131zca derin devlet de\u011fil. Uzatmadan yazay\u0131m; N\u0130YE? Bilenler bildikleri t\u00fcm ya\u015fanm\u0131\u015f olaylar\u0131 g\u00f6zden ge\u00e7irsinler; bilmeyenler ula\u015fabildikleri ilgili belgeleri incelesinler: T\u00fcm cinayetler, toplu katliamlar ve K\u0131l\u0131\u00e7daro\u011flu&#8217;nun ba\u015f\u0131na gelen gibi infial uyand\u0131racak olaylar s\u0131ras\u0131nda toplumun bildi\u011fi normal kolluk g\u00fc\u00e7leri ( resmi polis ve jandarma) olay yerinde genellikle bulunmazlar. \u00c7\u00fcnk\u00fc onlar\u0131n bilmeden bir yanl\u0131\u015fl\u0131k yapmas\u0131ndan, \u00f6rne\u011fin olmas\u0131 isteneni engellemeye kalkacaklar\u0131ndan veya yakalanmas\u0131 istenmeyen bir san\u0131\u011f\u0131 yakalamas\u0131ndan korkarlar. Bu vb. nedenlerle karar vericilerle aleni olan kolluk g\u00fc\u00e7lerine emir ve komuta edenler bu \u00f6zel durumlarda birlikte \u00e7al\u0131\u015f\u0131rlar. \u0130\u015fte bu birlikte \u00e7al\u0131\u015fma nedeniyledir ki, resmi kolluk g\u00fc\u00e7leri genellikle olmas\u0131 gereken yerde olmaz ama, olduklar\u0131nda da olay \u00e7\u0131kmas\u0131na ortam haz\u0131rlama davran\u0131\u015flar\u0131 i\u00e7erisinde olurlar.<br \/>\n\u00d6zetin \u00f6zeti: olmas\u0131 gerekirken ortada resmi g\u00fcvenlik g\u00fc\u00e7leri yoksa ( \u00c7ubuk&#8217;ta oldu\u011fu gibi), varlar ama gereksiz yere ortam\u0131 germeye ve kendileri olay \u00e7\u0131karmaya \u00e7al\u0131\u015f\u0131yorlarsa devlet bir haltlar kar\u0131\u015ft\u0131rmak \u00fczeredir. Olay olmu\u015f da, ard\u0131ndan devlet t\u00fcm ayg\u0131tlar\u0131 ve a\u011f\u0131zlar\u0131yla birlikte olay\u0131 buland\u0131rmaya, delilleri karartmaya, san\u0131klar\u0131 korumaya ve kollamaya \u00e7al\u0131\u015f\u0131yorsa&#8230;Hep oldu\u011fu gibi.<br \/>\n22.04.2019<br \/>\nKemal Bilget<\/p>\n","protected":false},"excerpt":{"rendered":"<p>D\u00fcnden bug\u00fcne toplumun yo\u011fun olarak konu\u015ftu\u011fu g\u00fcndem biliniyor: K\u0131l\u0131\u00e7daro\u011flu&#8217;nun yumruklanmas\u0131 ve ard\u0131ndan s\u0131\u011f\u0131nd\u0131\u011f\u0131 evin bas\u0131larak anamuhalefet partisi ba\u015fkan\u0131n\u0131n lin\u00e7 edilmek veya yak\u0131lmak istenmesi. Olay \u00f6nemli. T\u00fcrkiye&#8217;de \u00f6teden beri ya\u015fanan benzer \u00f6nemli olaylar\u0131n bir benzeri. K\u0131l\u0131\u00e7daro\u011flu&#8217;na at\u0131lan yumru\u011fun hemen Ahmet T\u00fcrk&#8217;\u00fc hat\u0131rlatmas\u0131 ve &#8220;K\u00dcRD\u00dc D\u00d6VD\u00dcRMEYECEKT\u0130K&#8221; \u00f6zetlemesini yo\u011fun bir bi\u00e7imde payla\u015f\u0131ma sokmas\u0131 da \u00f6nemli elbette. Sald\u0131r\u0131y\u0131 k\u0131nama &hellip;<\/p>\n","protected":false},"author":4,"featured_media":855,"comment_status":"closed","ping_status":"closed","sticky":false,"template":"","format":"standard","meta":[],"categories":[54,62,61],"tags":[],"_links":{"self":[{"href":"http:\/\/www.dengekurdistan.de\/index.php?rest_route=\/wp\/v2\/posts\/3031"}],"collection":[{"href":"http:\/\/www.dengekurdistan.de\/index.php?rest_route=\/wp\/v2\/posts"}],"about":[{"href":"http:\/\/www.dengekurdistan.de\/index.php?rest_route=\/wp\/v2\/types\/post"}],"author":[{"embeddable":true,"href":"http:\/\/www.dengekurdistan.de\/index.php?rest_route=\/wp\/v2\/users\/4"}],"replies":[{"embeddable":true,"href":"http:\/\/www.dengekurdistan.de\/index.php?rest_route=%2Fwp%2Fv2%2Fcomments&post=3031"}],"version-history":[{"count":3,"href":"http:\/\/www.dengekurdistan.de\/index.php?rest_route=\/wp\/v2\/posts\/3031\/revisions"}],"predecessor-version":[{"id":3034,"href":"http:\/\/www.dengekurdistan.de\/index.php?rest_route=\/wp\/v2\/posts\/3031\/revisions\/3034"}],"wp:featuredmedia":[{"embeddable":true,"href":"http:\/\/www.dengekurdistan.de\/index.php?rest_route=\/wp\/v2\/media\/855"}],"wp:attachment":[{"href":"http:\/\/www.dengekurdistan.de\/index.php?rest_route=%2Fwp%2Fv2%2Fmedia&parent=3031"}],"wp:term":[{"taxonomy":"category","embeddable":true,"href":"http:\/\/www.dengekurdistan.de\/index.php?rest_route=%2Fwp%2Fv2%2Fcategories&post=3031"},{"taxonomy":"post_tag","embeddable":true,"href":"http:\/\/www.dengekurdistan.de\/index.php?rest_route=%2Fwp%2Fv2%2Ftags&post=3031"}],"curies":[{"name":"wp","href":"https:\/\/api.w.org\/{rel}","templated":true}]}}