{"id":2890,"date":"2018-10-27T21:37:07","date_gmt":"2018-10-27T19:37:07","guid":{"rendered":"http:\/\/www.dengekurdistan.de\/?p=2890"},"modified":"2018-10-29T14:20:32","modified_gmt":"2018-10-29T13:20:32","slug":"oesp-myk-tarafindan-yapilan-son-aciklama-hakkinda-ii","status":"publish","type":"post","link":"http:\/\/www.dengekurdistan.de\/?p=2890","title":{"rendered":"\u00d6SP MYK TARAFINDAN YAPILAN SON A\u00c7IKLAMA HAKKINDA &#8211; II"},"content":{"rendered":"<p>\u00d6SP MYK A\u00c7IKLAMASI HAKKINDA &#8211; 2<\/p>\n<p>\u00d6SP MYK&#8217;n\u0131n Bas\u0131na ve Kamuoyuna yapt\u0131\u011f\u0131 &#8221;\u00d6SP\u2019N\u0130N, KKP ADINI ALMA S\u00dcRE\u00c7LER\u0130 HAKKINDA!&#8221; ba\u015fl\u0131kl\u0131 duyurusuna ili\u015fkin yaz\u0131m\u0131za kald\u0131\u011f\u0131m\u0131z yerden devam ediyoruz.<\/p>\n<p>&#8211; Bu zatlar &#8221;bizim i\u00e7in art\u0131k ok yaydan \u00e7\u0131km\u0131\u015ft\u0131r d\u00f6n\u00fc\u015f yoktur. Bu ad\u0131m\u0131 atarken y\u0131llar\u0131n tart\u0131\u015fmas\u0131n\u0131 arkalam\u0131\u015f\u0131z, birilerine tepki veya inat de\u011fil kendi karar ve y\u00f6neli\u015fimizin gere\u011fini yap\u0131yoruz, geriye d\u00f6n\u00fc\u015f\u00fc de yoktur. Karar bizimdir sonu\u00e7lar\u0131na katlanacak olan da \u00fclkede ya\u015fayan bizleriz, Avrupa\u2019da itiraz eden kimi kadrolara ne oluyor?&#8221; diyorlar.<\/p>\n<p>&#8221;D\u00f6n\u00fc\u015f\u00fc olmayan yol&#8221; ac\u0131kl\u0131 ve g\u00fcl\u00fcn\u00e7 bir yol. \u00d6SP II. Kongresinin ald\u0131\u011f\u0131 karar &#8221;KKP ismini \u00d6SP III. Kongresinde almak&#8221; karar\u0131 de\u011fildir. B\u00f6yle sa\u00e7ma karar olmaz. Bir sonraki kongrenin alaca\u011f\u0131 karar \u00f6nceden verilmez. Ald\u0131\u011f\u0131n\u0131z &#8221;karar ve y\u00f6neli\u015f&#8221; bu \u00f6neriyi III. Kongrenize ta\u015f\u0131ma, orda tart\u0131\u015fma ve bir sonuca ba\u011flama karar\u0131d\u0131r. Orda ne karar \u00e7\u0131kaca\u011f\u0131n\u0131 pe\u015finen ipotek alt\u0131na al\u0131rsan\u0131z, kongre iradesini \u015fimdiden bask\u0131 alt\u0131na alm\u0131\u015f olursunuz. Biz \u00f6yle yapmad\u0131k. KKP, 1. Kongresinden 8. Kongresine kadar b\u00fct\u00fcn kongrelerinde partinin illegal varl\u0131\u011f\u0131na vurgu yapmas\u0131na ra\u011fmen, 7. Kongre \u00f6ncesinde teklif edilen &#8221;kendinizi fesh edin&#8221; \u00f6nerisini &#8221;\u00f6lmek var &#8211; d\u00f6nmek yok&#8221; tarz\u0131nda kar\u015f\u0131lamad\u0131. Eyl\u00fcl 2015&#8217;teki toplant\u0131da size, &#8221;buna kongre karar verir&#8221; denildi ve hemen kongre haz\u0131rl\u0131klar\u0131na giri\u015fildi. Kongre&#8217;de partinin fesh edilmesi \u00f6neriniz tart\u0131\u015f\u0131ld\u0131 ve reddedildi. Sonraki aylarda siz &#8221;niye karar\u0131n\u0131z\u0131 uygulam\u0131yorsunuz?&#8221; diye avaz avaz ba\u011f\u0131rd\u0131n\u0131z; sanki parti kendini fesih karar\u0131 alm\u0131\u015f gibi k\u0131yamet kopard\u0131n\u0131z. Oysa karar  tam\u0131 tam\u0131na \u201cKKP 7. Kongresi, \u00fclkede \u00d6SP\u2019nin III. Genel Kongrede sonu\u00e7lanacak olan KKP\u2019lile\u015fme \u00e7al\u0131\u015fmas\u0131n\u0131 destekler ve bu s\u00fcre\u00e7te yer al\u0131r ve sahiplenir\u201d karar\u0131yd\u0131. \u00d6SP KKPlile\u015fecek olursa, yani kendini fesh eder, KKP program ve t\u00fcz\u00fc\u011f\u00fcn\u00fc kabul eder, KKP MK y\u00f6netimi alt\u0131na girerse KKP bunu destekleyecekti. Bu karar\u0131n KKP t\u00fcz\u00fc\u011f\u00fcne g\u00f6re bundan ba\u015fka bir anlam\u0131 ve de\u011feri yoktu. Yine de &#8221;\u00f6lmek var, d\u00f6nmek yok&#8221; denmedi. 7. Kongrenin \u00fczerinden 6 ay ge\u00e7meden KKP III. Konferans\u0131 topland\u0131. III. Konferans  size &#8221;karar\u0131n\u0131z\u0131 geri \u00e7ekin&#8221; dedi. KKP Program ve T\u00fcz\u00fc\u011f\u00fcn\u00fc \u00d6SP Kongresinde de\u011fi\u015ftirme sa\u00e7mal\u0131\u011f\u0131n\u0131 ve \u00c7ifty\u00fcre\u011fin konferansa yollad\u0131\u011f\u0131 a\u011f\u0131r \u00fcltimatomu k\u0131nad\u0131. Yine &#8221;\u00f6lmek var, d\u00f6nmek yok&#8221; demedi, 8. Kongreyi erken toplamay\u0131 tavsiye etti. KKP MK&#8217;nin konferans\u0131n tavsiyesine uyma zorunlulu\u011fu t\u00fcz\u00fcksel olarak yok. Konferans\u0131n tavsiye kararlar\u0131 MK onaylad\u0131ktan sonra ge\u00e7erlilik kazan\u0131r. Yine de MK bu tavsiyeyi g\u00f6z\u00f6n\u00fcnde bulundurdu. 7. Kongrenin se\u00e7ti\u011fi MK May\u0131s 2017&#8217;de kongreyi toplad\u0131. Normal tarihi 2019&#8217;dan daha erken olmayan kongre ola\u011fan\u00fcst\u00fc topland\u0131. &#8221;KKP&#8217;yi fesh etme&#8221; \u015fans\u0131 size tan\u0131nd\u0131; yine ba\u015faramad\u0131n\u0131z. Tam bir hezimete u\u011frad\u0131n\u0131z ve kongreyi terk ettiniz.<\/p>\n<p>\u015eimdi III. Kongrenize gideceksiniz. KKP diyor ki &#8221;ben var\u0131m, kendimi fesh etmedim, fesh etme karar\u0131 almad\u0131m; benim ad\u0131m\u0131 almay\u0131n!&#8221; Konu bu kadar basit. Halen zaman\u0131n\u0131z var, biraz sa\u011fduyulu olun, kongrenizin iradesini pe\u015finen bask\u0131 alt\u0131na almay\u0131n, ba\u011flamay\u0131n, sakin sakin tart\u0131\u015f\u0131n, ya normal isminizle devam edin ya da ba\u015fka bir isim \u00fczerinde tart\u0131\u015f\u0131n. &#8221;Sonu\u00e7lar\u0131na biz katlanaca\u011f\u0131z, size ne oluyor&#8221; diye terbiyesizlik etmekten vaz ge\u00e7in. Mesele sizin hangi sonu\u00e7lara katlanaca\u011f\u0131n\u0131z sorunu de\u011fil; bize kahramanl\u0131k satmaya kalk\u0131\u015fmay\u0131n. Ay\u0131p. Siz bizim ismimizi \u00e7al\u0131yorsunuz; yalan s\u00f6yl\u00fcyor, KKP kendini fesh etti diye kamuoyuna yalan a\u00e7\u0131klamalar yap\u0131yorsunuz. Siz b\u00f6yle mi siyaset yapacaks\u0131n\u0131z? Kadrolar\u0131n\u0131z\u0131, halk\u0131, kamuoyunu kand\u0131rarak m\u0131 &#8221;KKP&#8221; olacaks\u0131n\u0131z. Bunu yapmay\u0131n. <\/p>\n<p>&#8221;Biz ne yapaca\u011f\u0131m\u0131z\u0131 biliriz? \u0130stedi\u011fimiz gibi davran\u0131r\u0131z, \u00e7\u00fcnk\u00fc sonu\u00e7lar\u0131na biz katlanaca\u011f\u0131z!&#8221; Mesele bizi birinci derecede ilgilendiriyor muhteremler, bizim ismimizi \u00e7al\u0131yorsunuz; devrimci hareketi ilgilendiriyor, devrimci harekette pis bir \u00e7ocukluk hastal\u0131\u011f\u0131n\u0131 yeniden canland\u0131r\u0131yorsunuz? KKP var, her yerde var. Kendini legal olarak kurmak isterse buna kongresi karar verir. 8  tane Kongrenin ve 3 tane konferans\u0131n hi\u00e7birinde kendini fesh etme, ba\u015fka partiye iltihak etme karar\u0131 yok. <\/p>\n<p>Siz diyorsunuz ki &#8221;biz zaten KKP program ve t\u00fcz\u00fc\u011f\u00fcn\u00fc de\u011fi\u015ftirece\u011fiz&#8221;<\/p>\n<p>KKP diyor ki &#8221;E\u011fer kongremiz gerek g\u00f6r\u00fcrse kendi program ve t\u00fcz\u00fc\u011f\u00fcm\u00fcz\u00fc kendimiz de\u011fi\u015ftiririz; siz de\u011fi\u015ftiremezsiniz, b\u00f6yle bir hakk\u0131n\u0131z yok.&#8221; <\/p>\n<p>Siz diyorsunuz ki &#8221;KKP yar\u0131m kalan 8. Kongresini toplad\u0131. Kendini fesh etti.&#8221;<\/p>\n<p>KKP diyor ki &#8221;Yalan s\u00f6yl\u00fcyorsunuz. KKP 8. Kongresi yar\u0131m kalmad\u0131. Kongreyi terkedenler kongrede haz\u0131r delegelerin \u00fc\u00e7te biri bile de\u011fildi. Bu kongreyi nas\u0131l yar\u0131m kongre sayars\u0131n\u0131z.&#8221;<\/p>\n<p>&#8221;Biz KKP&#8217;yi legal kuruyoruz, risk al\u0131yoruz. Buna sevinin. Sesinizi kesin.&#8221; diyorsunuz.<\/p>\n<p>KKP diyor ki &#8221;E\u011fer kongremiz gerek g\u00f6r\u00fcrse kendimizi fesh eder, legale kendi karar\u0131m\u0131zla \u00e7\u0131kar\u0131z. Sizden bizim yerimize riske girmenizi istemiyoruz. Bizi bor\u00e7lu \u00e7\u0131karmay\u0131n. Yapt\u0131\u011f\u0131n\u0131z ahlaks\u0131zl\u0131kt\u0131r, ismimizi \u00e7almakt\u0131r; buna m\u00fcnasip k\u0131l\u0131f bulmaya \u00e7al\u0131\u015fmay\u0131n. Ayn\u0131 tabelayla, ayn\u0131 isim ve sembollerle \u015firket bile kurulmaz.&#8221;<\/p>\n<p>Siz diyorsunuz ki &#8221;7. Kongre \u00d6SP&#8217;nin KKPlile\u015fmesi y\u00f6neli\u015fini destekleme karar\u0131 ald\u0131.&#8221;<\/p>\n<p>KKP diyor ki &#8221;O karar sizin KKPlile\u015fmenizi, yani kendinizi fesh edip KKP iradesi alt\u0131na girmenizi desteklemedir. T\u00fcz\u00fc\u011f\u00fcm\u00fczde ba\u015fka t\u00fcrl\u00fc KKPlile\u015fme yoktur. KKP \u00fcyesi olmak isteyen herkes, ister hakiki \u015fah\u0131s (\u00f6zel \u015fah\u0131s), ister h\u00fckmi \u015fah\u0131s (t\u00fczel \u015fah\u0131s) olsun, KKP program ve t\u00fcz\u00fc\u011f\u00fcn\u00fc kabul etmek, KKP karar ve y\u00f6netim organlar\u0131n\u0131n otoritesini tan\u0131mak, KKP organlar\u0131ndan birinde faaliyet y\u00fcr\u00fctmekle y\u00fck\u00fcml\u00fcd\u00fcr. Buyurun, kongreniz buna karar verirse, biz buna a\u00e7\u0131\u011f\u0131z, destekleriz.&#8221;<\/p>\n<p>Siz diyorsunuz ki &#8221;Hay\u0131r KKP karar\u0131 KKP t\u00fcz\u00fc\u011f\u00fcne g\u00f6re yorumlanmaz, bizim kendi \u015ferhimize g\u00f6re yorumlan\u0131r.  Biz neye niyet etmi\u015fsek odur!&#8221;<\/p>\n<p>KKP diyor ki &#8221;Sa\u00e7malamay\u0131n, e\u011fer bir karar mu\u011flaksa, a\u00e7\u0131k de\u011filse; o karar onu \u00f6nerenlerin sakl\u0131 niyetlerine g\u00f6re yorumlanmaz. KKP&#8217;yi fesh etme \u00f6nergesini zaten sundunuz. &#8221;Ya KKP \u00d6SPlile\u015fsin, ya \u00d6SP KKPlile\u015fsin&#8221; diye daha g\u00fcndem maddeleri saptan\u0131rken g\u00fcndeme \u00f6nerge  getirdiniz ve \u00f6nergenizi savunurken KKP&#8217;nin fesh edilmesini talep ettiniz. Tart\u0131\u015f\u0131ld\u0131 ve reddedildi, g\u00fcndeme al\u0131nmad\u0131. G\u00fcndem &#8221;Yasal Parti \u0130le \u0130li\u015fkiler&#8221; diye belirlendi. KKP kendisinin ayr\u0131, \u00d6SP&#8217;nin ise kendisiyle &#8221;ili\u015fkiler&#8221;in mahiyeti tart\u0131\u015f\u0131lacak olan ayr\u0131 bir parti oldu\u011funu daha kongre ba\u015f\u0131nda belirledi.&#8221;<\/p>\n<p>Siz diyorsunuz ki &#8221;Onu bunu bilmem, karar karard\u0131r. Benim anlad\u0131\u011f\u0131m gibidir. Ba\u015fka t\u00fcrl\u00fc, hele hele KKP t\u00fcz\u00fc\u011f\u00fcne g\u00f6re yorumlanamaz; \u00d6SP kararlar\u0131na g\u00f6re yorumlan\u0131r.&#8221;<\/p>\n<p>KKP diyor ki &#8221;Yine sa\u00e7mal\u0131yorsunuz. Bak\u0131n 7. Kongrede KKP&#8217;nin fesh edilmesi konusundaki en hararetli tart\u0131\u015fmalar KKP MK Raporu \u00fczerinde ya\u015fand\u0131. Tam bir g\u00fcn boyunca bunu tart\u0131\u015ft\u0131k. Hepsi hepsi \u00fc\u00e7 oy alabildiniz, bunun ikisi \u00fclkeden gelen, KKP \u00fcyesi olmad\u0131\u011f\u0131n\u0131z i\u00e7in size kongre iradesiyle delegelik hakk\u0131 tan\u0131nan iki ki\u015finindi. KKP kendini fesh etseydi, a\u00e7\u0131k\u00e7a kendimizi fesh ettik diye karar al\u0131rd\u0131, b\u00f6yle mu\u011flak anlam ta\u015f\u0131yan dolamba\u00e7l\u0131 karar al\u0131nmazd\u0131. O karara oy verenlerin bir \u00e7o\u011fu halen KKP \u00fcyesidir. Sizin o karar\u0131 KKP&#8217;ye kar\u015f\u0131 bir silah gibi kullanaca\u011f\u0131n\u0131za inanmak istememi\u015flerdi. \u015eimdi ellerim k\u0131r\u0131ls\u0131n da oy vermeyeydim diyorlar.&#8221;<\/p>\n<p>Siz tutturuyorsunuz &#8221;Karar da karar; al\u0131nd\u0131 m\u0131, al\u0131nmad\u0131 m\u0131?&#8221;<\/p>\n<p>KKP diyor ki &#8221;Bak g\u00fczel karde\u015fim, biz kendimizi fesh etmi\u015f olsayd\u0131k, MK raporu aklanmazd\u0131. Aklamaya gerek bile kalmazd\u0131. Zaten fesh oluyoruz. MK Raporu alt\u0131n\u0131 \u00e7ize \u00e7ize KKP feshedilmesin demekteydi. Bu y\u00fczden \u00f6fkeden tir tir titreyerek aya\u011fa kalkt\u0131n\u0131z; ilk konu\u015fmay\u0131 siz yapt\u0131n\u0131z, MK raporunu pa\u00e7avra gibi bir ucundan tutup havaya kald\u0131rd\u0131n\u0131z, sinirden kafan\u0131z titreye titreye bu rapor reddedilmelidir dediniz. Konu\u015fma s\u00fcrenizi a\u015fman\u0131za ra\u011fmen size m\u00fcdahale edilmedi. \u00dcstelik rapor tart\u0131\u015fmas\u0131 boyunca defalarca s\u00f6z hakk\u0131 ald\u0131n\u0131z ve konu\u015fma s\u00fcrelerinizi de a\u015farak en \u00e7ok siz konu\u015ftunuz. Adeta kendinizi paralad\u0131n\u0131z. Ama hepsi hepsi \u00fc\u00e7 oy ald\u0131n\u0131z. KKP&#8217;nin feshedilmesi bahsi b\u00f6ylece kapand\u0131. Yeni MK se\u00e7ildi. Kalk\u0131p da yahu neden MK se\u00e7iyoruz, KKP&#8217;yi feshettik ya. \u0130\u015fte fesih karar\u0131 ald\u0131k ya, demediniz. KKP art\u0131k yok, \u00d6SP Avrupa Komitesi se\u00e7ice\u011fiz, demediniz. Kendiniz aday olmad\u0131n\u0131z. Oysa hepinizin aday olma hakk\u0131n\u0131z vard\u0131. Kendini fesh eden KKP neden MK se\u00e7sin? Orac\u0131kta \u00d6SP Avrupa \u00f6rg\u00fct\u00fc y\u00f6netimini se\u00e7er, \u00d6SP&#8217;ye ba\u015fvurur, mesele kapan\u0131rd\u0131.&#8221;<\/p>\n<p>Siz diyorsunuz ki &#8221;\u00d6SP I. Konferans ve II. Genel Kongre karar\u0131n\u0131 arkalayan bizler pratikte karar\u0131 hayata ge\u00e7irmeye zemin haz\u0131rlamak i\u00e7in bir dizi panel-konferans-seminer, makale ile tart\u0131\u015fmay\u0131 s\u00fcrd\u00fcr\u00fcp Diyarbak\u0131r\u2019da 13-14 Ekim 2018\u2019de yap\u0131lan, \u00d6SP II. Genel Konferans\u0131na kadar getirdik, oran\u0131n da iradesiyle \u015fimdi III. Kongreye ta\u015f\u0131yaca\u011f\u0131z.&#8221;<\/p>\n<p>KKP diyor ki &#8221;Sizin \u00d6SP I. ve II. Konferans Kararlar\u0131n\u0131 ve \u00d6SP II. Genel Kongre karar\u0131n\u0131 arkalaman\u0131z sizin sorununuz. KKP kendi kararlar\u0131n\u0131 arkalar, kendi kararlar\u0131na uyar. Sizin kararlar\u0131n\u0131za, sizin pratikte karar\u0131 hayata ge\u00e7irmeye zemin haz\u0131rlamak i\u00e7in bir dizi seminer, panel-konferans, makale ile tart\u0131\u015fma s\u00fcrd\u00fcrmenize bakmaz. KKP ba\u011f\u0131ms\u0131z bir partidir. Kendi kararlar\u0131n\u0131 kendisi al\u0131r. KKP size \u00fc\u00e7 defa f\u0131rsat verdi. 7. Kongreye KKP&#8217;yi fesh etme \u00f6nerinizle geldiniz, reddedildiniz. Kimi yolda\u015flar\u0131n hat\u0131r\u0131na size 6 ay sonra tekrar f\u0131rsat tan\u0131nd\u0131, KKP III. Konferans\u0131 yap\u0131ld\u0131. Konferansa \u00fcltimatom yollad\u0131n\u0131z, emre kalk\u0131\u015ft\u0131n\u0131z. Konferans tepki g\u00f6sterdi. K\u0131nanman\u0131z i\u00e7in MK&#8217;ne tavsiye karar\u0131 ald\u0131. MK&#8217;ne bu sorunu \u00e7\u00f6zmek \u00fczere ola\u011fan\u00fcst\u00fc kongre toplamas\u0131n\u0131 tavsiye etti. Siz yalan s\u00f6ylediniz, kongre karar\u0131n\u0131 hazmedemeyenler ola\u011fan\u00fcst\u00fc kongre toplad\u0131lar, dediniz.  Konferans\u0131n tavsiyesini makul bulan MK  6 ay sonra bu kez ola\u011fan\u00fcst\u00fc 8. Kongreyi toplad\u0131.  Bu s\u00fcre zarf\u0131nda MK&#8217;ne ve parti kadrolar\u0131na a\u011f\u0131r hakaretler yapan, parti etkinliklerine kat\u0131lmayan, hatta baltalamaya \u00e7al\u0131\u015fan kimseleri bile partiden atmad\u0131. Hepsi kongrede temsil edildiler. Yine KKP&#8217;yi fesh ettirmek i\u00e7in didindiniz. Bir g\u00fcn boyunca b\u00fct\u00fcn tart\u0131\u015fmalarda az\u0131nl\u0131kta kald\u0131n\u0131z ve MK raporu onayland\u0131ktan sonra &#8221;art\u0131k Kongrede kalmam\u0131z\u0131n anlam\u0131 yok; al\u0131nacak kararlar MK raporu do\u011frultusunda olacakt\u0131r&#8221; deyip kongre ortam\u0131n\u0131 terk ettiniz. Sonra da bize bask\u0131 yap\u0131ld\u0131, yetkisiz insanlar delege yap\u0131ld\u0131, delegeler kongreye al\u0131nmad\u0131, bunun \u00fczerine parti \u00e7o\u011funlu\u011funu temsil eden yolda\u015flar biz bu Tiyatroda yokuz dedik, oyunun par\u00e7as\u0131 olmad\u0131k diye yalan s\u00f6ylediniz. Bir g\u00fcn boyunca kongrede bulun, t\u00fcm tart\u0131\u015fmalara, oylamalara kat\u0131l; sonra da ma\u011flubiyet kesinle\u015fince ka\u00e7 ve Tiyatro de? Siz o tiyatroda bir g\u00fcn boyunca ne oynad\u0131n\u0131z? &#8230; Bu da yetmedi, ger\u00e7e\u011fi tam tersine b\u00fck\u00fcp bizleri &#8221;ayr\u0131lanlar, terkedenler&#8221;, &#8221;az\u0131nl\u0131k&#8221; diye yutturmaya \u00e7al\u0131\u015ft\u0131n\u0131z. Ay\u0131pt\u0131r, ay\u0131p. Kendinize, \u00fcyelerinize, K\u00fcrdistan i\u015f\u00e7i s\u0131n\u0131f\u0131na, devrimci kamuoyuna, tarihe yalan s\u00f6ylemeyin, ba\u015fta kendiniz olmak \u00fczere, kimseyi kand\u0131rmaya \u00e7al\u0131\u015fmay\u0131n. Ger\u00e7e\u011fi a\u00e7\u0131k\u00e7a ve d\u00fcr\u00fcst\u00e7e kabul edin. Nedir bu ayr\u0131lanlar laflar\u0131? Nedir bu Avrupada \u00fc\u00e7 be\u015f ki\u015fi yalanlar\u0131? Kimi kand\u0131r\u0131yorsunuz? Her seferinde \u00e7o\u011funluk iradesi partide kalm\u0131\u015f; bunlar &#8221;az\u0131nl\u0131k&#8221; diyorlar. Kendileri az\u0131nl\u0131kta kalm\u0131\u015flar, o y\u00fczden kongreyi terketmi\u015fler; bizlere &#8221;ayr\u0131lanlar, partiyi terkeden k\u00fc\u00e7\u00fck az\u0131nl\u0131k&#8221; diyorlar,  parti \u00e7o\u011funlu\u011funu bir avu\u00e7 Avrupa&#8217;daki az\u0131nl\u0131k diye yaftal\u0131yorlar. Bu ne bi\u00e7im bir kafa, bu ne bi\u00e7im politika?&#8221;<\/p>\n<p>Siz diyorsunuz ki &#8221;y\u0131llar\u0131n tart\u0131\u015fmas\u0131n\u0131 arkalam\u0131\u015f\u0131z, geriye d\u00f6n\u00fc\u015f yok.&#8221;<\/p>\n<p>\u0130yi de say\u0131n zat-\u0131 muhteremler siz y\u0131llar\u0131n tart\u0131\u015fmalar\u0131n\u0131 kiminle yapt\u0131n\u0131z? Kendi toplant\u0131lar\u0131n\u0131zda ne tart\u0131\u015ft\u0131\u011f\u0131n\u0131z\u0131 ge\u00e7in. Bizimle son \u00fc\u00e7 y\u0131ld\u0131r tart\u0131\u015f\u0131yorsunuz. Ondan \u00f6nce KKP&#8217;yi fesh etmek, \u00d6SP&#8217;yi KKP yapmak meselesi yoktu. O zamana kadar MESOP &#8211; \u00d6SP, <<i\u00e7inde KKPliler de dahil kendisine sosyalist - kom\u00fcnist diyen herkesi ''yeni bir sentezle'' i\u00e7inde birle\u015ftirebilecek legal bir K\u00fcrdistan kom\u00fcnist partisi>> olarak d\u00fc\u015f\u00fcn\u00fclm\u00fc\u015ft\u00fc. Bu legal parti elbette isterse hem K\u00fcrdistan hem kom\u00fcnist ad\u0131n\u0131 alabilir; ama KKP varken KKP&#8217;nin ad\u0131n\u0131, sembollerini alamaz. Kendine &#8221;KKP &#8211; Bakur&#8221; der, &#8221;KKP &#8211; C\u0131wan&#8221; der, herhangi bir ay\u0131rdedici ekleme yapar. Ne KKP ne de ba\u015fkas\u0131 buna bir \u015fey demez. Bu bir yana, K\u00fcrdistan&#8217;da herhangi ba\u015fka bir grup da yine \u00f6n\u00fcne ya da sonuna ek bir tamamlama kelimesi koyarak kom\u00fcnist ad\u0131yla parti kurabilir. Ama illegal KKP varken onu tasfiye edip ya da hi\u00e7e say\u0131p yerine legal KKP kurmak, sahte KKP kurmakt\u0131r, rejime hizmet eder; kom\u00fcnist harekete de\u011fil. B\u00f6yle bir davran\u0131\u015f KKP&#8217;ye sald\u0131r\u0131d\u0131r, KKP&#8217;nin t\u00fczel ki\u015fili\u011fine, varl\u0131\u011f\u0131na y\u00f6nelmi\u015f tehdittir. Hele hele hi\u00e7 kimse KKP t\u00fcz\u00fck ve program\u0131n\u0131 &#8221;ben de\u011fi\u015ftiririm&#8221; diyemez. Dedi\u011fimiz budur. Bunu Avrupa &#8211; \u00dclke demagojisiyle sapt\u0131rmay\u0131n. KKP kendini Avrupa&#8217;yla s\u0131n\u0131rlama karar\u0131n\u0131 size kolayl\u0131k olsun diye 6. Kongrede alm\u0131\u015ft\u0131. 8. Kongrede bu karar\u0131 kald\u0131rd\u0131. O hikaye ge\u00e7mi\u015fte kald\u0131.<\/p>\n<p>Biz son \u00fc\u00e7 y\u0131ld\u0131r, bunlar\u0131 yazd\u0131k, s\u00f6yledik, tart\u0131\u015ft\u0131k ve KKP&#8217;nin son iki kongresi, bir konferans\u0131nda hep ayn\u0131 sonuca vard\u0131k: KKP illegal varl\u0131\u011f\u0131n\u0131 devam ettirecektir. KKP t\u00fcz\u00fck ve program\u0131 TC yasalar\u0131na s\u0131\u011fmaz,  uydurulamaz. Bu, iki kongrenin, bir konferans\u0131n ula\u015ft\u0131\u011f\u0131 karard\u0131r.  Yeni bir kongre karar\u0131yla de\u011fi\u015ftirilmedik\u00e7e ge\u00e7erlidir. T\u00fcm KKP \u00fcyeleri buna 8. Kongre kararlar\u0131na ve se\u00e7ilmi\u015f Merkez Komitesi ve Merkez Disiplin Kurulu kararlar\u0131na uymakla y\u00fck\u00fcml\u00fcd\u00fcr.<\/p>\n<p>&#8211; devam edecek <\/p>\n","protected":false},"excerpt":{"rendered":"<p>\u00d6SP MYK A\u00c7IKLAMASI HAKKINDA &#8211; 2 \u00d6SP MYK&#8217;n\u0131n Bas\u0131na ve Kamuoyuna yapt\u0131\u011f\u0131 &#8221;\u00d6SP\u2019N\u0130N, KKP ADINI ALMA S\u00dcRE\u00c7LER\u0130 HAKKINDA!&#8221; ba\u015fl\u0131kl\u0131 duyurusuna ili\u015fkin yaz\u0131m\u0131za kald\u0131\u011f\u0131m\u0131z yerden devam ediyoruz. &#8211; Bu zatlar &#8221;bizim i\u00e7in art\u0131k ok yaydan \u00e7\u0131km\u0131\u015ft\u0131r d\u00f6n\u00fc\u015f yoktur. Bu ad\u0131m\u0131 atarken y\u0131llar\u0131n tart\u0131\u015fmas\u0131n\u0131 arkalam\u0131\u015f\u0131z, birilerine tepki veya inat de\u011fil kendi karar ve y\u00f6neli\u015fimizin gere\u011fini yap\u0131yoruz, geriye &hellip;<\/p>\n","protected":false},"author":4,"featured_media":2391,"comment_status":"closed","ping_status":"closed","sticky":false,"template":"","format":"standard","meta":[],"categories":[54],"tags":[],"_links":{"self":[{"href":"http:\/\/www.dengekurdistan.de\/index.php?rest_route=\/wp\/v2\/posts\/2890"}],"collection":[{"href":"http:\/\/www.dengekurdistan.de\/index.php?rest_route=\/wp\/v2\/posts"}],"about":[{"href":"http:\/\/www.dengekurdistan.de\/index.php?rest_route=\/wp\/v2\/types\/post"}],"author":[{"embeddable":true,"href":"http:\/\/www.dengekurdistan.de\/index.php?rest_route=\/wp\/v2\/users\/4"}],"replies":[{"embeddable":true,"href":"http:\/\/www.dengekurdistan.de\/index.php?rest_route=%2Fwp%2Fv2%2Fcomments&post=2890"}],"version-history":[{"count":1,"href":"http:\/\/www.dengekurdistan.de\/index.php?rest_route=\/wp\/v2\/posts\/2890\/revisions"}],"predecessor-version":[{"id":2891,"href":"http:\/\/www.dengekurdistan.de\/index.php?rest_route=\/wp\/v2\/posts\/2890\/revisions\/2891"}],"wp:featuredmedia":[{"embeddable":true,"href":"http:\/\/www.dengekurdistan.de\/index.php?rest_route=\/wp\/v2\/media\/2391"}],"wp:attachment":[{"href":"http:\/\/www.dengekurdistan.de\/index.php?rest_route=%2Fwp%2Fv2%2Fmedia&parent=2890"}],"wp:term":[{"taxonomy":"category","embeddable":true,"href":"http:\/\/www.dengekurdistan.de\/index.php?rest_route=%2Fwp%2Fv2%2Fcategories&post=2890"},{"taxonomy":"post_tag","embeddable":true,"href":"http:\/\/www.dengekurdistan.de\/index.php?rest_route=%2Fwp%2Fv2%2Ftags&post=2890"}],"curies":[{"name":"wp","href":"https:\/\/api.w.org\/{rel}","templated":true}]}}