{"id":2501,"date":"2018-03-19T21:30:27","date_gmt":"2018-03-19T20:30:27","guid":{"rendered":"http:\/\/www.dengekurdistan.de\/?p=2501"},"modified":"2018-03-19T21:30:27","modified_gmt":"2018-03-19T20:30:27","slug":"klama-dayika-minnin-nigar-anasi-zuebeyde-ronahi-yasamini-yitirdi","status":"publish","type":"post","link":"http:\/\/www.dengekurdistan.de\/?p=2501","title":{"rendered":"&#8220;Klama Dayika Min&#8221;nin Nigar Anasi ( Z\u00fcbeyde Ronahi ) Ya\u015fam\u0131n\u0131 Yitirdi&#8230;"},"content":{"rendered":"<p>Klama Dayika Min filminde Nigar Ana karakteriyle rol alan Z\u00fcbeyde Ronahi (I\u015f\u0131k) ya\u015fam\u0131n\u0131 yitirdi.<br \/>\nErol Minta\u015f\u2019\u0131n y\u00f6netmenli\u011fini yapt\u0131\u011f\u0131 Klama Dayika Min (Annemin \u015eark\u0131s\u0131) filminde Nigar Ana karakteriyle rol alan, gazeteci Fehim I\u015f\u0131k&#8217;\u0131n annesi Z\u00fcbeyde Ronahi (I\u015f\u0131k) ya\u015fam\u0131n\u0131 yitirdi.<\/p>\n<p>O\u011flu Fehim I\u015f\u0131k\u00b4in kaleminde haberi aktaralim:<\/p>\n<p>&#8220;\u015eimdi haberini ald\u0131m&#8230;<br \/>\nKa\u00e7 g\u00fcnd\u00fcr hastanede yo\u011fun bak\u0131mdayd\u0131. Ne yaz\u0131k ki bu sabah erken saatlerde kaybetmi\u015fiz&#8230;<br \/>\nCezaevi kap\u0131lar\u0131nda, a\u00e7l\u0131k grevlerine destek eylemlerinde, ev bask\u0131nlar\u0131nda yorulan bedeni, son olarak evlad\u0131n\u0131n s\u00fcrg\u00fcnl\u00fc\u011f\u00fcne bir kez daha tan\u0131k olman\u0131n verdi\u011fi ac\u0131yla olsa gerek daha fazla dayanamam\u0131\u015f ve Newroz&#8217;a 2 g\u00fcn\u00fc kala, bu sabah durmu\u015f<br \/>\nTarif edilmez bir ac\u0131.<br \/>\nDiren\u00e7liydi, sevecendi&#8230;<br \/>\nBu nedenle ya\u015fad\u0131\u011f\u0131 ac\u0131y\u0131 kendisiyle b\u0131rakmay\u0131 d\u00fc\u015f\u00fcnmedi, Erol Minta\u015f&#8217;\u0131n inat\u00e7\u0131 giri\u015fiminin de etkisiyle sonraki nesillere aktard\u0131. Annemin \u015eark\u0131s\u0131 filminde, evlad\u0131n\u0131 faili me\u00e7hulle kaybeden, bir di\u011fer evlad\u0131n\u0131 s\u00fcrg\u00fcne g\u00f6nderen, kalan evlad\u0131 ile k\u00f6y\u00fcn\u00fcn \u00f6zlemiyle yanan Nigar Ana&#8217;y\u0131 oynad\u0131. Herkes onun 70&#8217;inden sonra kamera kar\u015f\u0131s\u0131nda g\u00f6sterdi\u011fi ba\u015far\u0131l\u0131 oyunculu\u011funu konu\u015furken o, \u00e7o\u011funlukla kendisini oynad\u0131\u011f\u0131n\u0131 s\u00f6yleyerek yan\u0131tlad\u0131 herkesi. Belki Nigar Ana gibi bir evlad\u0131n\u0131 faili me\u00e7hulle yitirmemi\u015fti. Ancak onlarca anan\u0131n y\u00fcre\u011finin nas\u0131l yand\u0131\u011f\u0131na birebir tan\u0131kl\u0131k etmi\u015fti. S\u00fcrg\u00fcnl\u00fc\u011f\u00fc ve ac\u0131y\u0131 kendi ya\u015fam\u0131ndan, faili me\u00e7hulleri tan\u0131kl\u0131k etti\u011fi analar\u0131n y\u00fcre\u011finden izledi.<br \/>\n\u00d6zcesi oynad\u0131\u011f\u0131 rol de\u011fildi.<br \/>\nUzun bir m\u00fcddettir \u0130stanbul&#8217;da ya\u015f\u0131yordu. Mezar yerini \u00f6nceden ay\u0131rtm\u0131\u015ft\u0131.<br \/>\nBug\u00fcn Diyarbak\u0131r&#8217;a, Aktepe k\u00f6y\u00fcne g\u00f6t\u00fcrerek rahmetli babam ile bac\u0131m\u0131n yan\u0131nda topra\u011fa verecekler.<br \/>\nAc\u0131 ama biliyoruz ki kar\u015f\u0131s\u0131nda \u00e7aresiz kald\u0131\u011f\u0131m\u0131z tek \u015fey \u00f6l\u00fcm&#8230;<br \/>\nBelki tek tesellimiz bunca gencin katledildi\u011fi, y\u00fczbinlerce insan\u0131n yerinden yurdundan edildi\u011fi \u00fclkemizde, hi\u00e7 olmazsa anam\u0131z\u0131n, katillerin bombalar\u0131yla de\u011fil Allah&#8217;\u0131n rahmetiyle, hastane yata\u011f\u0131nda son nefesini vermesidir&#8230;<br \/>\nT\u00fcm dostlara, ba\u015fsa\u011fl\u0131\u011f\u0131 dileyeceklere, cenazesine, taziyesine kat\u0131l\u0131p dost s\u0131cakl\u0131\u011f\u0131n\u0131 yoklu\u011fumda anama ya\u015fatacaklara \u015fimdiden sonsuz te\u015fekk\u00fcrler&#8230;<br \/>\nHepimiz sab\u0131r isteyen g\u00fcnlerden ge\u00e7iyoruz&#8230;<br \/>\nSabredece\u011fiz&#8230;<br \/>\nBa\u015fka \u015fans\u0131m\u0131z yok&#8221;<\/p>\n","protected":false},"excerpt":{"rendered":"<p>Klama Dayika Min filminde Nigar Ana karakteriyle rol alan Z\u00fcbeyde Ronahi (I\u015f\u0131k) ya\u015fam\u0131n\u0131 yitirdi. Erol Minta\u015f\u2019\u0131n y\u00f6netmenli\u011fini yapt\u0131\u011f\u0131 Klama Dayika Min (Annemin \u015eark\u0131s\u0131) filminde Nigar Ana karakteriyle rol alan, gazeteci Fehim I\u015f\u0131k&#8217;\u0131n annesi Z\u00fcbeyde Ronahi (I\u015f\u0131k) ya\u015fam\u0131n\u0131 yitirdi. O\u011flu Fehim I\u015f\u0131k\u00b4in kaleminde haberi aktaralim: &#8220;\u015eimdi haberini ald\u0131m&#8230; Ka\u00e7 g\u00fcnd\u00fcr hastanede yo\u011fun bak\u0131mdayd\u0131. Ne yaz\u0131k ki &hellip;<\/p>\n","protected":false},"author":4,"featured_media":2502,"comment_status":"closed","ping_status":"closed","sticky":false,"template":"","format":"standard","meta":[],"categories":[54,57],"tags":[],"_links":{"self":[{"href":"http:\/\/www.dengekurdistan.de\/index.php?rest_route=\/wp\/v2\/posts\/2501"}],"collection":[{"href":"http:\/\/www.dengekurdistan.de\/index.php?rest_route=\/wp\/v2\/posts"}],"about":[{"href":"http:\/\/www.dengekurdistan.de\/index.php?rest_route=\/wp\/v2\/types\/post"}],"author":[{"embeddable":true,"href":"http:\/\/www.dengekurdistan.de\/index.php?rest_route=\/wp\/v2\/users\/4"}],"replies":[{"embeddable":true,"href":"http:\/\/www.dengekurdistan.de\/index.php?rest_route=%2Fwp%2Fv2%2Fcomments&post=2501"}],"version-history":[{"count":1,"href":"http:\/\/www.dengekurdistan.de\/index.php?rest_route=\/wp\/v2\/posts\/2501\/revisions"}],"predecessor-version":[{"id":2506,"href":"http:\/\/www.dengekurdistan.de\/index.php?rest_route=\/wp\/v2\/posts\/2501\/revisions\/2506"}],"wp:featuredmedia":[{"embeddable":true,"href":"http:\/\/www.dengekurdistan.de\/index.php?rest_route=\/wp\/v2\/media\/2502"}],"wp:attachment":[{"href":"http:\/\/www.dengekurdistan.de\/index.php?rest_route=%2Fwp%2Fv2%2Fmedia&parent=2501"}],"wp:term":[{"taxonomy":"category","embeddable":true,"href":"http:\/\/www.dengekurdistan.de\/index.php?rest_route=%2Fwp%2Fv2%2Fcategories&post=2501"},{"taxonomy":"post_tag","embeddable":true,"href":"http:\/\/www.dengekurdistan.de\/index.php?rest_route=%2Fwp%2Fv2%2Ftags&post=2501"}],"curies":[{"name":"wp","href":"https:\/\/api.w.org\/{rel}","templated":true}]}}