{"id":2489,"date":"2018-03-12T14:18:33","date_gmt":"2018-03-12T13:18:33","guid":{"rendered":"http:\/\/www.dengekurdistan.de\/?p=2489"},"modified":"2018-03-12T14:18:33","modified_gmt":"2018-03-12T13:18:33","slug":"avrupadaki-kuerdistanli-kurumlardan-efrin-icin-bir-dizi-karar","status":"publish","type":"post","link":"http:\/\/www.dengekurdistan.de\/?p=2489","title":{"rendered":"Avrupa\u2019daki K\u00fcrdistanl\u0131 kurumlardan Efr\u00een i\u00e7in bir dizi karar"},"content":{"rendered":"<p>\nAvrupa\u2019daki K\u00fcrdistanl\u0131 parti, kurum ve meslek \u00f6rg\u00fctleri Efr\u00een ile dayan\u0131\u015fma amac\u0131yla d\u00fczenledikleri toplant\u0131da, Efr\u00een&#8217;de ya\u015fanan katliama kar\u015f\u0131 uluslararas\u0131 g\u00fc\u00e7lere harekete ge\u00e7in \u00e7a\u011fr\u0131s\u0131nda bulundu. Partiya Komunista Kurdistan&#8217;\u0131n (KKP) da heyet halinde kat\u0131ld\u0131\u011f\u0131 toplant\u0131da KKP temsilcisi bir konu\u015fma yapt\u0131. Zaman darl\u0131\u011f\u0131ndan \u00f6t\u00fcr\u00fc okunamayan KKP MK Bildirisi ise bas\u0131na sunuldu. Bu bildirinin hem K\u00fcrt\u00e7esini hem de T\u00fcrk\u00e7esini daha \u00f6nce yay\u0131nlam\u0131\u015ft\u0131k. A\u015fa\u011f\u0131daki haber toplant\u0131n\u0131n sonu\u00e7lar\u0131yla ilgili olarak ANF&#8217;nin yay\u0131nlad\u0131\u011f\u0131 haberdir. Okurlar\u0131m\u0131za sunuyoruz. &#8211; redaksiyon<\/p>\n<p>    ANF, DEN HAAG, Pazar, 11 Mar 2018, 19:42 <\/p>\n<p>T\u00fcrk devletinin Efr\u00een\u2019e y\u00f6nelik i\u015fgal sald\u0131r\u0131s\u0131 51\u2019nci g\u00fcn\u00fcn\u00fc geride b\u0131rak\u0131rken buna kar\u015f\u0131 YPJ, YPG ve Efr\u00een halk\u0131n\u0131n direni\u015fi de s\u00fcr\u00fcyor. K\u00fcrt halk\u0131 ve dostlar\u0131 da Japonya\u2019dan Avusturalya\u2019ya kadar bir\u00e7ok merkezde dayan\u0131\u015fma g\u00f6sterileri d\u00fczenliyor. Avrupa\u2019da ya\u015fayan K\u00fcrtler de 51 g\u00fcnd\u00fcr yapt\u0131klar\u0131 eylemlerle direni\u015fin bir par\u00e7as\u0131 olmaya devam ediyor. Bu \u00e7er\u00e7eve de Avrupa\u2019da faaliyet y\u00fcr\u00fcten K\u00fcrt parti, kurum, meslek \u00f6rg\u00fctleri ve \u015fahsiyetler Efr\u00een ile dayan\u0131\u015fma amac\u0131yla kamuoyuna ulusal d\u00fczeyde birlik tutumunu yapt\u0131klar\u0131 bir toplant\u0131 ile a\u00e7\u0131klad\u0131.<\/p>\n<p>BM, NATO VE AB \u00dcLKELER\u0130NE \u00c7A\u011eRI<\/p>\n<p>K\u00fcrdistan Ulusal Kongresi (KNK) ve Efr\u00een\u2019e Sahip \u00c7\u0131kma Komitesi\u2019nin \u00f6nc\u00fcl\u00fc\u011f\u00fcnde ba\u015flayan toplant\u0131, &#8220;Helwesta Netew\u00ee Ji Bo Berxwedana Efr\u00een\u00ea&#8221; slogan\u0131yla Hollanda\u2019da ger\u00e7ekle\u015fti. Toplant\u0131ya KCK, KDP, YNK, GORAN ve PYD olmak \u00fczere 57 siyasi parti, 53 sivil toplum \u00f6rg\u00fct\u00fc olmak \u00fczere y\u00fczlerce \u015fahsiyet, sanat\u00e7\u0131, siyaset\u00e7i, hukuk\u00e7u kat\u0131ld\u0131. K\u00fcrdistanl\u0131 kurumlar d\u0131\u015f\u0131nda, Asuri-S\u00fcryani, Emeni kurum temsilcilerinin yan\u0131 s\u0131ra T\u00fcrkiyeli sol \u00f6rg\u00fctler ve Arap kurum temsilcileri de haz\u0131r bulundu. Oy birli\u011fiyle haz\u0131rlanan deklarasyonda K\u00fcrtlere Efr\u00een\u2019e sahip \u00e7\u0131kma \u00e7a\u011fr\u0131s\u0131 yap\u0131l\u0131rken, BM, NATO ve AB \u00fclkelerinden sald\u0131r\u0131lara kar\u015f\u0131 harekete ge\u00e7ilmesi istendi. Toplant\u0131da Efr\u00een i\u00e7in bir dizi de karar al\u0131nd\u0131.<\/p>\n<p>\u2018S\u00d6M\u00dcRGEC\u0130 G\u00dc\u00c7LERE KAR\u015eI ULUSAL B\u0130RL\u0130\u011e\u0130 SA\u011eLAMALIYIZ\u2019<\/p>\n<p>Toplant\u0131n\u0131n Tertip Komitesi taraf\u0131ndan haz\u0131rlanan deklarasyon oy birli\u011fiyle kabul edildi. KNK Konseyi \u00dcyesi Z\u00fcbeyir Aydar taraf\u0131ndan okunan deklarasyonda, &#8220;Bizler Hollanda\u2019da toplanan K\u00fcrdistanl\u0131 onlarca parti, \u00f6rg\u00fct ve kurum ile sanat\u00e7\u0131lar, ayd\u0131nlar, akademisyenler ve gazeteciler olarak Efr\u00een direni\u015fine sahip \u00e7\u0131k\u0131lmas\u0131 i\u00e7in a\u015fa\u011f\u0131daki \u00e7a\u011fr\u0131y\u0131 yap\u0131yoruz\u201d denildi. Deklarasyonda \u015funlara vurgu yap\u0131ld\u0131: &#8220;T\u00fcrk devleti 51 g\u00fcn \u00f6nce Efr\u00een\u2019e sald\u0131rd\u0131. T\u00fcrk devleti K\u00fcrtlerin kendi topraklar\u0131 \u00fczerinde \u00f6zg\u00fcrce ya\u015famas\u0131n\u0131 istemiyor, niyeti K\u00fcrtlerin esir ve \u00fclkelerinin de s\u00f6m\u00fcrge alt\u0131nda olmas\u0131d\u0131r. T\u00fcrk devleti K\u00fcrtlerin varl\u0131\u011f\u0131 ile K\u00fcrdistan\u2019a kar\u015f\u0131. Bu niyetini zaten gizlemiyor, askeri sald\u0131r\u0131lar\u0131yla bu niyetini a\u00e7\u0131k\u00e7a sergiliyor. Kerk\u00fck, Xaneq\u00een, \u015eengal ve di\u011fer bir\u00e7ok il\u00e7enin Irak\u2019\u0131n eline ge\u00e7mesinde T\u00fcrk devleti Ba\u011fdat h\u00fck\u00fcmetini destekledi. DA\u0130\u015e\u2019in K\u00fcrdistan\u2019a y\u00f6nelik sald\u0131r\u0131lar\u0131nda, \u00f6zellikle de Koban\u00ea\u2019ye y\u00f6nelik i\u015fgal giri\u015fiminde T\u00fcrk devleti belirleyici bir rol oynad\u0131, DA\u0130\u015e\u2019e tam destek verdi. T\u00fcrk devleti Bat\u0131 K\u00fcrdistan\u2019daki kantonlar ile Kuzey Suriye Federasyonu\u2019na kar\u015f\u0131 ba\u015ftan beri sald\u0131r\u0131 pozisyonu i\u00e7inde oldu. Ayr\u0131ca G\u00fcney K\u00fcrdistan\u2019da onlarca askeri karargah ile istihbarat merkezlerini kurdu, bunlar\u0131 halk\u0131m\u0131z\u0131n kazan\u0131mlar\u0131na kar\u015f\u0131 kullan\u0131yor. Son olarak da Efr\u00een\u2019e sald\u0131rd\u0131, \u015fu anda s\u0131n\u0131r hatt\u0131ndaki bir\u00e7ok k\u00f6y i\u015fgal edilmi\u015f durumda ve aral\u0131ks\u0131z bir \u015fekilde Efr\u00een bombalan\u0131yor. \u015eimdiye kadar \u00e7o\u011funlu\u011fu kad\u0131n, \u00e7ocuk ve ya\u015fl\u0131 olmak \u00fczere y\u00fczlerce sivil katledildi, y\u00fczlercesi de yaraland\u0131.&#8221;<\/p>\n<p>EFR\u00ceN HALKI D\u0130REN\u0130YOR<\/p>\n<p>Efr\u00een halk\u0131n\u0131n direni\u015fine vurgu yap\u0131lan deklarasyonda, &#8220;Ba\u015fta YPG, YPJ ile QSD g\u00fc\u00e7leri olmak \u00fczere Efr\u00een halk\u0131 ve di\u011fer savunma g\u00fc\u00e7leri b\u00fcy\u00fck bir direni\u015f g\u00f6steriyorlar. K\u00fcrdistan halk\u0131 ve diasporadaki K\u00fcrtler ayaktad\u0131rlar, Efr\u00een\u2019in direni\u015f ile savunmas\u0131na destek veriyorlar. K\u00fcrdistan halk\u0131n\u0131n dostlar\u0131 da Efr\u00een\u2019in savunmas\u0131na \u00f6nemli bir destekte bulunuyor. Ancak t\u00fcm bunlar yetmiyor. Efr\u00een\u2019in savunma hareketi daha b\u00fcy\u00fck ve daha g\u00fc\u00e7l\u00fc organize edilmeli. Bunun i\u00e7in de i\u00e7 dinamikler aktif olmal\u0131 ve en \u00fcst d\u00fczeyde Efr\u00een\u2019in etraf\u0131nda ulusal-milli bir savunma z\u0131rh\u0131 olu\u015fturulmal\u0131. Efr\u00een Bat\u0131 K\u00fcrdistan s\u0131n\u0131r\u0131n\u0131n sonundad\u0131r. T\u00fcrk devleti D\u00earik\u2019ten Efr\u00een\u2019e kadar uzanan bir hatt\u0131 i\u015fgal etmek i\u00e7in harekete ge\u00e7mi\u015f durumda. Bu y\u00fczden K\u00fcrdistan\u2019\u0131n ulusal ve milli vicdan\u0131 Efr\u00een\u2019de kendisini g\u00f6stermeli&#8221; denildi.<\/p>\n<p>K\u00dcRD\u0130STANLILARIN Y\u00dcRE\u011e\u0130 EFR\u00ceN \u0130\u00c7\u0130N ATMALI<\/p>\n<p>Efr\u00een savunmas\u0131nda b\u00fcy\u00fck bedellerin \u00f6dendi\u011fine dikkat \u00e7ekilen deklarasyonda son olarak \u015funlar belirtildi: &#8220;B\u00fct\u00fcn K\u00fcrt ve K\u00fcrdistanl\u0131lar\u0131n y\u00fcre\u011finin Efr\u00een i\u00e7in atmal\u0131. \u015eayet b\u00fcy\u00fck bir birlik olu\u015fursa Efr\u00een zaferi daha erken elde edebilir. Konjonkt\u00fcr K\u00fcrdistan\u2019\u0131n lehinedir. K\u00fcrt ulusu Efr\u00een\u2019in mevcut durumunu zafere ta\u015f\u0131yabilir. Efr\u00een\u2019in zaferi K\u00fcrdistan\u2019\u0131n \u00f6zg\u00fcrl\u00fc\u011f\u00fcnde yeni kap\u0131lar a\u00e7acakt\u0131r. Bu ama\u00e7la b\u00fct\u00fcn siyasi g\u00fc\u00e7ler, b\u00fct\u00fcn demokratik-sivil organizasyonlar, b\u00fct\u00fcn K\u00fcrdistanl\u0131lar ulusal ve milli \u00e7\u0131karlar temelinde daha b\u00fcy\u00fck bir birlik olu\u015fturmal\u0131. B\u00f6yle bir birlik d\u00fc\u015fman\u0131n i\u015fgaline kar\u015f\u0131 en iyi cevap olacakt\u0131r. Efr\u00een bu zor g\u00fcnlerinde ulusundan sadece bir \u015fey istiyor, o da birliktir. K\u00fcrt ve K\u00fcrdistanl\u0131lar Efr\u00een\u2019in iste\u011fini ve ricas\u0131n\u0131 yerine getirmeli ve birlik i\u00e7erisinde Efr\u00een\u2019in yard\u0131m\u0131na ko\u015fmal\u0131. Efr\u00een b\u00f6yle bir hareketin beklentisi i\u00e7erisindedir.&#8221;<\/p>\n<p>TOPLANDIDA EFR\u0130N \u0130\u00c7\u0130N ALINAN KARARLAR<\/p>\n<p>Deklarasyonda, Efr\u00een i\u00e7in ulusal isti\u015fare acil olarak ba\u015fta K\u00fcrdistan halk\u0131 olmak \u00fczere t\u00fcm d\u00fcnyaya \u015fu \u00e7a\u011fr\u0131 yap\u0131ld\u0131.<\/p>\n<p>1. K\u00fcrdistanl\u0131lar\u0131n kendi aralar\u0131nda birlik olmamas\u0131 K\u00fcrdistan\u2019\u0131n kazan\u0131mlar\u0131n\u0131 koruyan savunma hatt\u0131n\u0131 zay\u0131flat\u0131yor, d\u00fc\u015fman cephesinin \u00f6n\u00fcn\u00fc a\u00e7\u0131yor. Bu durum son olarak Kerk\u00fck, Xaneq\u00een ve \u015eengal\u2019de g\u00f6r\u00fcld\u00fc. Fakat Koban\u00ea\u2019nin savunmas\u0131 ile zaferinde g\u00f6r\u00fcld\u00fc\u011f\u00fc gibi ulusal birlik d\u00fc\u015fman\u0131n sald\u0131r\u0131lar\u0131 k\u0131rar, ulusal kazan\u0131mlar\u0131n \u00f6n\u00fcn\u00fc a\u00e7ar. Bu y\u00fczden ulusal birlik hayati bir mevzudur ve Efr\u00een\u2019in kaderinde bunun ger\u00e7ekle\u015fmesi gerekiyor. Bu b\u00fcy\u00fck hedef i\u00e7in Efr\u00een\u2019e Sahip \u00c7\u0131kma Platformu bug\u00fcn K\u00fcrdistanl\u0131 yeni dinamiklerin kat\u0131l\u0131m\u0131yla geni\u015fledi, K\u00fcrdistanl\u0131 g\u00fc\u00e7ler hi\u00e7bir zaman olmad\u0131\u011f\u0131 kadar \u015fimdi birbirine daha yak\u0131nlar.<\/p>\n<p>2. Efr\u00een\u2019i savunma hareketi i\u00e7in K\u00fcrdistan ve diasporan\u0131n meydanlar\u0131nda g\u00fc\u00e7l\u00fc ve koordineli bir dayan\u0131\u015fma sergilenmeli, Koban\u00ea\u2019yi savunma ruhuyla T\u00fcrk devletinin Efr\u00een\u2019e y\u00f6nelik i\u015fgalinde sesini Efr\u00een\u2019in sesine katmal\u0131. Bu ama\u00e7la ba\u011flant\u0131l\u0131 olarak hem \u00fclkede ve hem de yurt d\u0131\u015f\u0131nda ulusal-milli esasl\u0131 g\u00fc\u00e7l\u00fc bir diplomasi y\u00fcr\u00fct\u00fclmeli.<\/p>\n<p>3. T\u00fcrk devletinin Efr\u00een\u2019e y\u00f6nelik sald\u0131r\u0131lar\u0131n\u0131n son bulmas\u0131 ve BM G\u00fcvenlik Konseyi\u2019nin Suriye i\u00e7in ald\u0131\u011f\u0131 ate\u015fkes karar\u0131n\u0131n uygulanmas\u0131na b\u00fcy\u00fck \u00f6nem verilmeli.<\/p>\n<p>4. BM karar\u0131na sahip \u00e7\u0131kmal\u0131, Suriye\u2019deki ate\u015fkes karar\u0131n\u0131n pratikte uygulanmas\u0131 ve sonu\u00e7 al\u0131nmas\u0131 i\u00e7in konuya b\u00fcy\u00fck \u00f6nem g\u00f6stermeli, ciddiye almal\u0131.<\/p>\n<p>5. ABD, NATO, Avrupa Birli\u011fi, DA\u0130\u015e ile M\u00fccadele Koalisyonu aktif \u015fekilde Efr\u00een sorununu ele almal\u0131, T\u00fcrk devletine en k\u0131sa s\u00fcrede Efr\u00een\u2019den \u00e7\u0131kmas\u0131 i\u00e7in bask\u0131 yapmal\u0131.<\/p>\n<p>6. Rusya&#8217;n\u0131n Efr\u00een tutumunu k\u0131n\u0131yoruz ve bir \u00f6nce siyasetini de\u011fi\u015ftirmeli, Suriye havas\u0131n\u0131 T\u00fcrk devletinin sava\u015f u\u00e7aklar\u0131na kapatmal\u0131 ve Efr\u00een\u2019e y\u00f6nelik sald\u0131r\u0131n\u0131n son bulmas\u0131n\u0131 sa\u011flamal\u0131.<\/p>\n<p>7. Suriye devleti T\u00fcrk devletinin Efr\u00een\u2019deki i\u015fgaline kar\u015f\u0131 rahats\u0131zl\u0131\u011f\u0131n\u0131 daha y\u00fcksek sesle dile getirmeli ve Efr\u00een Kantonu ile bir anla\u015fma yapmal\u0131, Efr\u00een\u2019in savunmas\u0131nda Efr\u00een halk\u0131n\u0131n ve asayi\u015f g\u00fc\u00e7lerinin yan\u0131nda yer almal\u0131.<\/p>\n<p>8. Arap Devletleri Birli\u011fi T\u00fcrk devletinin Efr\u00een ve Suriye\u2019ye y\u00f6nelik sald\u0131r\u0131 ile i\u015fgalini k\u0131namal\u0131, T\u00fcrkiye\u2019nin Suriye\u2019nin s\u0131n\u0131rlar\u0131ndan \u00e7\u0131kmas\u0131 i\u00e7in pratik tedbirler almal\u0131.<\/p>\n<p>9. T\u00fcrk devleti bu sald\u0131rgan ve sava\u015f yanl\u0131s\u0131 prati\u011fiyle DA\u0130\u015e\u2019e kar\u015f\u0131 verilen m\u00fccadeleyi zay\u0131flat\u0131yor, Ortado\u011fu\u2019nun istikrar\u0131n\u0131 ile g\u00fcvenli\u011fini ate\u015fe at\u0131yor. D\u00fcnya T\u00fcrkiye\u2019nin bu sava\u015f yanl\u0131s\u0131 tutumu kar\u015f\u0131s\u0131nda g\u00fc\u00e7l\u00fc bir pozisyon almal\u0131 ve birlik i\u00e7inde bu vah\u015fi devletin \u00f6n\u00fcne ge\u00e7meli.<\/p>\n<p>10. BM Cizre ve Kuzey K\u00fcrdistan\u2019\u0131n di\u011fer kentlerindeki katliamlar\u0131 kar\u015f\u0131s\u0131nda sessiz kald\u0131, bu y\u00fczden T\u00fcrk devleti rahat\u00e7a Efr\u00een\u2019e sald\u0131r\u0131yor. Cizre\u2019yi yerle bir eden \u00f6zel askeri birlikler ayn\u0131 \u015feyi bir kez daha yapmak i\u00e7in Efr\u00een\u2019e g\u00f6nderildi. Bu y\u00fczden BM aktif \u015fekilde Efr\u00een sorununu ele almal\u0131. Efr\u00een\u2019in yeni bir Cizre olmamas\u0131 i\u00e7in T\u00fcrk devletinin sald\u0131r\u0131 ve i\u015fgaline kar\u015f\u0131s\u0131nda sonu\u00e7 al\u0131c\u0131 kararlar almal\u0131.<\/p>\n<p>11. Burada haz\u0131r bulunan temsilciler olarak Efr\u00een i\u00e7in ulusal ve milli tutumumuzu bir kez daha tekrarl\u0131yor ve \u015funu s\u00f6yl\u00fcyoruz: &#8220;Efr\u00een K\u00fcrdistan\u2019d\u0131r, Efr\u00een\u2019in savunmas\u0131 b\u00fct\u00fcn K\u00fcrdistan\u2019\u0131n savunmas\u0131d\u0131r, b\u00fct\u00fcn imkanlar\u0131m\u0131zla Efr\u00een direni\u015fine sahip \u00e7\u0131kaca\u011f\u0131z. Bizler ayn\u0131 tutumu b\u00fct\u00fcn K\u00fcrdistanl\u0131 parti, \u00f6rg\u00fct, kurum ve \u015fahsiyet ile b\u00fct\u00fcn K\u00fcrdistan halk\u0131ndan istiyoruz.<\/p>\n<p>12. K\u00fcrt halk\u0131n\u0131n dostlar\u0131na, b\u00fct\u00fcn demokratik ve vicdan sahibi d\u00fcnyaya \u015fu \u00e7a\u011fr\u0131y\u0131 yap\u0131yoruz: \u201cSizler \u015fimdiye kadar iyi bir tutum i\u00e7inde oldunuz, beklentimiz bu tavr\u0131n\u0131z\u0131 s\u00fcrd\u00fcrmeniz ve daha g\u00fc\u00e7l\u00fc sergilemeniz. Efr\u00een halk\u0131n\u0131n sizin deste\u011fine ihtiyac\u0131 var.<\/p>\n<p>https:\/\/anfturkce.net\/avrupa\/avrupa-daki-kuerdistanli-kurumlardan-efrin-icin-bir-dizi-karar-104709<\/p>\n","protected":false},"excerpt":{"rendered":"<p>Avrupa\u2019daki K\u00fcrdistanl\u0131 parti, kurum ve meslek \u00f6rg\u00fctleri Efr\u00een ile dayan\u0131\u015fma amac\u0131yla d\u00fczenledikleri toplant\u0131da, Efr\u00een&#8217;de ya\u015fanan katliama kar\u015f\u0131 uluslararas\u0131 g\u00fc\u00e7lere harekete ge\u00e7in \u00e7a\u011fr\u0131s\u0131nda bulundu. Partiya Komunista Kurdistan&#8217;\u0131n (KKP) da heyet halinde kat\u0131ld\u0131\u011f\u0131 toplant\u0131da KKP temsilcisi bir konu\u015fma yapt\u0131. Zaman darl\u0131\u011f\u0131ndan \u00f6t\u00fcr\u00fc okunamayan KKP MK Bildirisi ise bas\u0131na sunuldu. Bu bildirinin hem K\u00fcrt\u00e7esini hem de T\u00fcrk\u00e7esini daha &hellip;<\/p>\n","protected":false},"author":4,"featured_media":0,"comment_status":"closed","ping_status":"closed","sticky":false,"template":"","format":"standard","meta":[],"categories":[54],"tags":[],"_links":{"self":[{"href":"http:\/\/www.dengekurdistan.de\/index.php?rest_route=\/wp\/v2\/posts\/2489"}],"collection":[{"href":"http:\/\/www.dengekurdistan.de\/index.php?rest_route=\/wp\/v2\/posts"}],"about":[{"href":"http:\/\/www.dengekurdistan.de\/index.php?rest_route=\/wp\/v2\/types\/post"}],"author":[{"embeddable":true,"href":"http:\/\/www.dengekurdistan.de\/index.php?rest_route=\/wp\/v2\/users\/4"}],"replies":[{"embeddable":true,"href":"http:\/\/www.dengekurdistan.de\/index.php?rest_route=%2Fwp%2Fv2%2Fcomments&post=2489"}],"version-history":[{"count":1,"href":"http:\/\/www.dengekurdistan.de\/index.php?rest_route=\/wp\/v2\/posts\/2489\/revisions"}],"predecessor-version":[{"id":2490,"href":"http:\/\/www.dengekurdistan.de\/index.php?rest_route=\/wp\/v2\/posts\/2489\/revisions\/2490"}],"wp:attachment":[{"href":"http:\/\/www.dengekurdistan.de\/index.php?rest_route=%2Fwp%2Fv2%2Fmedia&parent=2489"}],"wp:term":[{"taxonomy":"category","embeddable":true,"href":"http:\/\/www.dengekurdistan.de\/index.php?rest_route=%2Fwp%2Fv2%2Fcategories&post=2489"},{"taxonomy":"post_tag","embeddable":true,"href":"http:\/\/www.dengekurdistan.de\/index.php?rest_route=%2Fwp%2Fv2%2Ftags&post=2489"}],"curies":[{"name":"wp","href":"https:\/\/api.w.org\/{rel}","templated":true}]}}