{"id":2483,"date":"2018-03-11T14:47:45","date_gmt":"2018-03-11T13:47:45","guid":{"rendered":"http:\/\/www.dengekurdistan.de\/?p=2483"},"modified":"2018-03-12T14:29:43","modified_gmt":"2018-03-12T13:29:43","slug":"hollandada-toplanan-efrin-konulu-ulusal-kongrede-kkp-temsilcisinin-yaptigi-kuertce-konusma","status":"publish","type":"post","link":"http:\/\/www.dengekurdistan.de\/?p=2483","title":{"rendered":"Hollanda\u2019da Toplanan Efr\u00een Konulu Ulusal Kongre\u2019de Sunulan KKP Bildirisinin K\u00fcrt\u00e7esi"},"content":{"rendered":"<p>Dosten heja, Rehavel\u00ean birez<\/p>\n<p>Ez we hem\u00fbyan bi nav\u00ea partiy\u00ea xwe silav dikim.<\/p>\n<p>Efr\u00een bi heft\u00eeyan\u00ea di bin eri\u015f\u00ean art\u00ea\u015f\u00ea Tirk day\u00ea. Serokkomar\u00ea Tirkiy\u00ea bi e\u015fkere behsa dagir\u00ee y\u00ea Efrin\u00ee dik\u00ea. Ew dixwazen penaberan Suriye, OSO, al-Qa\u00eede \u00fb teror\u00eest\u00ean din \u00ea \u00eeslam\u00eest Efrin\u00ea da bi c\u00eeh bikin; yan\u00ea ilan qirin\u00ea gele Efrin\u00ea cih bav \u00fb kal\u00ean bid\u00ea surgin qirin. Ji Dev\u00ea w\u00ee ya &#8221; C\u00eehad &#8221;, &#8221; Narde &#8221;, &#8221; Dagir\u00ee &#8221;, &#8221; Paqij\u00ee&#8221; \u201ewar\u00eanqirin\u201c \u00fb tun\u00ea qirin t\u00ea der, gotineke din ji dev\u00ea wana nay\u00ea d\u00ear.<\/p>\n<p>L\u00ea Efr\u00een bi helweste ku biryar\u00ea ber xwe did\u00ea. Bi taybet\u00ee \u015fervan\u00ean YPG \u00fb YPJ, Efr\u00een ji dag\u00eerker\u00ean Tirk ra dib\u00eajin ku Efr\u00een lokma k\u00ee sibik nin\u00ea, werin xarin.<\/p>\n<p>L\u00ea bel\u00ea, dijmin hovane y\u00ea b\u00ea merxamet\u00ea \u00fb bi b\u00eah\u00eaz\u00ea \u00fb war\u00ea tekn\u00eek\u00ee da teknoloj\u00ee ya ku bilind destday\u00ea. \u00db di gelek caran de, bi awayek\u00ee din \u00ean derfet\u00ean din li hember\u00ea devlete dagerk\u00ear bikarb\u00een\u00een. Ew ten\u00ea bi h\u00eaz\u00ean Efr\u00een yan li hember h\u00eaz\u00ean van heya cih k\u00ee dikar\u00ea ji ber xwe bid\u00ea \u00fb ber xwe ji did\u00ea. Berxwadan tam xwe bigihn\u00ea serfketin\u00ea; Efrine ji dagerker ra bixin Goristan ji bo wiya ji hem\u00fb Kurd, partiyen kurdan \u00fb berpirsiyarek\u00ee mezin dikeve \u00fcstiy\u00ea r\u00eaxistenen Kurda Heger berxwedana Efr\u00ee wer\u00ea xistin, wana ber\u00ea xwe j\u00ee bidin Menbic, Koban\u00ee, Kam\u0131\u015fl\u0131. L\u00ea ji bo p\u00ea\u015f\u00eel\u00eagirtin\u00ea ye; L\u00ea em dikarin hevesa wana li qirika wanda bel\u00ean. Le bel\u00ea way bi hefte yan\u00ea k\u00ee bi kahraman\u00ee k\u00ee pir bilind ji ber xwe didin, serkeft\u00eenen gele Efrine ji der dikeve hol\u00ea. L\u00ea em ji bo briyan xwe y\u00ean li Efrine alikar\u00ee, pistgr\u00ee y\u00ea ra ihtiyace ku mezin hey\u00ea. Li nava berxwaden da eniya netew\u00ee bide dorbec kirin.<br \/>\nPartiy\u00ean me \u00fb r\u00eaxistin\u00ean me, bernamey\u00ean partiya me \u00fb alay\u00ean me cuda bibin; L\u00ea em hem\u00ee bin kamp\u00ea yek kongreya netewey\u00ee b\u00eane ba hev, Em dikarin d\u00ea hevpeymanek \u00e7\u00eabikin. Wek ku Kongreya Ni\u015ftiman\u00ee ya Efr\u00eekay\u00ea, wek\u00ee r\u00eaxistina rizgariya Filist\u00een\u00ee \u00fb m\u00eenak\u00ean d\u00eerok\u00ee y\u00ean din. Bi rast\u00ee, em ne ten\u00ea t\u00eako\u015f\u00eena ku Kongreya Ni\u015ftiman\u00ee ya Kurd\u00ee \u00fb Mecl\u00eesa Kurdistan\u00ea biafir\u00eene. Ji bo her kongrey\u00ean demokras\u00ee y\u00ean gelan ava bikin; Em dixwazin hewldan\u00ean t\u00eakiliy\u00ean demokrat\u00eek, navnetewey\u00ee bi gel\u00ean din re ava bikin. L\u00eabel\u00ea, wek\u00ee tecr\u00fbbey\u00ean jiyan\u00ea, tengahiy\u00ean giran \u00ean ku ji me re diqedin, her tim\u00ee lezg\u00een e, yek\u00eetiya netewey\u00ee ye.<\/p>\n<p>Jixwe dijmin ji welat\u00ea me, gund\u00ean me \u00ear\u00ee\u015f, bajar\u00ean me dest bi tunekirina, ti cih\u00eat\u00ee \u00e7avd\u00eariya ne dema ku ew mirov\u00ean me hatin qetilkirin: ji bo ku, em hem\u00fb bibin yek. Dijmin an j\u00ee di nav gor\u00ea de, di dergeh\u00ea, an j\u00ee di nav germ\u00ean ku li bedena me de bi hev re av\u00eatin. Dema ku em bimirin \u00fb li me li meqf\u00ea dikin, em hem\u00ee di navbera me de cudatiya partiya t\u00eako\u015f\u00een\u00ea dikin. Em di v\u00ea hevd\u00eetin\u00ea de Kurd ji ji par\u00e7ey\u00ean cuda y\u00ean Kurdistan\u00ea ne. B\u00eaguman di nav gel\u00ea Kurd \u00fb me de di nav gel\u00ea Kurd de hene. Yek\u00eetiya neteweya tevahiya gel\u00ea Kurd, Tirkmay\u00ee, Tirk, ereb, Ermen\u00ee, Suryan\u00ee, Azerbaycan, Person\u00ee, di kurt de, tevah\u00ee Kurdistan\u00ea hene. Em di derbar\u00ea yek\u00eetiy\u00ea \u00fb p\u00eaw\u00eestiya \u00eentegrasyon\u00ea de \u00e7i ye ku em hem\u00ee hev dikin. Yek\u00eetiya Netewey\u00ee daxwaziya gel\u00ea me ye. D\u00eeroka te emr\u00ea ye. Ev wez\u00eefeyeke e. Ev \u015fert e. Hewldan\u00ean hewldan\u00ean dewlet\u00ean kolonyay\u00ea ku ji erd\u00ea Kurd \u00fb Kurdistan ve ji desthilat\u00ea hilwe\u015f\u00eene, p\u00eangavek e ku di \u00ear\u00ee\u015f\u00ean neheq\u00ee de me dike. Em yek yek\u00eetiya netewey\u00ee ye. Em ji w\u00ee nefirse. Em nikarin w\u00ee berxwedan\u00ea ne. Em nikarin v\u00ea pa\u015f\u00ea ve\u015fartin an naveroka ku ji w\u00ea der\u00ea veki\u015f\u00eenin. \u00c7alak\u00ee wek\u00ee xwekuj\u00ee ye. Ev t\u00ea wateya xwe betal dike. Di v\u00ea yek\u00ea de, gav\u00ean cuda y\u00ean di Hewler, Amed, Sulaymaniyah \u00fb gelek cih\u00ean din de hatine gav kirin. Her kes ji bo yek\u00eetiya netewey\u00ee stand; ew \u00ea ji bo send\u00eekay\u00ea hilwe\u015f\u00eene. L\u00ea pi\u015ft\u00ee civ\u00een\u00ean ku ji her kes\u00ee re her kes \u00e7\u00fb. Gotin\u00ean b\u00eaj\u00ee bih\u00eestin. Hin caran tevger\u00ean tevger\u00ean ku bi veguher\u00een\u00ean vekir\u00ee an vekir\u00ee ve gir\u00eaday\u00ee b\u00fbn, dewlet\u00ean kolonyal\u00eest.<\/p>\n<p>L\u00eabel\u00ea, hem\u00ee van l\u00eakol\u00een\u00ean ne\u00e7ar b\u00fbne. Kurd diyar kir ku ew dikarin hev re bibin. Gel\u00ea me her dem di yek\u00eetiya prat\u00eek de yek\u00eetiya yekb\u00fby\u00ee ye. Gelek caran partiya w\u00ee ne ji aliy\u00ea r\u00eaxistin\u00ea \u00e7ewt e ku li gor r\u00eaxistin\u00ean me \u00fb part\u00ee \u00fb r\u00eaxistin\u00ea ye ku li gor rastdariy\u00ea dike. Di v\u00ea yek\u00ea de, d\u00ea gel\u00ea me li hem\u00fbyan, her part\u00ee ye. Bi rast\u00ee, em gelek caran di prat\u00eek\u00ea de tecr\u00fbbey\u00ean xwe kiriye. Ji bo nim\u00fbne, di demek\u00ea de ku r\u00eaxistineke kurd ya hilbijartin\u00ean serokatiy\u00ea li Tirkiy\u00ea, &#8221; Deng bide bo Selahatt\u00een Dem\u00eerta\u015f &#8221; Ew ji bo dib\u00eajin, red kir. L\u00ea gel\u00ea me nabih\u00eezin; \u00e7\u00fb \u00fb l\u00eesteya Demirta\u015fay\u00ea. Ji bo nim\u00fbne, gelek partiyan h\u00fbrgelan diyar kir ku di dema dema referendum\u00ea Ba\u015fjar de ney\u00ea derxistin; l\u00ea gava tevahiya Kurdan dest p\u00ea kir \u00fb ji bo r\u00eabaz\u00ean serxweb\u00fbna bisekinin, Li roja ku referand\u00fbm\u00ea ew \u00e7\u00fbn Ba\u015f&#8217;dur b\u00fbn \u00fb \u00e7\u00fbn ew deng bi xwe re deng dan.<\/p>\n<p>Astengiya her\u00ee mezin li p\u00ea\u015fiya yek\u00eetiya me ye ku em ji partiy\u00ea, r\u00eaxistin \u00fb partiy\u00ean berpirsiyar \u00ean wek r\u00eaber, rew\u015fenb\u00eer \u00fb m\u00eena ji n\u00fb \u00e7\u00eab\u00fbne. Hiq\u00fbq\u00ean balk\u00ea\u015f \u00fb dilsoz, hestiyar\u00ean ku k\u00ee berpirsiyar\u00ea her\u00ee bilind e yek\u00eetiya yek\u00eetiya zirar\u00ea dike. Ji aliy\u00ea din ve, helwest\u00ean hegemon\u00eek li ser gir\u00eengiya p\u00eawendiya wekhev\u00ee \u00fb r\u00eazgirtina navbera navbera partiyan \u00fb r\u00eaxistinan; ant\u00ee-demokrat\u00eek, feudal \u00fb \u00e7and\u00ee ya netewey\u00ee yek\u00eetiya yek\u00eetiya netewey\u00ee, wek\u00ee hewldan\u00ean \u00e7areserkirina nakokiy\u00ean muzakerey\u00ea y\u00ean dijber\u00ee \u00e7areser bikin. Tev\u00ee v\u00ea yek\u00ea, Yek\u00eetiya Netewey\u00ea dikare t\u00eate zan\u00een \u00fb f\u00eam kirin ku hewceya yekgirt\u00ee ye. Em \u00ea yek\u00eetiy\u00ea bibin, an j\u00ee em yek yek yek winda bibin.<\/p>\n<p>Niha, niha, em \u00e7i hewce ne \u00e7i ye? Div\u00ea em gav gav bi lez bigirin: <\/p>\n<p>1. Div\u00ea s\u00fbc\u00ean mirovahiy\u00ea ji aliy\u00ea dewleta tirk ve hat\u00ee dagirkeriya Efr\u00een\u00ea \u00fb Efr\u00een ji bo saziy\u00ean navnetewey\u00ee y\u00ean taybet\u00ee, Netewey\u00ean Yekgirt\u00ee. Div\u00ea em hewcey\u00ean ku ji bo pirsgir\u00eaka efr\u00een, li ser pirsgir\u00eak\u00ean kurd\u00ee li ser platform\u00ean d\u00eeplomat\u00eek \u00ean navnetewey\u00ee bigirin.<\/p>\n<p>2. Div\u00ea em daxuyaniyek daw\u00een ya hevd\u00eetin\u00ea ji bo hem\u00ee \u00e7apemen\u00ee, hik\u00fbmet \u00fb saziy\u00ean navnetewey\u00ee li ser \u00e7end hejmaran peywend\u00ee bikin.<\/p>\n<p>3. Dewleta Tirk \u00fb Erdogan di yekem\u00een yekem de, r\u00eaveber\u00ean din y\u00ean din li Bakur\u00ea Kurdistan\u00ea; Div\u00ea em di qan\u00fbneke navnetewey\u00ee de bikin ku d\u00ea d\u00eeplomat\u00eek \u00fb \u00e7alakiy\u00ean hiq\u00fbqa navnetewey\u00ee ji bo veguherandina \u015fer\u00ean \u015fer\u00ea li Afr\u00een\u00ea bi darizandin\u00ean \u00eero navnetewey\u00ee p\u00eak t\u00ea. <\/p>\n<p>4. Div\u00ea em p\u00eawendiy\u00ean teror\u00eest\u00ean teror\u00eest y\u00ean li ser yekem\u00een de dewleta Turkiy\u00ea vekin. <\/p>\n<p>5. Hem\u00fb c\u00eehan dizane ku azadiya \u00e7apemeniy\u00ea ya Tirkiy\u00ea ji maf\u00ean mirovan, mirov\u00ean mirov \u00fb ewlehiya jiyan\u00ea binp\u00ea dike; L\u00eabel\u00ea, ev dewlet \u00fb hik\u00fbmet\u00ea h\u00een li ser platform\u00ean navnetewey\u00ee &#8220;rastdar&#8221; t\u00eane d\u00eetin; ve\u015fart\u00ee &#8211; d\u00eeplomat\u00eek, siyas\u00ee, le\u015fker\u00ee vekir\u00ee vekin t\u00eakil\u00ee t\u00eane parastin. Ew ji bo civaka navnetewey\u00ee nay\u00ea pejirandin ku dewlet \u00fb gel\u00ea w\u00ea t\u00eako\u015f\u00eena wek\u00ee &#8220;rastdar&#8221; ye. Ev dewlet di dersa dewlet\u00ea ya &#8220;bandit&#8221; de ye; div\u00ea li gor\u00ee tedaw\u00ee be Div\u00ea muayeney\u00ean ku b\u00eane bic\u00eeh kirin, d\u00eeplomay\u00ean navnetewey\u00ee ney\u00ea \u00e7areser kirin, div\u00ea b\u00eane hevgirtin. <\/p>\n<p>6. Div\u00ea h\u00eaz\u00ean ewlehiy\u00ea Efr\u00een\u00ea \u00fb li her\u00eam\u00ean din \u00ean bin dagirkeriya Tirkiy\u00ea ji aliy\u00ea \u00e7avd\u00ear\u00ean Yekb\u00fby\u00ee \u00fb h\u00eaz\u00ean ewlehiy\u00ea y\u00ean NY-\u00ea ve \u015fandin. <\/p>\n<p>7. R\u00eaveberiya kantona her\u00eam\u00ee ya Ephr\u00een, ku ji 7 salan ve t\u00ea de operasyon\u00ea ye \u00fb h\u00eaza parastina xwe ya xweser\u00ee t\u00ea zan\u00een. Div\u00ea weya zagon\u00ee b\u00eane naskirin \u00fb div\u00ea di p\u00eavajoya a\u015ftiy\u00ea de be\u015fdar bibin. <\/p>\n<p>8. Div\u00ea partiy\u00ean kurd\u00ee dervey\u00ee PYD, ENKS \u00fb p\u00ea\u015fmergey\u00ean wan div\u00ea di v\u00ea p\u00eavajoy\u00ea de bibin yek.<\/p>\n<p>9. Ji sedem\u00ean biki\u015fandina dema, \u00e7avkaniy\u00ean \u00fb enerjiy\u00ea \u00e7i ye ku ji saziy\u00ean cuda cuda t\u00eane kirin; Div\u00ea \u00e7alakiy\u00ean navend\u00ee y\u00ean li ser \u00e7alakiy\u00ean neheq\u00ee y\u00ean ku bi z\u00eadeb\u00fbna gelemper\u00ee t\u00eane xurt kirin, bisekinin; Navenda Hevr\u00eaziya \u00c7alakiya yekane yek ji bo v\u00ea yek\u00ea were saz kirin. <\/p>\n<p>10. Ev navend\u00ee \u00fb hevr\u00eaz div\u00ea di mijar\u00ean din de bic\u00eeh bikin: Executive, Practice, Diplomacy, Qan\u00fbna \u00c7apemeniy\u00ea; Ji bo Gel\u00ean Ephrae, wek\u00ee al\u00eekar\u00ee \u00fb al\u00eekariy\u00ea didin. \u00fb da ser. karkeran ji navenda yek\u00eetiya hevr\u00eaziy\u00ea b\u00eate hev kirin. <\/p>\n<p>11. Di cih de komb\u00fbn\u00ean \u00e7end civ\u00een\u00ean kurd\u00ee y\u00ean navnetewey\u00ee amadekirin.<\/p>\n<p>12. Div\u00ea hewldan\u00ean ku partiy\u00ean kurd\u00ee \u00fb r\u00eaxistin\u00ean kurd\u00ee y\u00ean ku di v\u00ea hevd\u00eetin\u00ea de ji bo celeb\u00ean din \u00ean din, \u00fb herweha j\u00ee kar\u00ean wan \u00ean be\u015fdar nebin bibin, Kom\u00eesyona taybet be div\u00ea ji bo v\u00ea yek\u00ea were saz kirin.<\/p>\n<p>13. D\u00eerok \u00fb rojnamevanek ji bo demek\u00ea demek kurt be, an j\u00ee pi\u015ft\u00ee civ\u00een\u00ea li vir an j\u00ee yekser destn\u00ee\u015fankirin.<\/p>\n<p>Heval\u00ean heja <\/p>\n<p>Ez bawer dikim ku hevd\u00eetin d\u00ea hevalbendiyek neteweyek giran ava bike \u00fb di ruh\u00ea berxwedana Efr\u00een\u00ea de biryar\u00ean gir\u00eeng\u00ee bigrin, wek\u00ee bi ruh\u00ea berxwedana Efr\u00een. Ez bawer dikim ku biryar\u00ean ku em \u00ea d\u00ea bigrin yekem\u00een \u00fb li Efr\u00een\u00ea me, ber\u00ea \u00fb \u015fervan\u00ean me, bi tevahiya Kurda d\u00ea li ser helwest\u00ean c\u00eehan\u00ea b\u00eenin ku ew ji wan ji b\u00eenin ber cav ji ji re derbas bik\u00ea; ew \u00ea di hem\u00ee c\u00eehan\u00ea de hezkirina hem\u00fb heval\u00ean Kurd \u00fb Kurd\u00ean xwe bide shakirin; ew \u00ea bi carek din ve bi ramana xwe ve\u015fartin, bi taybet\u00ee di nav p\u00eangav\u00ean gav\u00ean ku ji aliy\u00ea dewleta tirk \u00fb dijmin\u00ean Kurd ve t\u00eane avtin, bira cardin cone xwe bidin pesiya xwe ser bidin seknandin. Ez bi van hest\u00ean we hemuyan silav dikim; Ez dixwazim civ\u00eena min serkeft\u00ee be.<\/p>\n<p>Bij\u00ee  Gel\u00ea Kurd \u00fb Kurdistan!<\/p>\n<p>Bij\u00ee Berxwedana Efrin\u00ea <\/p>\n","protected":false},"excerpt":{"rendered":"<p>Dosten heja, Rehavel\u00ean birez Ez we hem\u00fbyan bi nav\u00ea partiy\u00ea xwe silav dikim. Efr\u00een bi heft\u00eeyan\u00ea di bin eri\u015f\u00ean art\u00ea\u015f\u00ea Tirk day\u00ea. Serokkomar\u00ea Tirkiy\u00ea bi e\u015fkere behsa dagir\u00ee y\u00ea Efrin\u00ee dik\u00ea. Ew dixwazen penaberan Suriye, OSO, al-Qa\u00eede \u00fb teror\u00eest\u00ean din \u00ea \u00eeslam\u00eest Efrin\u00ea da bi c\u00eeh bikin; yan\u00ea ilan qirin\u00ea gele Efrin\u00ea cih bav \u00fb &hellip;<\/p>\n","protected":false},"author":4,"featured_media":0,"comment_status":"closed","ping_status":"closed","sticky":false,"template":"","format":"standard","meta":[],"categories":[43,54,41,42],"tags":[],"_links":{"self":[{"href":"http:\/\/www.dengekurdistan.de\/index.php?rest_route=\/wp\/v2\/posts\/2483"}],"collection":[{"href":"http:\/\/www.dengekurdistan.de\/index.php?rest_route=\/wp\/v2\/posts"}],"about":[{"href":"http:\/\/www.dengekurdistan.de\/index.php?rest_route=\/wp\/v2\/types\/post"}],"author":[{"embeddable":true,"href":"http:\/\/www.dengekurdistan.de\/index.php?rest_route=\/wp\/v2\/users\/4"}],"replies":[{"embeddable":true,"href":"http:\/\/www.dengekurdistan.de\/index.php?rest_route=%2Fwp%2Fv2%2Fcomments&post=2483"}],"version-history":[{"count":3,"href":"http:\/\/www.dengekurdistan.de\/index.php?rest_route=\/wp\/v2\/posts\/2483\/revisions"}],"predecessor-version":[{"id":2485,"href":"http:\/\/www.dengekurdistan.de\/index.php?rest_route=\/wp\/v2\/posts\/2483\/revisions\/2485"}],"wp:attachment":[{"href":"http:\/\/www.dengekurdistan.de\/index.php?rest_route=%2Fwp%2Fv2%2Fmedia&parent=2483"}],"wp:term":[{"taxonomy":"category","embeddable":true,"href":"http:\/\/www.dengekurdistan.de\/index.php?rest_route=%2Fwp%2Fv2%2Fcategories&post=2483"},{"taxonomy":"post_tag","embeddable":true,"href":"http:\/\/www.dengekurdistan.de\/index.php?rest_route=%2Fwp%2Fv2%2Ftags&post=2483"}],"curies":[{"name":"wp","href":"https:\/\/api.w.org\/{rel}","templated":true}]}}