{"id":2481,"date":"2018-03-11T14:33:26","date_gmt":"2018-03-11T13:33:26","guid":{"rendered":"http:\/\/www.dengekurdistan.de\/?p=2481"},"modified":"2018-03-12T14:02:49","modified_gmt":"2018-03-12T13:02:49","slug":"hollandada-toplanan-efrin-konulu-ulusal-kongrede-kkp-temsilcisinin-yaptigi-konusma","status":"publish","type":"post","link":"http:\/\/www.dengekurdistan.de\/?p=2481","title":{"rendered":"Hollanda&#8217;da Toplanan Efr\u00een Konulu Ulusal Kongre&#8217;de Sunulan KKP Bildirisi"},"content":{"rendered":"<p><strong>Efr\u00een ve Ulusal Tutum <\/strong><strong><\/p>\n<p>De\u011ferli dostlar, yolda\u015flar<\/p>\n<p>Partim ad\u0131na hepinizi sayg\u0131yla selamlar\u0131m.<\/p>\n<p>Efr\u00een haftalardir T\u00fcrk i\u015fgalcilerin sald\u0131r\u0131lar\u0131 alt\u0131nda. TC cumhurba\u015fkan\u0131 a\u00e7\u0131k\u00e7a Efr\u00een&#8217;i fethetmekten s\u00f6z ediyor. Efr\u00een&#8217;e Suriyeli m\u00fcltecileri, \u00d6SO, El Kaide ve \u00f6teki islamc\u0131 ter\u00f6ristleri yerle\u015ftirece\u011fini; yani Efr\u00een halk\u0131n\u0131 yerinden s\u00fcrece\u011fini ilan ediyor. A\u011fz\u0131ndan &#8221;Cihad&#8221;, &#8221;Sefer&#8221;, &#8221;Fetih&#8221;, &#8221;Temizlik&#8221;, &#8221;\u0130mha&#8221; s\u00f6zlerinden ba\u015fka s\u00f6z \u00e7\u0131km\u0131yor.<\/p>\n<p>Fakat Efr\u00een kararl\u0131l\u0131kla direniyor. Ba\u015fta YPG ve YPJ sava\u015f\u00e7\u0131lar\u0131 olmak \u00fczere Efr\u00eenliler Efr\u00een&#8217;in kolay lokma olmad\u0131\u011f\u0131n\u0131 T\u00fcrk i\u015fgalcilerine g\u00f6steriyor.<\/p>\n<p>Ancak d\u00fc\u015fman zalim, merhametsiz ve gerek teknik bak\u0131mdan, gerekse \u00f6teki imkanlar bak\u0131m\u0131ndan kat kat \u00fcst\u00fcn durumdad\u0131r. Bu \u00fcst\u00fcn g\u00fc\u00e7lere kar\u015f\u0131 Efr\u00eenlilerin kuvvetleriyle  ancak bir yere kadar direnilebilir ve zaten direniyorlar.  Direni\u015fin kesin zafere eri\u015fmesi; Efr\u00een&#8217;in i\u015fgalcilere mezara olmas\u0131 i\u00e7in b\u00fct\u00fcn K\u00fcrtlere, K\u00fcrt partilerine ve \u00f6rg\u00fctlerine g\u00f6revler d\u00fc\u015f\u00fcyor. Efr\u00een direni\u015fi k\u0131r\u0131l\u0131rsa s\u0131ra Menbi\u00e7, Kobani, Kam\u0131\u015fl\u0131&#8217;ya gelecektir. Ancak bunu engellemek; T\u00fcrk i\u015fgalcilerin heveslerini kursaklar\u0131nda b\u0131rakmak m\u00fcmk\u00fcnd\u00fcr. Haftalard\u0131r kahramanca direnen Efr\u00een halk\u0131m\u0131z, bunu ba\u015farman\u0131n m\u00fcmk\u00fcn oldu\u011funu kan\u0131tlam\u0131\u015ft\u0131r. Ama onlar\u0131n, karde\u015flerinin yard\u0131m\u0131naa, deste\u011fine, dayan\u0131\u015fmas\u0131na ihtiyac\u0131 var. Bu ihtiya\u00e7 Efrin direni\u015fi etraf\u0131nda ulusal direni\u015f cephesi olu\u015fturmakt\u0131r.<\/p>\n<p>Parti ve \u00f6rg\u00fctlerimiz, parti programlar\u0131m\u0131z ve bayraklar\u0131m\u0131z ayr\u0131 ayr\u0131 olabilir; ama hepimiz tek bir meclisin, tek bir ulusal kongrenin \u00e7at\u0131s\u0131 alt\u0131nda birle\u015fip; ortak bir irade olu\u015fturabiliriz. T\u0131pk\u0131 Afrika Ulusal Kongresi gibi, Filistin Kurtulu\u015f \u00d6rg\u00fct\u00fc gibi ve benzeri tarihsel \u00f6rneklerde oldu\u011fu gibi. Nitekim biz sadece K\u00fcrt Ulusal Kongresi&#8217;ni ve Meclisini yaratmak i\u00e7in \u00e7abalamakla yetinmiyoruz. Her yerde Halklar\u0131n Demokratik Kongrelerini de kurmaya; \u00f6teki halklarla demokratik, enternasyonalist ili\u015fkiler kurmaya da \u00e7al\u0131\u015f\u0131yoruz. Ancak hayat\u0131n ac\u0131 tecr\u00fcbelerinin, ba\u015f\u0131m\u0131za gelen ciddi felaketlerin de hep g\u00f6sterdi\u011fi gibi bizim en acil meselemiz ulusal birliktir.<\/p>\n<p>Zaten d\u00fc\u015fman topraklar\u0131m\u0131za sald\u0131rd\u0131\u011f\u0131, k\u00f6ylerimizi, \u015fehirlerimizi y\u0131kmaya ba\u015flad\u0131\u011f\u0131, insanlar\u0131m\u0131z\u0131 katletti\u011fi zaman hi\u00e7bir ayr\u0131m g\u00f6zetmiyor: O noktada hepimiz bir oluyoruz. D\u00fc\u015fman bizi ya mezarda, ya zindanda, ya da cesetlerimizi topluca att\u0131\u011f\u0131 \u00e7ukurlarda birle\u015ftiriyor. Bize \u00f6l\u00fcm ve ate\u015f kustu\u011fu zaman hepimiz, aram\u0131zda parti fark\u0131 g\u00f6zetmeden direniyoruz, birle\u015fiyor m\u00fccadele ediyoruz.<br \/>\nBu toplant\u0131da biraraya gelen bizler ayr\u0131 ayr\u0131 K\u00fcrdistan par\u00e7alar\u0131ndan gelen K\u00fcrdistanl\u0131lar\u0131z. \u00c7o\u011fumuz K\u00fcrd\u00fcz. Elbette aram\u0131zda K\u00fcrdistanl\u0131 di\u011fer halklardan, milletlerden K\u00fcrdistanl\u0131lar da var. Onlar da K\u00fcrdistan\u0131 kendi yurtlar\u0131 olarak seviyor, savunuyor, gerillada ve pe\u015fmergede g\u00f6rev al\u0131yor, \u015fehit d\u00fc\u015f\u00fcyorlar&#8230; K\u00fcrdistan ulusal birli\u011fi t\u00fcm K\u00fcrdistanl\u0131lar\u0131, K\u00fcrdistanl\u0131 T\u00fcrkmenleri, T\u00fcrkleri, Araplar\u0131, Ermenileri, S\u00fcryanileri, Azerileri, Farslar\u0131, k\u0131sacas\u0131 K\u00fcrdistan\u0131 yurt edinmi\u015f b\u00fct\u00fcn halklar\u0131 kaps\u0131yor.<\/p>\n<p>Birli\u011fin ve b\u00fct\u00fcnle\u015fmenin gere\u011fi \u00fczerine  bu s\u00f6ylediklerimiz hepimizin kabul edece\u011fi \u015feylerdir. Ulusal Birlik, halk\u0131m\u0131z\u0131n talebidir. Tarihin bize buyru\u011fudur. G\u00f6revdir. Zarurettir. S\u00f6m\u00fcrgeci devletlerin K\u00fcrd\u00fc ve K\u00fcrdistan\u0131 yery\u00fcz\u00fcnden silmek i\u00e7in g\u00f6sterdikleri ola\u011fan\u00fcst\u00fc gayretlerin, aral\u0131ks\u0131z sald\u0131r\u0131lar\u0131n bizi mecbur etti\u011fi bir ad\u0131md\u0131r. Ulusal birli\u011fe mecburuz. Ondan ka\u00e7amay\u0131z. Ona kar\u015f\u0131 \u00e7\u0131kamayay\u0131z; ondan s\u0131v\u0131\u015fmak i\u00e7in \u015fu ya da bu bahanenin arkas\u0131na saklanamay\u0131z. B\u00f6yle davranmak intihar demektir. Kendimize ihanet demektir. Bu konuda daha \u00f6nce Hewler&#8217;de, Amed&#8217;de, S\u00fcleymaniye&#8217;de ve daha pek \u00e7ok yerde de\u011fi\u015fik tarihlerde, de\u011fi\u015fik ad\u0131mlar at\u0131ld\u0131. Herkes ulusal birlikten yana tav\u0131r ald\u0131; birlik i\u00e7in \u00fcst\u00fcne d\u00fc\u015feni yapaca\u011f\u0131n\u0131 bildirdi. Fakat toplant\u0131lardan \u00e7\u0131k\u0131ld\u0131ktan sonra herkes yine kendi yoluna gitti. S\u00f6ylenen s\u00f6zler unutuldu. Bazen de s\u00f6m\u00fcrgeci devletlerin a\u00e7\u0131k ya da \u00f6rt\u00fcl\u00fc m\u00fcdahaleleriyle b\u00fct\u00fcn giri\u015fimler sekteye u\u011frad\u0131.<\/p>\n<p>Yine de b\u00fct\u00fcn bu \u00e7al\u0131\u015fmalar bo\u015fa gitmi\u015f de\u011fildir. K\u00fcrtler bir araya gelebileceklerini g\u00f6stermi\u015flerdir. Halk\u0131m\u0131z pratik alanda zaten daima birlik i\u00e7inde hareket etmektedir. \u00c7ok kez kendi partisinin, \u00f6rg\u00fct\u00fcn\u00fcn ald\u0131\u011f\u0131 yanl\u0131\u015f karara uymamakta, partisi ve \u00f6rg\u00fct\u00fcn\u00fcn karar\u0131 hilaf\u0131na, halk\u0131m\u0131z i\u00e7in do\u011fru olan tutum ne ise ona uygun davranmaktad\u0131r. Bu konuda halk\u0131m\u0131z\u0131n iradesi hepimizin, b\u00fct\u00fcn partilerin \u00fcst\u00fcndedir. Nitekim biz bunu bir \u00e7ok kez pratikte ya\u015fad\u0131k. \u00d6rne\u011fin T\u00fcrkiye&#8217;de cumhurba\u015fkanl\u0131\u011f\u0131 se\u00e7imleri yap\u0131l\u0131rken bir \u00e7ok K\u00fcrt \u00f6rg\u00fct\u00fc &#8221;Selahattin Demirta\u015fa oy verin&#8221; demekten imtina etti. Ama halk\u0131m\u0131z dinlemedi bile; gidip oyunu Demirta\u015f&#8217;a verdi. \u00d6rne\u011fin bir \u00e7ok parti Ba\u015fur referandumu s\u0131ras\u0131nda yabana at\u0131lmayacak \u00e7ekincelerini dile getirmi\u015flerdi; ama ok yaydan \u00e7\u0131k\u0131p Ba\u011f\u0131ms\u0131zl\u0131k mitingleri yap\u0131lmaya ba\u015flad\u0131\u011f\u0131nda b\u00fct\u00fcn K\u00fcrtler meydanlara akt\u0131lar; referandum g\u00fcn\u00fc Ba\u015fur&#8217;da sand\u0131klara gittiler ve evet oyu kulland\u0131lar.<\/p>\n<p>Birlik \u00f6n\u00fcndeki en b\u00fcy\u00fck engel bizzat biz parti, \u00f6rg\u00fct ve R\u00fbsp\u00ee, lider, ayd\u0131n ve benzeri sorumlu \u00e7evrelerden do\u011fmaktad\u0131r. Partisel \u00e7\u0131kar ve \u00e7eki\u015fmeler, kimin daha \u00fcst\u00fcn lider oldu\u011funa dair iti\u015fmeler ulusal birli\u011fe zarar vermektedir. \u00d6te yandan partiler ve \u00f6rg\u00fctler aras\u0131 ili\u015fkilerde e\u015fitlik ve kar\u015f\u0131l\u0131kl\u0131 sayg\u0131ya \u00f6nem verilmesi yerine hegemonyac\u0131 tutumlar; ihtilaflar\u0131n m\u00fczakerelerle \u00e7\u00f6z\u00fclmesi yerine \u015fiddetle \u00e7\u00f6z\u00fclmesi giri\u015fimleri gibi \u00e7a\u011fd\u0131\u015f\u0131, anti &#8211; demokratik, feodal ve a\u015firet\u00e7i k\u00fclt\u00fcr ulusal birli\u011fi sa\u011flamada engeller yaratmaktad\u0131r. B\u00fct\u00fcn bunlara ra\u011fmen Ulusal Birlik ger\u00e7ekle\u015ftirilebilir ve ger\u00e7ekle\u015ftirilmesi mutlak bir zorunluluktur. Ya birlik olaca\u011f\u0131z, ya da tek tek yok olaca\u011f\u0131z.<\/p>\n<p>Hemen, \u015fu anda, \u015fimdi pratik olarak ne yapmal\u0131y\u0131z? Bizce acilen \u015fu ad\u0131mlar\u0131 atmal\u0131y\u0131z:<\/p>\n<p>1. T\u00fcrk devletinin hukuk d\u0131\u015f\u0131 Efr\u00een i\u015fgalini, Efr\u00een&#8217;de i\u015fledi\u011fi insanl\u0131k su\u00e7lar\u0131n\u0131 ba\u015fta BM olmak \u00fczere uluslararas\u0131 kurumlar\u0131n g\u00fcndemine ta\u015f\u0131mal\u0131y\u0131z. Efrin i\u015fgali dolay\u0131s\u0131yla K\u00fcrt meselesinin uluslararas\u0131 diplomatik platformlarda ele al\u0131nmas\u0131 i\u00e7in \u00e7abalar\u0131 yo\u011funla\u015ft\u0131rmal\u0131y\u0131z.<br \/>\n2. Bug\u00fcnk\u00fc toplant\u0131n\u0131n sonu\u00e7 bildirgesini bir \u00e7ok dilden t\u00fcm medyaya, h\u00fck\u00fcmetlere ve uluslararas\u0131 kurumlara iletmeliyiz.<br \/>\n3. T\u00fcrk devletinin ve ba\u015f\u0131ndaki Erdo\u011fan ba\u015fta gelmek \u00fczere \u00f6teki y\u00f6neticilerin d\u00fcn Kuzey K\u00fcrdistan&#8217;da; bug\u00fcn Efrin&#8217;de i\u015fledi\u011fi sava\u015f su\u00e7lar\u0131n\u0131n uluslararas\u0131 mahkemelere ta\u015f\u0131nmas\u0131 i\u00e7in enternasyonal diplomatik ve hukuki faaliyetleri y\u00fcr\u00fctecek bir Hukuk B\u00fcrosu olu\u015fturmal\u0131y\u0131z.<br \/>\n4. T\u00fcrk devletinin \u0130\u015e\u0130D ba\u015fta gelmek \u00fczere islamc\u0131 ter\u00f6r \u00f6rg\u00fctleriyle ba\u011flant\u0131lar\u0131n\u0131 te\u015fhir etmeliyiz.<br \/>\n5. T\u00fcrk h\u00fck\u00fcmetinin bas\u0131n \u00f6zg\u00fcrl\u00fc\u011f\u00fcn\u00fc, insan haklar\u0131n\u0131, insanlar\u0131n mal ve can g\u00fcvenli\u011fini ihlal etti\u011fini t\u00fcm d\u00fcnya bilmektedir; ancak buna ra\u011fmen bu devlet ve h\u00fck\u00fcmet uluslararas\u0131 platformlarda halen &#8221;me\u015fru&#8221; kabul edilmekte; kendisiyle gizli &#8211; a\u00e7\u0131k diplomatik, siyasi, askeri vb. ili\u015fkiler s\u00fcrd\u00fcr\u00fclmektedir. Uluslararas\u0131 camian\u0131n T\u00fcrk devletini ve ba\u015f\u0131ndakileri &#8221;me\u015fru&#8221; saymas\u0131 kabul edilemez. Bu devlet &#8221;haydut&#8221; devletler s\u0131n\u0131f\u0131ndad\u0131r; ona g\u00f6re muamele edilmeli; yapt\u0131r\u0131m uygunlanmal\u0131, uluslararas\u0131 diplomaside muhatap al\u0131nmamal\u0131, tecrit edilmelidir.<br \/>\n6. Efrin&#8217;e ve T\u00fcrk i\u015fgali alt\u0131ndaki \u00f6teki b\u00f6lgelere BM g\u00f6zlemcileri ve BM&#8217;e ba\u011fl\u0131 g\u00fcvenlik g\u00fc\u00e7leri g\u00f6nderilmelidir.<br \/>\n7. Efrin&#8217;de 7 senedir i\u015f ba\u015f\u0131nda olan yerel kantonal y\u00f6netim ve ona ba\u011fl\u0131 \u00f6z savunma g\u00fc\u00e7leri me\u015frudur. Bu me\u015fruiyetleri tan\u0131nmal\u0131 ve bar\u0131\u015f g\u00f6r\u00fc\u015fmeleri s\u00fcre\u00e7lerine kat\u0131lmalar\u0131 sa\u011flanmal\u0131d\u0131r.<br \/>\n8. PYD d\u0131\u015f\u0131ndaki K\u00fcrt partileri, ENKS ve onlara ba\u011fl\u0131 pe\u015fmergeler bu s\u00fcre\u00e7lere dahil edilmelidir.<br \/>\n9. Farkl\u0131 kurumlar\u0131n y\u00fcr\u00fctt\u00fckleri, zaman, kaynak ve enerji israf\u0131na yol a\u00e7an; gitgide kan\u0131ksanarak etkisizle\u015fen eylemler yerine g\u00fc\u00e7l\u00fc merkezi eylemlere yo\u011funla\u015fmal\u0131; bunun i\u00e7in tek bir Eylem Koordinasyon Merkezi olu\u015fturulmal\u0131d\u0131r.<br \/>\n10. Bu merkezile\u015fme ve koordinasyon di\u011fer konularda da sa\u011flanmal\u0131d\u0131r: Y\u00fcr\u00fctme, Pratik i\u015fler, Diplomasi, Hukuk, Bas\u0131n; Efr\u00een halk\u0131 i\u00e7in Yard\u0131m ve Ba\u011f\u0131\u015f toplama vb. vb. i\u015flevler tek merkezden koordine edilmelidir.<br \/>\n11. Hemen bir dizi Uluslararas\u0131 K\u00fcrt Konferans\u0131 toplanmas\u0131 i\u00e7in haz\u0131rl\u0131k yap\u0131lmal\u0131d\u0131r.<br \/>\n12. \u00c7e\u015fitli nedenlerle bu toplant\u0131ya kat\u0131lmayan, bu \u00e7al\u0131\u015fmalar\u0131n d\u0131\u015f\u0131nda kalan K\u00fcrt parti ve \u00f6rg\u00fctlerinin de \u00e7al\u0131\u015fmalara dahil edilmesi i\u00e7in \u00e7aba harcanmal\u0131; bunun i\u00e7in \u00f6zel bir komisyon olu\u015fturulmal\u0131d\u0131r.<br \/>\n13. K\u0131sa s\u00fcre sonras\u0131 i\u00e7in bir toplant\u0131 tarihi ve g\u00fcndemi ya hemen burada ya da toplant\u0131dan sonra belirlenmelidir.<\/p>\n<p>De\u011ferli yolda\u015flar<\/p>\n<p>Bu toplant\u0131m\u0131z\u0131n Efrin direni\u015fi ruhuyla, Efrin direni\u015finin bize emretti\u011fi bi\u00e7imde ciddi bir Ulusal \u0130ttifak yarataca\u011f\u0131na ve \u00f6nemli kararlar alaca\u011f\u0131na inan\u0131yorum. \u0130nan\u0131yorum ki alaca\u011f\u0131m\u0131z kararlar en ba\u015fta Efrin&#8217;de direnen halk\u0131m\u0131z ve sava\u015f\u00e7\u0131lar\u0131m\u0131z olmak \u00fczere b\u00fct\u00fcn K\u00fcrt ve K\u00fcrdistanl\u0131lara \u015fevk ve moral verecek; K\u00fcrtleri g\u00f6rmezden gelen d\u00fcnya devletlerinin tav\u0131rlar\u0131n\u0131 g\u00f6zden ge\u00e7irmelerine vesile olacak, yine d\u00fcnyadaki t\u00fcm K\u00fcrt ve K\u00fcrdistan dostlar\u0131n\u0131 sevindirecek, gayrete getirecek; ba\u015fta T\u00fcrk devleti olmak \u00fczere, K\u00fcrt d\u00fc\u015fmanlar\u0131n\u0131 da atacaklar\u0131 ad\u0131mlarda bir kez daha k\u00fcl\u00e2h\u0131 \u00f6nlerine koyarak d\u00fc\u015f\u00fcnmek zorunda b\u0131rakacakt\u0131r. Bu duygularla hepinizi selamlar\u0131m; toplant\u0131m\u0131za ba\u015far\u0131lar dilerim.<\/p>\n<p>B\u0131j\u00ee Gel\u00ea Kurd \u00fb Kurdistan!<\/p>\n<p>B\u0131j\u00ee Berxwedana Efr\u00een\u00ea!<\/p>\n<p>11. 03. 2018<\/p>\n<p>Partiya Komunista Kurdistan<\/p>\n<p>KKP <\/p>\n<p>Merkez Komitesi<\/p>\n","protected":false},"excerpt":{"rendered":"<p>Efr\u00een ve Ulusal Tutum De\u011ferli dostlar, yolda\u015flar Partim ad\u0131na hepinizi sayg\u0131yla selamlar\u0131m. Efr\u00een haftalardir T\u00fcrk i\u015fgalcilerin sald\u0131r\u0131lar\u0131 alt\u0131nda. TC cumhurba\u015fkan\u0131 a\u00e7\u0131k\u00e7a Efr\u00een&#8217;i fethetmekten s\u00f6z ediyor. Efr\u00een&#8217;e Suriyeli m\u00fcltecileri, \u00d6SO, El Kaide ve \u00f6teki islamc\u0131 ter\u00f6ristleri yerle\u015ftirece\u011fini; yani Efr\u00een halk\u0131n\u0131 yerinden s\u00fcrece\u011fini ilan ediyor. A\u011fz\u0131ndan &#8221;Cihad&#8221;, &#8221;Sefer&#8221;, &#8221;Fetih&#8221;, &#8221;Temizlik&#8221;, &#8221;\u0130mha&#8221; s\u00f6zlerinden ba\u015fka s\u00f6z \u00e7\u0131km\u0131yor. Fakat Efr\u00een &hellip;<\/p>\n","protected":false},"author":4,"featured_media":0,"comment_status":"closed","ping_status":"closed","sticky":false,"template":"","format":"standard","meta":[],"categories":[43,54,41,42],"tags":[],"_links":{"self":[{"href":"http:\/\/www.dengekurdistan.de\/index.php?rest_route=\/wp\/v2\/posts\/2481"}],"collection":[{"href":"http:\/\/www.dengekurdistan.de\/index.php?rest_route=\/wp\/v2\/posts"}],"about":[{"href":"http:\/\/www.dengekurdistan.de\/index.php?rest_route=\/wp\/v2\/types\/post"}],"author":[{"embeddable":true,"href":"http:\/\/www.dengekurdistan.de\/index.php?rest_route=\/wp\/v2\/users\/4"}],"replies":[{"embeddable":true,"href":"http:\/\/www.dengekurdistan.de\/index.php?rest_route=%2Fwp%2Fv2%2Fcomments&post=2481"}],"version-history":[{"count":3,"href":"http:\/\/www.dengekurdistan.de\/index.php?rest_route=\/wp\/v2\/posts\/2481\/revisions"}],"predecessor-version":[{"id":2488,"href":"http:\/\/www.dengekurdistan.de\/index.php?rest_route=\/wp\/v2\/posts\/2481\/revisions\/2488"}],"wp:attachment":[{"href":"http:\/\/www.dengekurdistan.de\/index.php?rest_route=%2Fwp%2Fv2%2Fmedia&parent=2481"}],"wp:term":[{"taxonomy":"category","embeddable":true,"href":"http:\/\/www.dengekurdistan.de\/index.php?rest_route=%2Fwp%2Fv2%2Fcategories&post=2481"},{"taxonomy":"post_tag","embeddable":true,"href":"http:\/\/www.dengekurdistan.de\/index.php?rest_route=%2Fwp%2Fv2%2Ftags&post=2481"}],"curies":[{"name":"wp","href":"https:\/\/api.w.org\/{rel}","templated":true}]}}