{"id":2477,"date":"2018-03-11T14:21:29","date_gmt":"2018-03-11T13:21:29","guid":{"rendered":"http:\/\/www.dengekurdistan.de\/?p=2477"},"modified":"2018-03-11T14:21:29","modified_gmt":"2018-03-11T13:21:29","slug":"57-siyasi-parti-ve-53-sivil-toplu-oerguetue-hollandada-efrin-icin-toplandi","status":"publish","type":"post","link":"http:\/\/www.dengekurdistan.de\/?p=2477","title":{"rendered":"57 Siyasi Parti  ve 53 Sivil toplu \u00d6rg\u00fct\u00fc Hollanda&#8217;da Efr\u00een i\u00e7in topland\u0131&#8230;"},"content":{"rendered":"<p><strong>K\u00fcrdistan Ulusal Kongresi (KNK) ve Efr\u00een\u2019e Sahip \u00c7\u0131kma Komitesi\u2019nin \u00f6nc\u00fcl\u00fc\u011f\u00fcnde ba\u015flayan toplant\u0131, \u201cHelwesta Netew\u00ee Ji Bo Berxwedana Efr\u00een\u00ea\u201d slogan\u0131yla Hollanda\u2019da ba\u015flad\u0131. Toplant\u0131ya KKP delegasyonu da i\u015ftirak etti.<\/strong><\/p>\n<p>Avrupa\u2019daki K\u00fcrdistani parti, kurum, meslek \u00f6rg\u00fctleri ve \u015fahsiyetler, Efr\u00een ile dayan\u0131\u015fma amac\u0131yla ulusal d\u00fczeyde tutumunu a\u00e7\u0131klamak \u00fczere topland\u0131. KNK E\u015fba\u015fkan\u0131 Nil\u00fcfer Ko\u00e7, \u201cEfr\u00een\u2019de huzur sa\u011flanmayana kadar Avrupa\u2019da da huzur olmaz\u2019 dedi.<\/p>\n<p>T\u00fcrk devletinin Efr\u00een\u2019e y\u00f6nelik i\u015fgal sald\u0131r\u0131s\u0131 51\u2019inci g\u00fcn\u00fcnde devam ederken buna kar\u015f\u0131 YPJ, YPG ve Efr\u00een halk\u0131 sert bir direni\u015f sergiliyor. K\u00fcrt halk\u0131 ve dostlar\u0131 da Japonya\u2019dan Avusturalya\u2019ya kadar onlarca merkezde dayan\u0131\u015fma g\u00f6sterilerinde bulunuyor.<\/p>\n<p>Avrupa\u2019da ya\u015fayan K\u00fcrtler 50 g\u00fcnd\u00fcr yapt\u0131klar\u0131 eylemlerle direni\u015fin bir par\u00e7as\u0131 olmaya devam ediyor. Bu \u00e7er\u00e7evede Avrupa\u2019da faaliyet y\u00fcr\u00fcten K\u00fcrt parti, kurum, meslek \u00f6rg\u00fctleri ve \u015fahsiyetler Efr\u00een ile dayan\u0131\u015fma amac\u0131yla kamuoyuna ulusal d\u00fczeyde birlik tutumlar\u0131n\u0131 a\u00e7\u0131kl\u0131yor.<\/p>\n<p>K\u00fcrdistan Ulusal Kongresi (KNK) ve Efr\u00een\u2019e Sahip \u00c7\u0131kma Komitesi\u2019nin \u00f6nc\u00fcl\u00fc\u011f\u00fcnde ba\u015flayan toplant\u0131, \u201cHelwesta Netew\u00ee Ji Bo Berxwedana Efr\u00een\u00ea\u201d slogan\u0131yla Hollanda\u2019da ba\u015flad\u0131. Toplant\u0131ya 57 siyasi parti ve 53 sivil toplum \u00f6rg\u00fct\u00fcn\u00fc dahil oldu\u011fu y\u00fczlerce ki\u015fi kat\u0131ld\u0131. K\u00fcrdistani kurumlar d\u0131\u015f\u0131nda, Asuri-S\u00fcryani, Emeni kurum temsilcilerinin yan\u0131 s\u0131ra T\u00fcrkiyeli sol \u00f6rg\u00fctler ve Arap kurum temsilcileri de haz\u0131r bulundu.<\/p>\n<p>&#8220;EFR\u0130N B\u00dcT\u00dcN K\u00dcRD\u0130STAN\u2019IN MESELES\u0130D\u0130R\u201d<\/p>\n<p>Toplant\u0131n\u0131n a\u00e7\u0131l\u0131\u015f konu\u015fmas\u0131n\u0131 KNK E\u015fba\u015fkan\u0131 Nil\u00fcfer Ko\u00e7 yapt\u0131. Ko\u00e7 toplant\u0131n\u0131n amac\u0131na de\u011finerek, \u201cBiz K\u00fcrt kurumlar\u0131 olarak, Efr\u00een\u2019e dayan\u0131\u015fmam\u0131z\u0131 g\u00f6stermek istiyoruz. Bu tav\u0131r ile BM, NATO ve Avrupa\u2019n\u0131n sessizli\u011fini protesto etmek istiyoruz. T\u00fcrk devletine kar\u015f\u0131 seslerini y\u00fckseltene kadar biz susmayaca\u011f\u0131z. Efr\u00een\u2019de huzur olmazsa, burada da olmayacakt\u0131r\u201d diye konu\u015ftu.<\/p>\n<p>Efr\u00een\u2019nin sadece K\u00fcrdistan\u2019\u0131n bir par\u00e7as\u0131n\u0131n sorunu olmad\u0131\u011f\u0131n\u0131 belirten Ko\u00e7, devamla \u015funlar\u0131 s\u00f6yledi: \u201cEfr\u00een b\u00fct\u00fcn K\u00fcrdistan\u2019\u0131n meselesidir. Efr\u00een, Ermeni, S\u00fcryani ve T\u00fcrkmenlerin sorunudur. Efr\u00een\u2019in ba\u015far\u0131s\u0131 b\u00fct\u00fcn \u00f6zg\u00fcrl\u00fck isteyenlerin ba\u015far\u0131s\u0131d\u0131r. Biz KNK olarak Efr\u00een&#8217;in direni\u015fini selaml\u0131yoruz.\u201d<\/p>\n<p>YPG KOMUTANI: SOKAK SOKAK D\u0130RENECE\u011e\u0130Z<\/p>\n<p>Efr\u00een\u2019in YPG komutanlar\u0131ndan Mahmud Berxwedan de toplant\u0131ya sesli bir mesaj g\u00f6nderdi. Berxwedan mesaj\u0131nda, 50 g\u00fcnd\u00fcr direndiklerini belirterek, \u201cHalk\u0131m\u0131za s\u00f6z veriyoruz. Biz 50 g\u00fcnd\u00fcr direniyoruz. Bundan sonra da direnece\u011fiz. S\u00f6m\u00fcrgecilere kar\u015f\u0131 m\u00fccadele i\u00e7erisinde olduk, bundan sonra da olmaya devam edece\u011fiz. T\u00fcrk devleti ve Erdo\u011fan bunu \u00e7ok iyi bilmesi gerekiyor: kaybedecektir. Biz Efr\u00een ve K\u00fcrt halk\u0131na s\u00f6z verdik. Efr\u00een\u2019in her kar\u0131\u015f topra\u011f\u0131n\u0131, zeytin a\u011fa\u00e7lar\u0131n\u0131 koruyaca\u011f\u0131z.\u201d<br \/>\nT\u00fcrk devletinin Efr\u00een\u2019e y\u00f6nelik i\u015fgal sald\u0131r\u0131s\u0131 51\u2019inci g\u00fcn\u00fcnde devam ederken buna kar\u015f\u0131 YPJ, YPG ve Efr\u00een halk\u0131 sert bir direni\u015f sergiliyor. K\u00fcrt halk\u0131 ve dostlar\u0131 da Japonya\u2019dan Avusturalya\u2019ya kadar onlarca merkezde dayan\u0131\u015fma g\u00f6sterilerinde bulunuyor.<\/p>\n<p>Avrupa\u2019da ya\u015fayan K\u00fcrtler 50 g\u00fcnd\u00fcr yapt\u0131klar\u0131 eylemlerle direni\u015fin bir par\u00e7as\u0131 olmaya devam ediyor. Bu \u00e7er\u00e7evede Avrupa\u2019da faaliyet y\u00fcr\u00fcten K\u00fcrt parti, kurum, meslek \u00f6rg\u00fctleri ve \u015fahsiyetler Efr\u00een ile dayan\u0131\u015fma amac\u0131yla kamuoyuna ulusal d\u00fczeyde birlik tutumlar\u0131n\u0131 a\u00e7\u0131kl\u0131yor.<\/p>\n<p>K\u00fcrdistan Ulusal Kongresi (KNK) ve Efr\u00een\u2019e Sahip \u00c7\u0131kma Komitesi\u2019nin \u00f6nc\u00fcl\u00fc\u011f\u00fcnde ba\u015flayan toplant\u0131, \u201cHelwesta Netew\u00ee Ji Bo Berxwedana Efr\u00een\u00ea\u201d slogan\u0131yla Hollanda\u2019da ba\u015flad\u0131. Toplant\u0131ya 57 siyasi parti ve 53 sivil toplum \u00f6rg\u00fct\u00fcn\u00fc dahil oldu\u011fu y\u00fczlerce ki\u015fi kat\u0131ld\u0131. K\u00fcrdistani kurumlar d\u0131\u015f\u0131nda, Asuri-S\u00fcryani, Emeni kurum temsilcilerinin yan\u0131 s\u0131ra T\u00fcrkiyeli sol \u00f6rg\u00fctler ve Arap kurum temsilcileri de haz\u0131r bulundu.<\/p>\n<p>&#8220;EFR\u0130N B\u00dcT\u00dcN K\u00dcRD\u0130STAN\u2019IN MESELES\u0130D\u0130R\u201d<\/p>\n<p>Toplant\u0131n\u0131n a\u00e7\u0131l\u0131\u015f konu\u015fmas\u0131n\u0131 KNK E\u015fba\u015fkan\u0131 Nil\u00fcfer Ko\u00e7 yapt\u0131. Ko\u00e7 toplant\u0131n\u0131n amac\u0131na de\u011finerek, \u201cBiz K\u00fcrt kurumlar\u0131 olarak, Efr\u00een\u2019e dayan\u0131\u015fmam\u0131z\u0131 g\u00f6stermek istiyoruz. Bu tav\u0131r ile BM, NATO ve Avrupa\u2019n\u0131n sessizli\u011fini protesto etmek istiyoruz. T\u00fcrk devletine kar\u015f\u0131 seslerini y\u00fckseltene kadar biz susmayaca\u011f\u0131z. Efr\u00een\u2019de huzur olmazsa, burada da olmayacakt\u0131r\u201d diye konu\u015ftu.<\/p>\n<p>Efr\u00een\u2019nin sadece K\u00fcrdistan\u2019\u0131n bir par\u00e7as\u0131n\u0131n sorunu olmad\u0131\u011f\u0131n\u0131 belirten Ko\u00e7, devamla \u015funlar\u0131 s\u00f6yledi: \u201cEfr\u00een b\u00fct\u00fcn K\u00fcrdistan\u2019\u0131n meselesidir. Efr\u00een, Ermeni, S\u00fcryani ve T\u00fcrkmenlerin sorunudur. Efr\u00een\u2019in ba\u015far\u0131s\u0131 b\u00fct\u00fcn \u00f6zg\u00fcrl\u00fck isteyenlerin ba\u015far\u0131s\u0131d\u0131r. Biz KNK olarak Efr\u00een&#8217;in direni\u015fini selaml\u0131yoruz.\u201d<\/p>\n<p>YPG KOMUTANI: SOKAK SOKAK D\u0130RENECE\u011e\u0130Z<\/p>\n<p>Efr\u00een\u2019in YPG komutanlar\u0131ndan Mahmud Berxwedan de toplant\u0131ya sesli bir mesaj g\u00f6nderdi. Berxwedan mesaj\u0131nda, 50 g\u00fcnd\u00fcr direndiklerini belirterek, \u201cHalk\u0131m\u0131za s\u00f6z veriyoruz. Biz 50 g\u00fcnd\u00fcr direniyoruz. Bundan sonra da direnece\u011fiz. S\u00f6m\u00fcrgecilere kar\u015f\u0131 m\u00fccadele i\u00e7erisinde olduk, bundan sonra da olmaya devam edece\u011fiz. T\u00fcrk devleti ve Erdo\u011fan bunu \u00e7ok iyi bilmesi gerekiyor: kaybedecektir. Biz Efr\u00een ve K\u00fcrt halk\u0131na s\u00f6z verdik. Efr\u00een\u2019in her kar\u0131\u015f topra\u011f\u0131n\u0131, zeytin a\u011fa\u00e7lar\u0131n\u0131 koruyaca\u011f\u0131z.\u201d<\/p>\n<p>http:\/\/bercem.net\/avrupa-daki-kurdistanlilar-efrin-icin-toplandi\/1<\/p>\n","protected":false},"excerpt":{"rendered":"<p>K\u00fcrdistan Ulusal Kongresi (KNK) ve Efr\u00een\u2019e Sahip \u00c7\u0131kma Komitesi\u2019nin \u00f6nc\u00fcl\u00fc\u011f\u00fcnde ba\u015flayan toplant\u0131, \u201cHelwesta Netew\u00ee Ji Bo Berxwedana Efr\u00een\u00ea\u201d slogan\u0131yla Hollanda\u2019da ba\u015flad\u0131. Toplant\u0131ya KKP delegasyonu da i\u015ftirak etti. Avrupa\u2019daki K\u00fcrdistani parti, kurum, meslek \u00f6rg\u00fctleri ve \u015fahsiyetler, Efr\u00een ile dayan\u0131\u015fma amac\u0131yla ulusal d\u00fczeyde tutumunu a\u00e7\u0131klamak \u00fczere topland\u0131. KNK E\u015fba\u015fkan\u0131 Nil\u00fcfer Ko\u00e7, \u201cEfr\u00een\u2019de huzur sa\u011flanmayana kadar Avrupa\u2019da da &hellip;<\/p>\n","protected":false},"author":4,"featured_media":0,"comment_status":"closed","ping_status":"closed","sticky":false,"template":"","format":"standard","meta":[],"categories":[43,54,41,42],"tags":[],"_links":{"self":[{"href":"http:\/\/www.dengekurdistan.de\/index.php?rest_route=\/wp\/v2\/posts\/2477"}],"collection":[{"href":"http:\/\/www.dengekurdistan.de\/index.php?rest_route=\/wp\/v2\/posts"}],"about":[{"href":"http:\/\/www.dengekurdistan.de\/index.php?rest_route=\/wp\/v2\/types\/post"}],"author":[{"embeddable":true,"href":"http:\/\/www.dengekurdistan.de\/index.php?rest_route=\/wp\/v2\/users\/4"}],"replies":[{"embeddable":true,"href":"http:\/\/www.dengekurdistan.de\/index.php?rest_route=%2Fwp%2Fv2%2Fcomments&post=2477"}],"version-history":[{"count":1,"href":"http:\/\/www.dengekurdistan.de\/index.php?rest_route=\/wp\/v2\/posts\/2477\/revisions"}],"predecessor-version":[{"id":2478,"href":"http:\/\/www.dengekurdistan.de\/index.php?rest_route=\/wp\/v2\/posts\/2477\/revisions\/2478"}],"wp:attachment":[{"href":"http:\/\/www.dengekurdistan.de\/index.php?rest_route=%2Fwp%2Fv2%2Fmedia&parent=2477"}],"wp:term":[{"taxonomy":"category","embeddable":true,"href":"http:\/\/www.dengekurdistan.de\/index.php?rest_route=%2Fwp%2Fv2%2Fcategories&post=2477"},{"taxonomy":"post_tag","embeddable":true,"href":"http:\/\/www.dengekurdistan.de\/index.php?rest_route=%2Fwp%2Fv2%2Ftags&post=2477"}],"curies":[{"name":"wp","href":"https:\/\/api.w.org\/{rel}","templated":true}]}}