{"id":2416,"date":"2018-03-06T17:28:10","date_gmt":"2018-03-06T16:28:10","guid":{"rendered":"http:\/\/www.dengekurdistan.de\/?p=2416"},"modified":"2018-03-06T17:28:10","modified_gmt":"2018-03-06T16:28:10","slug":"8-martta-grevdeyiz-sokaktayiz-isyandayiz-halklarin-demokratik-kongresi-avrupa-hdk-a-kadin-meclisi-girisimi","status":"publish","type":"post","link":"http:\/\/www.dengekurdistan.de\/?p=2416","title":{"rendered":"8 Mart&#8217;ta Grevdeyiz, Sokaktay\u0131z, \u0130syanday\u0131z! &#8211; Halklar\u0131n Demokratik Kongresi \u2013 Avrupa (HDK-A) Kad\u0131n Meclisi Giri\u015fimi"},"content":{"rendered":"<p>8 Mart kad\u0131nlar\u0131n e\u015fitsizli\u011fe, s\u00f6m\u00fcr\u00fcye, uzun ve k\u00f6t\u00fc \u00e7al\u0131\u015fma ko\u015fullar\u0131na kar\u015f\u0131 greve giderek m\u00fccadele etti\u011fi tarihe d\u00fc\u015f\u00fclen nottur, simgedir.. \u0130\u015f\u00e7i ve emek\u00e7i kad\u0131nlar\u0131n amans\u0131z m\u00fccadeleler i\u00e7erisinde hak e\u015fitli\u011fini, ya\u015fam hakk\u0131n\u0131 korumak olarak b\u00fcy\u00fctt\u00fc\u011f\u00fc m\u00fccadele g\u00fcn\u00fcd\u00fcr.  <\/p>\n<p>New York&#8217;lu kad\u0131nlar\u0131n yakt\u0131klar\u0131 m\u00fccadele ate\u015fi bug\u00fcn d\u00fcnyada direnen t\u00fcm kad\u0131nlar\u0131n ellerinde \u0131\u015f\u0131ld\u0131yor. D\u00fcn kapitalizme ve fa\u015fizme kar\u015f\u0131 direnen kad\u0131nlar, Kobane&#8217;den, Petrograd&#8217;dan, Madrid&#8217;den t\u00fcm d\u00fcnyaya, y\u0131ld\u0131zla\u015fan kad\u0131n devriminin mu\u015ftusunu ta\u015f\u0131d\u0131. Bug\u00fcn Efrin&#8217;li kad\u0131nlar\u0131n ya\u015fam\u0131n \u00f6z savunmas\u0131nda par\u0131ldamaya devam ediyor. Direnen kad\u0131nlar\u0131n y\u0131lmayan m\u00fccadele azimleri asla teslim olmad\u0131. <\/p>\n<p>Halklar\u0131n e\u015fitli\u011fi, i\u015f\u00e7i ve emek\u00e7ilerin s\u00f6m\u00fcr\u00fcs\u00fcz bir d\u00fcnyay\u0131 in\u015fa edebilmesi m\u00fccadelesi, bug\u00fcn kad\u0131nlar\u0131n isyan\u0131n\u0131 da kucaklamak zorundad\u0131r. S\u00f6m\u00fcr\u00fc ve \u015fiddete kar\u015f\u0131 t\u00fcm d\u00fcnya kad\u0131nlar\u0131 8 Mart g\u00fcn\u00fcnde greve haz\u0131rlan\u0131yor. E\u015fitlik ve \u00f6zg\u00fcrl\u00fck m\u00fccadelemizin \u00f6zg\u00fcc\u00fcn\u00fc ve iradesini ku\u015fanan K\u00fcrt, Ermeni, T\u00fcrk, Abhaz, Laz, Arap, \u00c7erkes, Alevi, Ezidi, S\u00fcni kad\u0131nlar olarak; fa\u015fist AKP-Erdo\u011fan iktidar\u0131n\u0131n t\u00fcm katliamlar\u0131na, bask\u0131 ve \u015fiddetine kar\u015f\u0131 ortak bir kad\u0131n iradesi b\u00fcy\u00fctmek i\u00e7in grev silah\u0131m\u0131za sar\u0131lal\u0131m! Efrin&#8217;de fa\u015fist AKP-Erdo\u011fan diktat\u00f6rl\u00fc\u011f\u00fcn\u00fcn i\u015fgal sald\u0131r\u0131lar\u0131na kar\u015f\u0131 Efrin&#8217;li kad\u0131nlar\u0131n direni\u015fine, ya\u015fad\u0131\u011f\u0131m\u0131z \u00fclkelerde bir soluk olmak i\u00e7in onlar gibi tutunduklar\u0131 \u00f6z savunma silah\u0131na, grev silah\u0131m\u0131zla e\u015flik edelim. New York\u2019tan Efrin&#8217;e direni\u015f gelene\u011fini, kad\u0131nlar\u0131n b\u00fcy\u00fcyen \u00f6fkesini, bizi hedef alan, t\u00fcm sald\u0131r\u0131lara kar\u015f\u0131, barikat barikat \u00e7o\u011faltal\u0131m!  <\/p>\n<p>\u00c7\u00fcnk\u00fc; \u015eiddete kar\u015f\u0131 direni\u015f her yerde! <\/p>\n<p>D\u00fcnyan\u0131n her yerinde kad\u0131nlar bask\u0131ya, \u015fiddete, s\u00f6m\u00fcr\u00fcye, katledilmeye devam ediliyor. Tam bir cins k\u0131r\u0131m\u0131 bi\u00e7iminde s\u00fcrd\u00fcr\u00fclen bu sava\u015fa, d\u00fcnya kad\u0131nlar\u0131 olarak kar\u015f\u0131 \u00e7\u0131kmal\u0131y\u0131z. Kad\u0131nlara dayat\u0131lan s\u00f6m\u00fcr\u00fc ve \u015fiddet ya\u015fad\u0131\u011f\u0131m\u0131z Avrupa topraklar\u0131nda da her ge\u00e7en g\u00fcn art\u0131yor. Kad\u0131n bedeni \u00fczerinden tahakk\u00fcm kurmay\u0131 ama\u00e7layan politikalar, s\u0131kl\u0131kla g\u00fcndemimiz olmay\u0131 s\u00fcrd\u00fcr\u00fcyor. K\u00fcrtaj hakk\u0131 fiilen engellenmeye \u00e7al\u0131\u015f\u0131l\u0131yor. Kad\u0131nlar katlediliyorken, devlet ya da h\u00fck\u00fcmetler sessizliklerini erkek egemenli\u011finin bekas\u0131 i\u00e7in koruyorlar. Kad\u0131nlar\u0131n a\u011f\u0131r bedeller \u00f6deyerek elde etti\u011fi, bug\u00fcnk\u00fc mevcut haklar\u0131m\u0131z bir bir ellerimizden al\u0131n\u0131yor. Ba\u015fta Fransa ve Almanya olmak \u00fczere, \u00e7\u0131kart\u0131lan i\u015f yasalar\u0131 ile, kad\u0131n eme\u011fi hi\u00e7le\u015ftirilmeye \u00e7al\u0131\u015f\u0131l\u0131rken, g\u00fcvencesiz \u00e7al\u0131\u015fma ko\u015fullar\u0131 en fazla i\u015f\u00e7i kad\u0131nlara dayat\u0131l\u0131yor.  <\/p>\n<p>T\u00fcrkiye ve K\u00fcrdistan&#8217;da kad\u0131nlar\u0131n b\u00fcy\u00fck m\u00fccadeleler sonucu elde ettikleri haklar\u0131n bir \u00e7o\u011fu ellerinde al\u0131nd\u0131. \u00dcstelik kad\u0131nlar\u0131n \u00f6rg\u00fctl\u00fc m\u00fccadele alanlar\u0131 m\u00fch\u00fcrlendi, kapat\u0131ld\u0131. \u00d6rg\u00fcts\u00fczle\u015ftirilme sald\u0131r\u0131lar\u0131 alt\u0131nda, \u00f6nc\u00fc kad\u0131nlar\u0131 tutuklama sald\u0131r\u0131lar\u0131 ya da ya\u015fam alanlar\u0131ndan s\u00fcr\u00fclerek etkisizle\u015ftirilmesi sa\u011fland\u0131. Katliam ve sald\u0131r\u0131lar ile solu\u011fu kesilmeye \u00e7al\u0131\u015f\u0131lan K\u00fcrt kad\u0131nlar\u0131, sava\u015f ortam\u0131n\u0131n t\u00fcm ac\u0131lar\u0131 ile y\u00fcz y\u00fcze b\u0131rak\u0131ld\u0131. AKP fa\u015fizmi kad\u0131nlara sava\u015f ilan etti! <\/p>\n<p>Fa\u015fist zul\u00fcm diktat\u00f6rl\u00fc\u011f\u00fc OHAL&#8217;de, anayasada ve hayata ge\u00e7irmeyi planlad\u0131klar\u0131 t\u00fcm politikalar\u0131nda toplumun erkek egemen yap\u0131s\u0131n\u0131, cinsiyet\u00e7i \u00f6nceliklerini ba\u015ftan a\u015fa\u011f\u0131 d\u00f6n\u00fc\u015ft\u00fcrmeyi hedefliyor. Bunun i\u00e7in, kad\u0131nlar\u0131n iradesini gasp edecek hi\u00e7 bir uygulamay\u0131 kabul etmeyece\u011fiz! <\/p>\n<p>8 Mart isyan, direni\u015f ve grev \u00e7a\u011fr\u0131s\u0131d\u0131r! <\/p>\n<p>Kapitalist erkek egemen sistemin, kad\u0131n\u0131 ezen, s\u00f6m\u00fcren, \u015fiddeti reva g\u00f6ren t\u00fcm uygulamalar\u0131na son vermek i\u00e7in direnmeye devam edece\u011fiz! Cinsiyet\u00e7i politiklar ile sava\u015f s\u00fcrd\u00fcren g\u00fc\u00e7lere, diktat\u00f6rl\u00fcklere kar\u015f\u0131 m\u00fccadelemizi s\u00fcrd\u00fcrece\u011fiz. Kad\u0131nlar\u0131n grev ve direni\u015flerle ac\u0131lar\u0131n\u0131 ve \u00f6fkelerini ku\u015fanarak bir isyana d\u00f6n\u00fc\u015ft\u00fcrece\u011fi 8 Mart\u2019ta bask\u0131 ve \u015fiddete, kad\u0131n\u0131 iradesizle\u015ftiren, yok sayan t\u00fcm politikalara, kar\u015f\u0131 sokakta olaca\u011f\u0131z! <\/p>\n<p>8 Mart\u2019\u0131 grev ve direni\u015fle alanlarda b\u00fcy\u00fcten kad\u0131n isyan\u0131na selam olsun!  <\/p>\n<p>Ya\u015fas\u0131n 8 Mart D\u00fcnya Emek\u00e7i Kad\u0131nlar G\u00fcn\u00fc! <\/p>\n<p>Fa\u015fizme, \u0131rk\u00e7\u0131l\u0131\u011fa, diktat\u00f6rl\u00fc\u011fe ve kad\u0131na y\u00f6nelik \u015fiddete son! <\/p>\n<p>Halklar\u0131n Demokratik Kongresi \u2013 Avrupa (HDK-A) Kad\u0131n Meclisi Giri\u015fimi <\/p>\n","protected":false},"excerpt":{"rendered":"<p>8 Mart kad\u0131nlar\u0131n e\u015fitsizli\u011fe, s\u00f6m\u00fcr\u00fcye, uzun ve k\u00f6t\u00fc \u00e7al\u0131\u015fma ko\u015fullar\u0131na kar\u015f\u0131 greve giderek m\u00fccadele etti\u011fi tarihe d\u00fc\u015f\u00fclen nottur, simgedir.. \u0130\u015f\u00e7i ve emek\u00e7i kad\u0131nlar\u0131n amans\u0131z m\u00fccadeleler i\u00e7erisinde hak e\u015fitli\u011fini, ya\u015fam hakk\u0131n\u0131 korumak olarak b\u00fcy\u00fctt\u00fc\u011f\u00fc m\u00fccadele g\u00fcn\u00fcd\u00fcr. New York&#8217;lu kad\u0131nlar\u0131n yakt\u0131klar\u0131 m\u00fccadele ate\u015fi bug\u00fcn d\u00fcnyada direnen t\u00fcm kad\u0131nlar\u0131n ellerinde \u0131\u015f\u0131ld\u0131yor. D\u00fcn kapitalizme ve fa\u015fizme kar\u015f\u0131 direnen kad\u0131nlar, &hellip;<\/p>\n","protected":false},"author":4,"featured_media":0,"comment_status":"closed","ping_status":"closed","sticky":false,"template":"","format":"standard","meta":[],"categories":[58],"tags":[],"_links":{"self":[{"href":"http:\/\/www.dengekurdistan.de\/index.php?rest_route=\/wp\/v2\/posts\/2416"}],"collection":[{"href":"http:\/\/www.dengekurdistan.de\/index.php?rest_route=\/wp\/v2\/posts"}],"about":[{"href":"http:\/\/www.dengekurdistan.de\/index.php?rest_route=\/wp\/v2\/types\/post"}],"author":[{"embeddable":true,"href":"http:\/\/www.dengekurdistan.de\/index.php?rest_route=\/wp\/v2\/users\/4"}],"replies":[{"embeddable":true,"href":"http:\/\/www.dengekurdistan.de\/index.php?rest_route=%2Fwp%2Fv2%2Fcomments&post=2416"}],"version-history":[{"count":1,"href":"http:\/\/www.dengekurdistan.de\/index.php?rest_route=\/wp\/v2\/posts\/2416\/revisions"}],"predecessor-version":[{"id":2417,"href":"http:\/\/www.dengekurdistan.de\/index.php?rest_route=\/wp\/v2\/posts\/2416\/revisions\/2417"}],"wp:attachment":[{"href":"http:\/\/www.dengekurdistan.de\/index.php?rest_route=%2Fwp%2Fv2%2Fmedia&parent=2416"}],"wp:term":[{"taxonomy":"category","embeddable":true,"href":"http:\/\/www.dengekurdistan.de\/index.php?rest_route=%2Fwp%2Fv2%2Fcategories&post=2416"},{"taxonomy":"post_tag","embeddable":true,"href":"http:\/\/www.dengekurdistan.de\/index.php?rest_route=%2Fwp%2Fv2%2Ftags&post=2416"}],"curies":[{"name":"wp","href":"https:\/\/api.w.org\/{rel}","templated":true}]}}