{"id":2252,"date":"2018-01-25T02:44:02","date_gmt":"2018-01-25T01:44:02","guid":{"rendered":"http:\/\/www.dengekurdistan.de\/?p=2252"},"modified":"2018-01-25T10:31:42","modified_gmt":"2018-01-25T09:31:42","slug":"oezguer-emekci-kadinlar-platformu-kuerdistandaki-depremzedeler-icin-yardim-topladi","status":"publish","type":"post","link":"http:\/\/www.dengekurdistan.de\/?p=2252","title":{"rendered":"\u00d6zg\u00fcr Emek\u00e7i Kad\u0131nlar Platformu K\u00dcRD\u0130STANDAK\u0130 DEPREMZEDELER \u0130\u00c7\u0130N YARDIM TOPLADI"},"content":{"rendered":"<p><img loading=\"lazy\" src=\"http:\/\/www.dengekurdistan.de\/wp-content\/uploads\/2018\/01\/26814897_10214987472779343_5251747690415521055_n-300x225.jpg\" alt=\"\" width=\"300\" height=\"225\" class=\"alignnone size-medium wp-image-2255\" srcset=\"http:\/\/www.dengekurdistan.de\/wp-content\/uploads\/2018\/01\/26814897_10214987472779343_5251747690415521055_n-300x225.jpg 300w, http:\/\/www.dengekurdistan.de\/wp-content\/uploads\/2018\/01\/26814897_10214987472779343_5251747690415521055_n-768x576.jpg 768w, http:\/\/www.dengekurdistan.de\/wp-content\/uploads\/2018\/01\/26814897_10214987472779343_5251747690415521055_n.jpg 960w\" sizes=\"(max-width: 300px) 100vw, 300px\" \/><\/p>\n<p>K\u00fcrdistan&#8217;daki depremzadeler ve s\u00fcrg\u00fcnler i\u00e7in St. Gallen \u015fehrinde bir katolik kilisesinin yard\u0131m toplayaca\u011f\u0131n\u0131 \u00f6\u011frendik. Kontenjan\u0131 da bilmedi\u011fimiz i\u00e7in, \u00d6zg\u00fcr Emek\u00e7i Kad\u0131nlar Platformu olarak yar\u0131m minib\u00fcs dolusu giyecek, bebek bezi, mama, hijyen \u00fcr\u00fcnleri, okul e\u015fyalar\u0131 vs. toplad\u0131k.<\/p>\n<p>19 Ocak Cuma g\u00fcn\u00fc Katholische Pfarrei Teufen&#8217;a gittik. Kap\u0131y\u0131 a\u00e7ana kadar toplad\u0131\u011f\u0131m\u0131z yard\u0131mlar\u0131n ger\u00e7ekten ula\u015f\u0131p ula\u015fmayaca\u011f\u0131ndan \u015f\u00fcpheliydik. B\u00fcy\u00fck bir salonda bir s\u00fcr\u00fc \u00fcst \u00fcste y\u0131\u011f\u0131lm\u0131\u015f e\u015fya, kartonlar, e\u015fyalar\u0131 bir yandan ay\u0131ran insanlar. Hem de bedenlere g\u00f6re ay\u0131r\u0131yorlarm\u0131\u015f, orada kolayl\u0131k olsun diye.<\/p>\n<p><img loading=\"lazy\" src=\"http:\/\/www.dengekurdistan.de\/wp-content\/uploads\/2018\/01\/26994116_10214987772546837_1678543791868009443_n-225x300.jpg\" alt=\"\" width=\"225\" height=\"300\" class=\"alignnone size-medium wp-image-2259\" srcset=\"http:\/\/www.dengekurdistan.de\/wp-content\/uploads\/2018\/01\/26994116_10214987772546837_1678543791868009443_n-225x300.jpg 225w, http:\/\/www.dengekurdistan.de\/wp-content\/uploads\/2018\/01\/26994116_10214987772546837_1678543791868009443_n.jpg 720w\" sizes=\"(max-width: 225px) 100vw, 225px\" \/><\/p>\n<p>Kap\u0131dan girer girmez \u00e7ok i\u00e7ten kar\u015f\u0131lad\u0131lar bizi. 28 \u015eubat\u2019a kadar devam etti\u011fini \u00f6\u011frendik kampanyan\u0131n. Nelere ihtiya\u00e7 oldu\u011funu sorduk. Ta\u015f\u0131man\u0131n sorun olmayaca\u011f\u0131n\u0131, d\u00f6n\u00fc\u015fte ba\u015fka firmalar\u0131n T\u00fcrkiye&#8217;den yiyecek getirdiklerini, o y\u00fczden asl\u0131nda ta\u015f\u0131ma \u00fccretinin sadece yar\u0131s\u0131n\u0131 \u00f6dediklerini anlatt\u0131lar. Hi\u00e7 bir zaman para yollamad\u0131klar\u0131n\u0131, e\u015fyalar\u0131 b\u00f6lgede say\u0131p, \u00f6demeleri \u00f6yle yapt\u0131klar\u0131n\u0131 ve yard\u0131mlar\u0131n d\u0131\u015f\u0131nda 5 tane de projeleri oldu\u011fundan bahsetti Ueli. Bunlardan biri kamplara giden su borular\u0131 in\u015fas\u0131. Senede bir ka\u00e7 kere gidiyormu\u015f K\u00fcrdistan&#8217;a. Kamplardaki insani olmayan, zor ko\u015fullardan bahsetti bize. Daha \u00f6nce yapt\u0131klar\u0131 yard\u0131mlar\u0131 anlatt\u0131. St. Gallen&#8217;da ba\u015fka bir katolik katedral de c\u00f6mert\u00e7e maddi destek sunuyormu\u015f, \u00f6zellikle ta\u015f\u0131ma i\u00e7in. E\u015fya yard\u0131m\u0131nda bulunmayanlar ba\u011f\u0131\u015f da yapabilirler.<\/p>\n<p><img loading=\"lazy\" src=\"http:\/\/www.dengekurdistan.de\/wp-content\/uploads\/2018\/01\/26815510_10214987474019374_7365322317830401302_n-225x300.jpg\" alt=\"\" width=\"225\" height=\"300\" class=\"alignnone size-medium wp-image-2263\" srcset=\"http:\/\/www.dengekurdistan.de\/wp-content\/uploads\/2018\/01\/26815510_10214987474019374_7365322317830401302_n-225x300.jpg 225w, http:\/\/www.dengekurdistan.de\/wp-content\/uploads\/2018\/01\/26815510_10214987474019374_7365322317830401302_n.jpg 720w\" sizes=\"(max-width: 225px) 100vw, 225px\" \/><\/p>\n<p>Orada k\u0131yafetleri ay\u0131ran ve paketleyen onlarca insan ise g\u00f6n\u00fcll\u00fc \u00e7al\u0131\u015f\u0131yormu\u015f. Ueli Schleuniger, bunun dini ya da siyasi bir \u015fey de\u011fil, tamamen insani bir yard\u0131m oldu\u011funu vurgulad\u0131. Yakla\u015f\u0131k iki senedir Barzani Charity Foundation (BCF) ile birlikte<\/p>\n<p>B\u00fct\u00fcn bunlara ve biz bunlar\u0131 konu\u015furken elinde paketlerle gelen ya\u015fl\u0131 insanlara \u015fahit olmak&#8230; Tarifi zor bir mutluluk. Y\u00fcre\u011fimiz umutla doldu.<\/p>\n<p>\u015eubat ay\u0131nda tekrar yard\u0131m toplay\u0131p getirece\u011fimizi bildirdik. Mart ay\u0131nda K\u00fcrdistan&#8217;a gittiklerinde ve sonras\u0131nda yapt\u0131klar\u0131 d\u00f6k\u00fcmleri ve de\u011ferlendirmeleri bize de ula\u015ft\u0131racaklar.<\/p>\n<p>G\u00f6n\u00fcl rahatl\u0131\u011f\u0131yla iyi insanlara teslim edece\u011fiz yard\u0131mlar\u0131m\u0131z\u0131. \u015eubat&#8217;ta bir kez daha!<\/p>\n<p>19.Ocak.2018<\/p>\n<p>\u00d6zg\u00fcr Emek\u00e7i Kad\u0131nlar Platformu<\/p>\n","protected":false},"excerpt":{"rendered":"<p>K\u00fcrdistan&#8217;daki depremzadeler ve s\u00fcrg\u00fcnler i\u00e7in St. Gallen \u015fehrinde bir katolik kilisesinin yard\u0131m toplayaca\u011f\u0131n\u0131 \u00f6\u011frendik. Kontenjan\u0131 da bilmedi\u011fimiz i\u00e7in, \u00d6zg\u00fcr Emek\u00e7i Kad\u0131nlar Platformu olarak yar\u0131m minib\u00fcs dolusu giyecek, bebek bezi, mama, hijyen \u00fcr\u00fcnleri, okul e\u015fyalar\u0131 vs. toplad\u0131k. 19 Ocak Cuma g\u00fcn\u00fc Katholische Pfarrei Teufen&#8217;a gittik. Kap\u0131y\u0131 a\u00e7ana kadar toplad\u0131\u011f\u0131m\u0131z yard\u0131mlar\u0131n ger\u00e7ekten ula\u015f\u0131p ula\u015fmayaca\u011f\u0131ndan \u015f\u00fcpheliydik. B\u00fcy\u00fck bir &hellip;<\/p>\n","protected":false},"author":4,"featured_media":2267,"comment_status":"closed","ping_status":"closed","sticky":false,"template":"","format":"standard","meta":[],"categories":[54,41],"tags":[],"_links":{"self":[{"href":"http:\/\/www.dengekurdistan.de\/index.php?rest_route=\/wp\/v2\/posts\/2252"}],"collection":[{"href":"http:\/\/www.dengekurdistan.de\/index.php?rest_route=\/wp\/v2\/posts"}],"about":[{"href":"http:\/\/www.dengekurdistan.de\/index.php?rest_route=\/wp\/v2\/types\/post"}],"author":[{"embeddable":true,"href":"http:\/\/www.dengekurdistan.de\/index.php?rest_route=\/wp\/v2\/users\/4"}],"replies":[{"embeddable":true,"href":"http:\/\/www.dengekurdistan.de\/index.php?rest_route=%2Fwp%2Fv2%2Fcomments&post=2252"}],"version-history":[{"count":3,"href":"http:\/\/www.dengekurdistan.de\/index.php?rest_route=\/wp\/v2\/posts\/2252\/revisions"}],"predecessor-version":[{"id":2271,"href":"http:\/\/www.dengekurdistan.de\/index.php?rest_route=\/wp\/v2\/posts\/2252\/revisions\/2271"}],"wp:featuredmedia":[{"embeddable":true,"href":"http:\/\/www.dengekurdistan.de\/index.php?rest_route=\/wp\/v2\/media\/2267"}],"wp:attachment":[{"href":"http:\/\/www.dengekurdistan.de\/index.php?rest_route=%2Fwp%2Fv2%2Fmedia&parent=2252"}],"wp:term":[{"taxonomy":"category","embeddable":true,"href":"http:\/\/www.dengekurdistan.de\/index.php?rest_route=%2Fwp%2Fv2%2Fcategories&post=2252"},{"taxonomy":"post_tag","embeddable":true,"href":"http:\/\/www.dengekurdistan.de\/index.php?rest_route=%2Fwp%2Fv2%2Ftags&post=2252"}],"curies":[{"name":"wp","href":"https:\/\/api.w.org\/{rel}","templated":true}]}}