{"id":2035,"date":"2017-12-08T14:11:28","date_gmt":"2017-12-08T13:11:28","guid":{"rendered":"http:\/\/www.dengekurdistan.de\/?p=2035"},"modified":"2017-12-16T11:38:00","modified_gmt":"2017-12-16T10:38:00","slug":"tegmen-aliye-mektup-tuncay-atmaca","status":"publish","type":"post","link":"http:\/\/www.dengekurdistan.de\/?p=2035","title":{"rendered":"TE\u011eMEN AL\u0130\u2019YE MEKTUP  \/  Tuncay ATMACA"},"content":{"rendered":"<p><img loading=\"lazy\" src=\"http:\/\/www.dengekurdistan.de\/wp-content\/uploads\/2017\/12\/Tegmen-Ali-2-210x300.jpg\" alt=\"\" width=\"210\" height=\"300\" class=\"alignnone size-medium wp-image-2049\" srcset=\"http:\/\/www.dengekurdistan.de\/wp-content\/uploads\/2017\/12\/Tegmen-Ali-2-210x300.jpg 210w, http:\/\/www.dengekurdistan.de\/wp-content\/uploads\/2017\/12\/Tegmen-Ali-2.jpg 497w\" sizes=\"(max-width: 210px) 100vw, 210px\" \/>A\u015fa\u011f\u0131daki yaz\u0131 KKP MK \u00fcyesi Tuncay Atmaca taraf\u0131ndan yaz\u0131lm\u0131\u015f, \u00c7OBAN ATE\u015e\u0130 gazetesinde yay\u0131nlanm\u0131\u015ft\u0131r.<\/p>\n<p>Sevgili yolda\u015f,<\/p>\n<p>Yazmak i\u00e7in her kalemi elime ald\u0131\u011f\u0131mda bo\u011faz\u0131ma bir \u015feylerin d\u00fc\u011f\u00fcmlendi\u011fini, elimde kalemin titredi\u011fini hissediyorum. Yine de insan yazmadan duygular\u0131n\u0131 ak ka\u011f\u0131da d\u00f6kmeden rahatlayam\u0131yor.<\/p>\n<p>\u015eimdi derin d\u00fc\u015f\u00fcncelere dal\u0131yorum. Hani bir d\u00f6nem seninde m\u00fccadeleyi omuzlad\u0131\u011f\u0131n, Ege&#8217;nin incisi diye tabir edilen o g\u00fczelim kentin k\u00fcresel \u0131s\u0131nmayla birlikte daha da bir kavurucu A\u011fustos s\u0131ca\u011f\u0131nda yazmaya \u00e7al\u0131\u015f\u0131yorum.<\/p>\n<p>D\u00fc\u015f\u00fcn\u00fcyorum da sana yazacak o kadar \u00e7ok \u015fey birikmi\u015f ki&#8230; Seninle son g\u00f6r\u00fc\u015fmemizden bu yana. Sahi, en son ne zaman g\u00f6r\u00fc\u015fm\u00fc\u015ft\u00fck? Haf\u0131zam beni yan\u0131ltm\u0131yorsa 1980 y\u0131l\u0131n\u0131n so\u011fuk bir Aral\u0131k g\u00fcn\u00fcnde, hen\u00fcz benim g\u00f6zalt\u0131ndan \u00e7\u0131k\u0131\u015f\u0131m\u0131n \u00fczerinden birka\u00e7 g\u00fcn ge\u00e7mi\u015fti. \u0130zmir&#8217;in me\u015fhur Kemeralt\u0131&#8217;s\u0131n\u0131n ara sokaklar\u0131ndan birinde bulu\u015fmu\u015ftuk. Ve uzun uzun sohbet etmi\u015ftik. Gelece\u011fe, m\u00fccadeleye y\u00f6nelik. Bu son g\u00f6r\u00fc\u015fmemizi sinemada g\u00fczel bir film izleyerek noktalam\u0131\u015ft\u0131k. G\u00fcn\u00fcn sonunda en k\u0131sa s\u00fcrede g\u00f6r\u00fc\u015fmek \u00fczere vedala\u015fm\u0131\u015ft\u0131k. Bunun son g\u00f6r\u00fc\u015fme oldu\u011funu san\u0131r\u0131m o g\u00fcnlerde her ikimizde bilmiyorduk. G\u00fcnlerce senden bir randevu haberi bekledim. Ku\u015fkusuz zorlu ko\u015fullardan ge\u00e7iyorduk. Ama her \u015feye ra\u011fmen bir g\u00fcn mutlaka tekrar g\u00f6r\u00fc\u015fece\u011fimizi d\u00fc\u015f\u00fcn\u00fcyordum. Aylar sonra zorunlu olarak yurtd\u0131\u015f\u0131na \u00e7\u0131kt\u0131\u011f\u0131n\u0131 \u00f6\u011frendim. Oysa sen hep bu topraklarda kalmak ve m\u00fccadeleyi bu topraklarda s\u00fcrd\u00fcrmek gerekti\u011fini s\u00f6ylerdin. Bir \u00e7oklar\u0131 yurtd\u0131\u015f\u0131na \u00e7\u0131kmak i\u00e7in u\u011fra\u015f\u0131rken&#8230; Ama ko\u015fullar seni zorlam\u0131\u015ft\u0131. \u0130stemeyerekte olsa yurtd\u0131\u015f\u0131na \u00e7\u0131kmak zorunda kalm\u0131\u015ft\u0131n.<\/p>\n<p>Sevgili yolda\u015f,<\/p>\n<p>Birka\u00e7 y\u0131l sonra tarih yapraklar\u0131 11 A\u011fustos 1985&#8217;i g\u00f6sterdi\u011fi g\u00fcnlerde, sen kavurucu \u00e7\u00f6l s\u0131cakl\u0131\u011f\u0131nda Filistin halk\u0131yla birlikte, enternasyonal m\u00fccadele anlay\u0131\u015f\u0131n gere\u011fi \u0130srail Siyonizm&#8217;ine kar\u015f\u0131 m\u00fccadele ederken, Siyonist d\u00fc\u015fman\u0131n avc\u0131 u\u00e7aklar\u0131 seni aram\u0131zdan ald\u0131.<\/p>\n<p>Yolda\u015f, sen aram\u0131zdan ayr\u0131ld\u0131\u011f\u0131ndan bu yana d\u00fcnya o kadar h\u0131zl\u0131 d\u00f6n\u00fcyor, beklenmedik olaylar o kadar h\u0131zla geli\u015fiyor ve alabora oluyor ki, anlatmak olduk\u00e7a g\u00fc\u00e7le\u015fiyor. O y\u00fczden de insan anlatmaya nereden ba\u015flayaca\u011f\u0131n\u0131 bilemiyor ve zorlan\u0131yor. <\/p>\n<p>Sevgili yolda\u015f,<\/p>\n<p>Birka\u00e7 y\u0131l \u00f6nce \u201c F\u0131ratta Ya\u015fam\u201d da sana yazd\u0131\u011f\u0131m mektupta art\u0131k \u201csosyalist sistem\u201din olmad\u0131\u011f\u0131n\u0131 anlatm\u0131\u015ft\u0131m. Sosyalist sistemin \u00e7\u00f6z\u00fclmesinden bu yana art\u0131k d\u00fcnya  bir kaosun i\u00e7erisine s\u00fcr\u00fcklenmi\u015f bir durumda. Ger\u00e7i onca y\u0131l sonra yeniden,  \u00f6zellikle Latin Amerika\u2019da sosyalizmden yana hafif bir r\u00fczgar esmeye ba\u015flad\u0131. Ama d\u00fcnya da sosyalist- kom\u00fcnist hareketin hali hi\u00e7te iyi de\u011fil, diyebilirim sana.<\/p>\n<p>Bizim co\u011frafyada ise sen aram\u0131zdan ayr\u0131ld\u0131ktan sonra \u00e7ok \u015fey de\u011fi\u015fti. Senin  \u0130srail siyonizmine kar\u015f\u0131 birlikte sava\u015ft\u0131\u011f\u0131n Filistin kendi i\u00e7erisinde siyaseten yeni ve derin bir b\u00f6l\u00fcnme ya\u015fad\u0131. Gazze \u015eeridinde iktidar\u0131n\u0131 ilan eden Hamas\u2019a kar\u015f\u0131 Mahmud Abbas liderli\u011findeki El Fetih ise Bat\u0131 \u015eeria\u2019y\u0131 denetleyerek yeni bir Filistin H\u00fck\u00fcmeti atad\u0131. Yani \u015fu anda iki ayr\u0131 Filistin h\u00fck\u00fcmeti bulunuyor. Anlayaca\u011f\u0131n \u015fu anda Filistin\u2019de siyasal gruplar aras\u0131nda bir \u00e7at\u0131\u015fma ya\u015fan\u0131yor. Di\u011fer yandan ABD-\u0130ngiliz emperyalist bloku \u201c\u00f6zg\u00fcrl\u00fck-demokrasi, vb\u201d ad\u0131 alt\u0131nda Irak\u2019\u0131 i\u015fgal etti. Bu durumu de\u011ferlendiren G\u00fcney\u2019li K\u00fcrtler \u201cK\u00fcrt Federe Devleti\u201d ni kurdular. K\u0131saca Ortado\u011fu\u2019da hala kan, katliam ve g\u00f6zya\u015f\u0131ndan ba\u015fka bir \u015fey yok.<\/p>\n<p>Sevgili yolda\u015f,<\/p>\n<p>Bizim cephede ise i\u015fler hi\u00e7te i\u00e7 ac\u0131c\u0131 de\u011fil. Her \u015fey dibe vurmu\u015f durumda, i\u015f\u00e7i ve emek\u00e7i hareketi ba\u015fka kulvarda sosyalist \u2013 kom\u00fcnist hareket ba\u015fka kulvarda y\u00fcr\u00fcy\u00fc\u015flerini s\u00fcrd\u00fcrmeye \u00e7al\u0131\u015f\u0131yorlar. Devrimci \u2013 sosyalist hareket kendi kurumlar\u0131nda kendi varl\u0131klar\u0131n\u0131 devam ettirmeye, deyim uygunsa takvim devrimcili\u011fi yapmaya, i\u015f\u00e7i ve emek\u00e7ilere yapt\u0131\u011f\u0131 \u00e7a\u011fr\u0131larla i\u015f\u00e7i ve emek\u00e7ilerin kendilerine gelece\u011fini d\u00fc\u015f\u00fcnmeye devam ediyor. Dahas\u0131 insanl\u0131k topyek\u00fcn insanl\u0131\u011f\u0131n\u0131 kaybetmi\u015f durumda. Ve \u00f6ylesi bir s\u00fcre\u00e7 ya\u015fan\u0131yor ki; neredeyse ger\u00e7ekle hikaye edilen kar\u0131\u015ft\u0131r\u0131l\u0131yor. \u0130\u015fte b\u00f6ylesi bir s\u00fcre\u00e7te K\u00fcrdistanl\u0131 Kom\u00fcnistler olarak bizler sizlerin m\u00fccadelesinden ald\u0131\u011f\u0131m\u0131z g\u00fc\u00e7le \u00c7OBAN ATE\u015e\u0130\u2019 ni yeniden yakmaya \u00e7al\u0131\u015f\u0131yoruz.<\/p>\n<p>Evet, d\u00fcnya da onca \u015fey ya\u015fanmaya devam ederken Marksistler inatla geli\u015fmelere ayak direyip eski tarzlar\u0131n\u0131 s\u00fcrd\u00fcrmeye \u00e7al\u0131\u015f\u0131yorlar. Oysa Marksistler s\u00fcreci g\u00f6zden ge\u00e7irip kulland\u0131klar\u0131 ara\u00e7 ve y\u00f6ntemleri onarmas\u0131 ve yenilemesi gerekmiyor mu? Ama ne gezer.(!) Hala 20.yy. \u0131n s\u00f6ylem ve y\u00f6ntemleriyle yol almaya \u00e7al\u0131\u015f\u0131yorlar. \u0130\u015fte tamda bu noktada biz K\u00fcrdistanl\u0131 Kom\u00fcnistler \u201cLenin Marx\u2019a nas\u0131l yakla\u015ft\u0131ysa bizde Lenin\u2019e \u00f6yle yakla\u015faca\u011f\u0131z\u201d tespitinden yola \u00e7\u0131karak i\u00e7erisinde ya\u015fad\u0131\u011f\u0131m\u0131z \u00e7a\u011fa uygun \u00f6rg\u00fct ve \u00f6rg\u00fctlenme y\u00f6ntemlerini yaratmaya \u2013 geli\u015ftirmeye \u00e7al\u0131\u015f\u0131yoruz.<\/p>\n<p>Sevgili yolda\u015f, \u00f6ylesi bir s\u00fcre\u00e7 ya\u015f\u0131yoruz ki; bu s\u00fcre\u00e7te herkes tek tek t\u00fcccarla\u015f\u0131yor. Ve bu s\u00fcre\u00e7te herkes e\u011fitim ve ileti\u015fim ayg\u0131tlar\u0131 vas\u0131tas\u0131yla &#8220;burjuvala\u015ft\u0131r\u0131l\u0131yor&#8221; Bu y\u00fczden herkes t\u0131pk\u0131 t\u00fcccarlar gibi hayat\u0131 herkesin tek ba\u015f\u0131na ko\u015ftu\u011fu ve birbirini rakip ve engel olarak g\u00f6rd\u00fc\u011f\u00fc, bu yar\u0131\u015f\u0131 ba\u015farmak i\u00e7in elinden geldi\u011fince hesap\u00e7\u0131 ve kurnazca davranmak zorunda oldu\u011fu zorlu bir maraton olarak d\u00fc\u015f\u00fcn\u00fcyor. \u00dclke insan\u0131n\u0131n gelece\u011fi, \u00f6zg\u00fcrl\u00fc\u011f\u00fc ve kurtulu\u015fu i\u00e7in m\u00fccadele etmek aptall\u0131k olarak g\u00f6r\u00fcl\u00fcyor. \u015eimdilerde moda deyim &#8220;Gemisini kurtaran kaptan&#8221;. Art\u0131k alanlarda el ele omuz omuza hep birlikte hayk\u0131rd\u0131\u011f\u0131m\u0131z, o muazzam duyguda\u015fl\u0131\u011f\u0131 ve karde\u015fli\u011fi sa\u00e7ma buluyorlar. <\/p>\n<p>Biliyorsun bizler ciddi ciddi bu k\u00f6hnemi\u015f d\u00fczeni de\u011fi\u015ftirmeyi, y\u0131kmay\u0131 ama\u00e7l\u0131yorduk. \u015eimdi ise b\u00fct\u00fcn bunlar &#8220;\u00e7\u0131lg\u0131nl\u0131k&#8221; olarak nitelendiriliyor.<\/p>\n<p>Evet, sevgili yolda\u015f,<\/p>\n<p>\u0130nan\u00e7s\u0131zl\u0131\u011f\u0131n ve ilkesizli\u011fin moda oldu\u011fu g\u00fcn\u00fcm\u00fczde i\u00e7indeki ate\u015fi koruyan \u00e7ok az insan var. Senin anlayaca\u011f\u0131n, kimsenin kimseyi tan\u0131mak, de\u011fi\u015ftirip\/d\u00f6n\u00fc\u015ft\u00fcrmek i\u00e7in emek harcamaya zaman\u0131 yok. Zaman insanlarla birlikte ak\u0131p gidiyor. \u015eimdi art\u0131k g\u00f6r\u00fcnt\u00fcler ve imajlarda anla\u015fmak yeterli say\u0131l\u0131yor. Vefa duygusu , kendini adama&#8230; vb. bo\u015f \u015feyler olarak adland\u0131r\u0131l\u0131yor \u015fimdilerde&#8230;<\/p>\n<p>Ku\u015fkusuz her \u015fey o kadar k\u00f6t\u00fc de\u011fil. Ya\u015fanan onca olumsuzlu\u011fa ra\u011fmen bu co\u011frafya da i\u00e7inde ate\u015fi koruyan insanlar y\u00fcreklerinde umudu ta\u015f\u0131yarak, t\u00fcm de\u011ferlerimize sahip \u00e7\u0131karak , 21.yy.\u2019 la uygun \u00f6rg\u00fct ve \u00f6rg\u00fctlenme model ve ara\u00e7lar\u0131n\u0131 yaratmaya \u00e7al\u0131\u015farak , m\u00fccadeleyi kesintisiz s\u00fcrd\u00fcrmeye devam ediyor.<\/p>\n<p>                  CEVAT SA\u0130M \u00c7ELEN (TE\u011eMEN AL\u0130) Yolda\u015f 1961\u2019de Antalya \u2013Gazipa\u015fa\u2019da do\u011fmu\u015ftur. \u0130lerici-devrimci bir aile i\u00e7erisinde yeti\u015fen yolda\u015f orta ve lise \u00f6\u011frenimini do\u011fum yeri olan Gazipa\u015fa\u2019da tamamlad\u0131ktan sonra E\u011fitim Enstit\u00fcs\u00fcnden mezun olarak \u00f6\u011fretmen olmu\u015ftur. Gerek ailesinin ilerici olmas\u0131, gerekse de s\u0131n\u0131f m\u00fccadelesinin y\u00fckselmesi sonucu Cevat yolda\u015f gen\u00e7 ya\u015fta devrimci m\u00fccadelede yerini alm\u0131\u015f ve aktif bir bi\u00e7imde gen\u00e7lik \u00f6rg\u00fctlenmesinde faaliyet s\u00fcrd\u00fcrm\u00fc\u015ft\u00fcr. S\u0131n\u0131f sava\u015f\u0131m\u0131n\u0131n ancak \u00f6rg\u00fctl\u00fc oldu\u011fu zaman \u00fcretken olabilece\u011fine inanan yolda\u015f 1978\u2019de THKO\/MB \u00f6rg\u00fctl\u00fc m\u00fccadeleye ba\u015flam\u0131\u015ft\u0131r.<\/p>\n<p>         Gen\u00e7lik \u00f6rg\u00fctlenmesindeki beceri ve kabiliyetinden dolay\u0131 \u0130zmir ili gen\u00e7lik \u00f6rg\u00fctlenmesi faaliyetlerinde yer alan yolda\u015f, propaganda-ajitasyonun yan\u0131 s\u0131ra askeri yetene\u011fini de geli\u015ftirmi\u015ftir.<\/p>\n<p>         Askeri yetene\u011finden dolay\u0131 fa\u015fizmin sivil g\u00fc\u00e7lerine kar\u015f\u0131 bir \u00e7ok \u00f6rg\u00fctl\u00fc eylemde yer alm\u0131\u015ft\u0131r. Onlarca kez yakalanm\u0131\u015f devrime ve ser verip s\u0131r vermeme ilkesine olan ba\u011fl\u0131l\u0131\u011f\u0131ndan dolay\u0131 kurtulmay\u0131 ba\u015farm\u0131\u015ft\u0131r. 12 Eyl\u00fcl fa\u015fizminin, \u00f6\u011fretmen hareketi (T\u00d6BDER)\u2019nin y\u00fcr\u00fctt\u00fc\u011f\u00fc direni\u015f ve grev hareketine kat\u0131lan \u00f6\u011fretmenleri g\u00f6revden almas\u0131 sonucu Cevat yolda\u015f\u0131nda ayn\u0131 uygulama sonucu  g\u00f6revine son verilmi\u015ftir.<\/p>\n<p>         Haziran 1981\u2019de yolda\u015f zorunlu ko\u015fullardan dolay\u0131 ve varolan askeri yetene\u011fini daha da geli\u015ftirmesi, Filistin halk\u0131yla enternasyonalist dayan\u0131\u015fma eyleminin pratikte uygulanmas\u0131 amac\u0131yla parti (T\u00fcrkiye Kom\u00fcnist Emek Partisi) taraf\u0131ndan Ortado\u011fu\u2019ya g\u00f6nderilmi\u015ftir. 1982\u2019de kurulan Parti E\u011fitim \u00d6rg\u00fct\u00fc i\u00e7erisinde y\u00f6netim kadrosunda g\u00f6rev alm\u0131\u015ft\u0131r. Filistin\u2019de bulundu\u011fu d\u00f6nemde L\u00fcbnan halk sava\u015f\u0131 i\u00e7erisindeki geli\u015fmeleri konu alan yaz\u0131lar\u0131n\u0131 Ali Aziz imzas\u0131yla yazm\u0131\u015ft\u0131r.<\/p>\n<p>         Filistin ve L\u00fcbnan halklar\u0131n\u0131n emperyalizme \u2013 siyonizme  kar\u015f\u0131 s\u00fcrd\u00fcrd\u00fc\u011f\u00fc halk\u0131 sava\u015f\u0131nda g\u00f6n\u00fcll\u00fc olarak yer alm\u0131\u015f bir\u00e7ok eyleme kat\u0131lm\u0131\u015ft\u0131r. Parti faaliyetleriyle, FK\u00d6 i\u00e7indeki askeri g\u00f6revlerini tam bir uyum i\u00e7erisinde s\u00fcrd\u00fcrm\u00fc\u015ft\u00fcr. Enternasyonalist bilin\u00e7 ve davran\u0131\u015f\u0131yla t\u00fcm yolda\u015flar\u0131na ve Filistin sava\u015f\u00e7\u0131lar\u0131na \u00f6rnek olmu\u015ftur.<\/p>\n<p>         1983 \u015eubat ay\u0131nda fa\u015fist ketaiplerle, Filistin ve L\u00fcbnan\u2019l\u0131 devrimci g\u00fc\u00e7ler aras\u0131nda \u00e7\u0131kan \u00e7at\u0131\u015fmada yaralanm\u0131\u015f zorunlu tedavisi bitmeden; \u00c7AVU\u015e\u2019luk g\u00f6revini enternasyonal inan\u00e7la devam ettirmek i\u00e7in sava\u015f alan\u0131na geri d\u00f6nm\u00fc\u015ft\u00fcr.<\/p>\n<p>         Devrimci ahlak, disiplin, g\u00f6reve ba\u011fl\u0131l\u0131k ve \u00fcst\u00fcn yolda\u015fl\u0131k ili\u015fkisi gibi \u00f6zellikleriyle bulundu\u011fu her yerde kendini sevdirmi\u015ftir.<\/p>\n<p>         11 A\u011fustos 1985\u2019 de  Filistin\u2019li devrimcilerle birlikte \u0130srail siyonizmine kar\u015f\u0131 sava\u015f\u0131rken, \u0130srail siyonizminin avc\u0131 u\u00e7aklar\u0131n\u0131n bombard\u0131man\u0131 sonucu ya\u015fam\u0131n\u0131 yitirmi\u015ftir.  <\/p>\n<p>Kaynak: http:\/\/www.mesop.net\/osd\/?app=izctrl&#038;archiv=2&#038;izseq=izartikel&#038;artid=523<\/p>\n","protected":false},"excerpt":{"rendered":"<p>A\u015fa\u011f\u0131daki yaz\u0131 KKP MK \u00fcyesi Tuncay Atmaca taraf\u0131ndan yaz\u0131lm\u0131\u015f, \u00c7OBAN ATE\u015e\u0130 gazetesinde yay\u0131nlanm\u0131\u015ft\u0131r. Sevgili yolda\u015f, Yazmak i\u00e7in her kalemi elime ald\u0131\u011f\u0131mda bo\u011faz\u0131ma bir \u015feylerin d\u00fc\u011f\u00fcmlendi\u011fini, elimde kalemin titredi\u011fini hissediyorum. Yine de insan yazmadan duygular\u0131n\u0131 ak ka\u011f\u0131da d\u00f6kmeden rahatlayam\u0131yor. \u015eimdi derin d\u00fc\u015f\u00fcncelere dal\u0131yorum. Hani bir d\u00f6nem seninde m\u00fccadeleyi omuzlad\u0131\u011f\u0131n, Ege&#8217;nin incisi diye tabir edilen o g\u00fczelim &hellip;<\/p>\n","protected":false},"author":4,"featured_media":2053,"comment_status":"closed","ping_status":"closed","sticky":false,"template":"","format":"standard","meta":[],"categories":[54,57,55],"tags":[],"_links":{"self":[{"href":"http:\/\/www.dengekurdistan.de\/index.php?rest_route=\/wp\/v2\/posts\/2035"}],"collection":[{"href":"http:\/\/www.dengekurdistan.de\/index.php?rest_route=\/wp\/v2\/posts"}],"about":[{"href":"http:\/\/www.dengekurdistan.de\/index.php?rest_route=\/wp\/v2\/types\/post"}],"author":[{"embeddable":true,"href":"http:\/\/www.dengekurdistan.de\/index.php?rest_route=\/wp\/v2\/users\/4"}],"replies":[{"embeddable":true,"href":"http:\/\/www.dengekurdistan.de\/index.php?rest_route=%2Fwp%2Fv2%2Fcomments&post=2035"}],"version-history":[{"count":3,"href":"http:\/\/www.dengekurdistan.de\/index.php?rest_route=\/wp\/v2\/posts\/2035\/revisions"}],"predecessor-version":[{"id":2058,"href":"http:\/\/www.dengekurdistan.de\/index.php?rest_route=\/wp\/v2\/posts\/2035\/revisions\/2058"}],"wp:featuredmedia":[{"embeddable":true,"href":"http:\/\/www.dengekurdistan.de\/index.php?rest_route=\/wp\/v2\/media\/2053"}],"wp:attachment":[{"href":"http:\/\/www.dengekurdistan.de\/index.php?rest_route=%2Fwp%2Fv2%2Fmedia&parent=2035"}],"wp:term":[{"taxonomy":"category","embeddable":true,"href":"http:\/\/www.dengekurdistan.de\/index.php?rest_route=%2Fwp%2Fv2%2Fcategories&post=2035"},{"taxonomy":"post_tag","embeddable":true,"href":"http:\/\/www.dengekurdistan.de\/index.php?rest_route=%2Fwp%2Fv2%2Ftags&post=2035"}],"curies":[{"name":"wp","href":"https:\/\/api.w.org\/{rel}","templated":true}]}}