{"id":2022,"date":"2017-12-08T13:45:46","date_gmt":"2017-12-08T12:45:46","guid":{"rendered":"http:\/\/www.dengekurdistan.de\/?p=2022"},"modified":"2017-12-08T13:56:11","modified_gmt":"2017-12-08T12:56:11","slug":"hueseyin-ve-mehmet-elmas-yoldaslarin-anisina-samet-erdogdu","status":"publish","type":"post","link":"http:\/\/www.dengekurdistan.de\/?p=2022","title":{"rendered":"H\u00dcSEY\u0130N ve MEHMET ELMAS yolda\u015flar\u0131n an\u0131s\u0131na  \/ Samet ERDO\u011eDU"},"content":{"rendered":"<p>A\u015fa\u011f\u0131daki yaz\u0131 NEWROZ Gazetesinde 2009 Aral\u0131k&#8217;\u0131nda yay\u0131nlanm\u0131\u015ft\u0131r.<\/p>\n<p>Bundan 21 y\u0131l \u00f6nce, 30 Kas\u0131m 1988&#8217;de, hen\u00fcz 34 ya\u015f\u0131nda, Malatya i\u015f\u00e7ilerinin sevgili &#8221;ba\u015fkan&#8221;\u0131, devrimci yolda\u015flar\u0131n\u0131n &#8221;m\u00fctayit yolda\u015f&#8221;\u0131 H\u00fcseyin Elmas&#8217;\u0131 kaybettik.<\/p>\n<p>&#8221;Ba\u015fkan&#8221; yolda\u015f \u00f6mr\u00fcn\u00fc genelde t\u00fcm milliyetlerden i\u015f\u00e7i s\u0131n\u0131f\u0131n\u0131n toplumsal ve \u00f6zelde K\u00fcrt milletinin milli kurtulu\u015funa adam\u0131\u015f ender liderlerden biriydi.<\/p>\n<p>H\u00fcseyin Elmas, 1954 y\u0131l\u0131nda Malatya&#8217;n\u0131n Do\u011fan\u015fehir kazas\u0131n\u0131n \u00c7\u0131\u011fl\u0131k k\u00f6y\u00fcnde do\u011fdu. Aslen Alevi K\u00fcrt Balyan a\u015firetine mensup olan ailesi, geni\u015f arazilere sahipti ve il\u00e7e merkezine yerle\u015fmi\u015flerdi.<\/p>\n<p>H\u00fcseyin Elmas ilk ba\u015flarda THKO&#8217;nun yeralt\u0131 faaliyetlerine kat\u0131ld\u0131. 1975&#8217;ten sonra THKO Halk\u0131n Kurtulu\u015fu grubunun elinde kald\u0131. Ba\u015fkan yolda\u015f bu \u00e7izgiye itibar etmedi. O d\u00f6nemde THKO M\u00fccadele Birli\u011fi ad\u0131 alt\u0131nda sovyet d\u00fc\u015fmanl\u0131\u011f\u0131n\u0131 reddeden \u00f6rg\u00fctle ili\u015fki kuruncaya kadar ba\u011f\u0131ms\u0131z devrimci tutum ald\u0131. Bu arada kendisi gibi d\u00fc\u015f\u00fcnen kimselerle birlikte Teslim T\u00f6re ve arkada\u015flar\u0131n\u0131n tutumlar\u0131n\u0131 \u00f6\u011frenmek, onlarla ili\u015fki kurmak i\u00e7in \u00e7aba harcad\u0131. Nihayet ili\u015fki kurup onlar\u0131n g\u00f6r\u00fc\u015f ve d\u00fc\u015f\u00fcncelerini ald\u0131ktan sonra arkada\u015flar\u0131yla birlikte THKO MB saflar\u0131na kat\u0131ld\u0131.<\/p>\n<p>Art\u0131k sadece &#8221;d\u00fcz devrimci&#8221; olarak ba\u011f\u0131ms\u0131z, genel bir ki\u015fisel devrimci faaliyet y\u00fcr\u00fctmekte de\u011fildir; THKO MB ile ba\u011flant\u0131l\u0131 \u00f6rg\u00fctl\u00fc, planl\u0131, sistemli bir \u00e7al\u0131\u015fmas\u0131 s\u00f6zkonusudur ve i\u015f\u00e7ilerin g\u00fcndelik hak arama eylemlerine \u00f6nc\u00fcl\u00fck ederken onlar\u0131n uzun vadeli \u00e7\u0131karlar\u0131 u\u011fruna kendi siyasal partilerini yaratma do\u011frultusunda siyasal \u00f6rg\u00fctlenmeleri i\u00e7in de \u00e7al\u0131\u015fmakta; ba\u011fl\u0131 oldu\u011fu siyasal ak\u0131m\u0131n kitleler i\u00e7inde yayg\u0131nla\u015f\u0131p k\u00f6kle\u015fmesi i\u00e7in m\u00fccadele etmektedir.<\/p>\n<p>H\u00fcseyin yolda\u015f bu d\u00f6nemde Do\u011fan\u015fehir T\u00d6B-DER, Balast \u0130\u015f\u00e7ileri Derne\u011fi ve daha sonralar\u0131 ise Gen\u00e7 Emek\u00e7iler Birli\u011fi lokallerinde seminerler, paneller \u00f6rg\u00fctledi. 1976 y\u0131l\u0131 sonlar\u0131nda Eme\u011fin Birli\u011fi adl\u0131 legal gazete devreye girince onu \u00f6rg\u00fctlenmenin g\u00fc\u00e7l\u00fc bir arac\u0131 olarak etkili bir \u015fekilde de\u011ferlendirdi. Zaten, Eme\u011fin Birli\u011fi \u00e7\u0131kt\u0131ktan sonra grup legal d\u00fczeyde &#8221;Eme\u011fin Birlik\u00e7ileri&#8221; olarak tan\u0131nacakt\u0131.<\/p>\n<p>Bu \u00e7al\u0131\u015fmalar neticesinde Do\u011fan\u015fehir ve k\u00f6ylerinde devrimci harekete sempati duyan gen\u00e7lerin b\u00fcy\u00fck \u00e7o\u011funlu\u011fu Eme\u011fin Birlik\u00e7isi olmu\u015ftu. \u00c7evre k\u00f6yler, kaza merkezindeki solcu mahalleler, Do\u011fan\u015fehir Lisesi fiilen Eme\u011fin Birlik\u00e7ilerinin denetimindedir. \u0130l\u00e7ede fa\u015fist hareketin etkinli\u011fi k\u0131r\u0131lm\u0131\u015f; devrimcilerin hegemonyas\u0131 sa\u011flanm\u0131\u015ft\u0131r. Bu sonucun ba\u015f mimar\u0131 da hi\u00e7 ku\u015fkusuz H\u00fcseyin Elmas&#8217;t\u0131r.<\/p>\n<p>H\u00fcseyin yolda\u015f 1976 y\u0131l\u0131nda \u00e7evrede b\u00fcy\u00fck yank\u0131 yapan ve \u00f6rg\u00fct\u00fcn \u00fcst\u00fcnl\u00fck kurmas\u0131n\u0131 sa\u011flayan THKO MB&#8217;nin korsan g\u00f6sterisini organize etti. Tutuklanarak cezaevine konuldu. Bir s\u00fcre hapis yatt\u0131.<\/p>\n<p>Bu d\u00f6nemde H\u00fcseyin yolda\u015f Malatya il merkezinde de \u00f6rg\u00fctlenme i\u015flerine y\u00f6neldi. Samanhar\u0131\u011f\u0131, Cemal G\u00fcrsel, Pa\u015fak\u00f6\u015fk\u00fc, Ha\u00e7ova, Kernek, \u00c7avu\u015fo\u011flu, Boztepe mahalleleri ba\u015fta olmak \u00fczere i\u015f\u00e7ilerin oldu\u011fu alanlarda ba\u011flant\u0131lar kurdu. Mensucat, \u015eeker, T\u00fct\u00fcn fabrikalar\u0131, kara ve demiryollar\u0131 i\u015f\u00e7ileri ve k\u00fc\u00e7\u00fck sanayi sitesi \u00e7\u0131raklar\u0131 i\u00e7inde devrimci i\u015f\u00e7i komiteleri olu\u015fturdu. Bir bulu\u015fma ve \u00f6rg\u00fctlenme merkezi i\u015flevini g\u00f6ren Emek Kitabevi&#8217;ni a\u00e7t\u0131. Eme\u011fin Birli\u011fi gazetesinin Malatya\u2019n\u0131n her taraf\u0131na, Elaz\u0131\u011f ve Dersim vilayetlerine da\u011f\u0131t\u0131m\u0131 i\u015fini burada merkezile\u015ftirdi. Ayn\u0131 y\u0131l (1977) organize sanayi b\u00f6lgesinde yer alan k\u00fc\u00e7\u00fck sanayi, montaj ve tamir i\u015fletmelerinde \u00e7al\u0131\u015fan &#8221;sanayi i\u015f\u00e7ileri&#8221;ni (\u00e7\u0131rak ve kalfalar\u0131) \u00e7at\u0131s\u0131 alt\u0131nda toplayan Sanayi \u0130\u015f\u00e7ileri Derne\u011fi\u2019nikurdu. Ba\u015fkanl\u0131\u011f\u0131n\u0131 \u00fcstlendi. Daha sonralar\u0131 Gen\u00e7 Emek\u00e7iler Birli\u011fi Malatya \u015eubesi\u2019nin kurulu\u015funda da \u00f6nc\u00fc rol oynayacakt\u0131.<\/p>\n<p>1977 y\u0131l\u0131 THKO MB \u00f6rg\u00fct\u00fcn\u00fcn faaliyetlerinde bir d\u00f6n\u00fcm noktas\u0131d\u0131r. Bu y\u0131l\u0131n Aral\u0131k ay\u0131nda t\u00fcm THKO MB \u00f6rg\u00fctlerinin delegelerinin kat\u0131ld\u0131\u011f\u0131 \u00f6rg\u00fct konferans\u0131 yap\u0131ld\u0131. M\u00fctayit yolda\u015f bu konferansa delege olarak kat\u0131ld\u0131.<\/p>\n<p>\u00d6te yandan as\u0131l b\u00fcy\u00fck zorluk devletin militarist ve b\u00fcrokratik g\u00fc\u00e7leri yan\u0131nda, devlet destekli sivil fa\u015fistlerin ard\u0131 arkas\u0131 kesilmeyen sald\u0131r\u0131lar\u0131ndan geliyordu. Malatya\u2019y\u0131 stratejik alanlardan biri olarak belirleyen fa\u015fist \u00e7eteler g\u00fcna\u015f\u0131r\u0131 adam \u00f6ld\u00fcr\u00fcyorlard\u0131. Nitekim bu sald\u0131r\u0131lardan birinde Eme\u011fin Birli\u011fi taraftarlar\u0131ndan Do\u011fan G\u00fcl \u00f6l\u00fcyor, ba\u015fka bir sald\u0131r\u0131daysa Hasan T\u00f6re a\u011f\u0131r yaralan\u0131yordu.<\/p>\n<p>Malatya Belediye Reisi Hamido&#8217;nun 17 Nisan 1978&#8217;de derin devlet taraf\u0131ndan bir suikastla \u00f6ld\u00fcr\u00fclmesi bahanesiyle fa\u015fistlerce ger\u00e7ekle\u015ftirilen Malatya olaylar\u0131 bu sald\u0131r\u0131lar\u0131n doruk noktas\u0131n\u0131 olu\u015fturdu. Belediye Ba\u015fkan\u0131 Hamido&#8217;nun kontrgerilla marifetiyle katledilmesi nedeniyle belediye ba\u015fkanl\u0131\u011f\u0131 bo\u015fal\u0131nca, belediye se\u00e7imlerinin yenilenmesi g\u00fcndeme geldi. H\u00fcseyin Elmas THKO MB Malatya \u0130l Komitesi Sekreteri s\u0131fat\u0131yla bu se\u00e7imlere t\u00fcm devrimcilerin ortak bir adayla \u00e7\u0131kmas\u0131 i\u00e7in ba\u015fta Dev-Yol olmak \u00fczere \u00f6teki devrimci gruplarla irtibata ge\u00e7ti. Ancak mutabakat sa\u011flamay\u0131 ba\u015faramad\u0131. Bunun \u00fczerine Eme\u011fin Birli\u011fi olarak ba\u011f\u0131ms\u0131z bir adayla meydana \u00e7\u0131kmaya karar verildi. Eski THKO \u00f6rg\u00fct\u00fcnden ve o s\u0131ralarda THKO MB \u0130l Komitesi \u00fcyesi Ye\u015filyurt \u0130l\u00e7esi Kilise K\u00f6y\u00fc Muhtar\u0131 Mustafa Akdeniz&#8217;in aday olarak \u00e7\u0131kmas\u0131 kararla\u015ft\u0131r\u0131ld\u0131. 25 Haziran 1978&#8217;de se\u00e7imlerin yap\u0131lmas\u0131 gerekiyordu. Gerekli ba\u015fvurular yap\u0131ld\u0131 ve g\u00fc\u00e7l\u00fc bir kampanya ba\u015flat\u0131ld\u0131. B\u00fct\u00fcn bu organizasyonun beyni H\u00fcseyin Elmas idi. Bu arada Hamido olaylar\u0131nda yak\u0131l\u0131p tahrip edilmi\u015f olan Sanayi \u0130\u015f\u00e7ileri Derne\u011fi&#8217;nin yerine \u0130plik-\u0130\u015f Sendikas\u0131 a\u00e7\u0131ld\u0131. H\u00fcseyin sendika ba\u015fkan\u0131yd\u0131. Yine ayn\u0131 olaylarda yak\u0131lan Emek Kitabevi\u2019nin yerine de GEB a\u00e7\u0131ld\u0131. \u0130\u015f\u00e7iler ve gen\u00e7lik i\u00e7indeki \u00e7al\u0131\u015fmalar yo\u011funla\u015ft\u0131r\u0131ld\u0131. Dernek ve sendika \u015fa\u015f\u0131rt\u0131c\u0131 bir h\u0131zla geli\u015fmeye ba\u015flad\u0131. Her iki \u00f6rg\u00fct\u00fcn lokali de dolup ta\u015f\u0131yor, seminerler, tart\u0131\u015fma toplant\u0131lar\u0131, e\u011fitim \u00e7al\u0131\u015fmalar\u0131 gibi faaliyetlere y\u0131\u011f\u0131nla insan kat\u0131l\u0131yordu. Bu \u00f6rg\u00fctler kendi \u00fcye say\u0131lar\u0131n\u0131 kat be kat a\u015fan bir kitleye etki ediyordu. B\u00f6ylece Eme\u011fin Birlik\u00e7ileri Malatya\u2019da s\u00f6z\u00fc edilir bir g\u00fc\u00e7 haline geldiler.<\/p>\n<p>24 Aral\u0131k Mara\u015f katliam\u0131ndan sonra Ecevit h\u00fck\u00fcmetinin ilan etti\u011fi s\u0131k\u0131y\u00f6netimin hemen akabinde g\u00f6zalt\u0131na al\u0131nan m\u00fctayit yolda\u015f Elaz\u0131\u011f 1800 Evler i\u015fkencehanesinin ilk &#8221;misafir&#8221;lerinden biri oldu. Bir hafta boyunca a\u011f\u0131r i\u015fkencelerden ge\u00e7irildi.<\/p>\n<p>M\u00fctayit yolda\u015f, il komitesinin se\u00e7ilmi\u015f organ sekreteriydi ve do\u011fal \u00f6nderiydi. Bu nitelik onun pratik zekas\u0131, liderlik yetenekleri ve karizmatik ki\u015fili\u011finden geliyordu. S\u0131k\u0131y\u00f6netim ko\u015fullar\u0131 alt\u0131nda \u015fehir merkezinde, mahallelerde derinlemesine bir faaliyet y\u00fcr\u00fct\u00fcld\u00fc. Semtlerde ve S\u00fcmerbank Mensucat, Tekel T\u00fct\u00fcn, \u0130pa\u015f, \u015eeker vb. gibi belli ba\u015fl\u0131 fabrikalarda THKO MB \u00f6rg\u00fct\u00fc komiteleri kuruldu. Bunlar\u0131n etraf\u0131nda \u00f6rg\u00fctle organik ba\u011f\u0131 olmayan, hatta bazen \u00f6rg\u00fct\u00fcn sempatizan\u0131 bile olmayan daha geni\u015f, gev\u015fek &#8221;m\u00fccadele birli\u011fi komiteleri&#8221; kuruldu. TKEP, 1980 Nisan&#8217;\u0131nda 1. Kongre\u2019sini yaparak kurulu\u015funu ilan ederken, Malatya parti \u00f6rg\u00fct\u00fc M\u00fctayit yolda\u015f\u0131n \u00f6nc\u00fcl\u00fc\u011f\u00fcnde 60 civar\u0131nda do\u011frudan \u00fcyesi ve yasal, yar\u0131 yasal \u00f6rg\u00fctlenmeleriyle y\u00fczlerce sempatizan\u0131 olan, Dersim ve Elaz\u0131\u011f\u2019a iletilenlerle birlikte \u00fc\u00e7 bin gazete da\u011f\u0131tan haz\u0131r bir yap\u0131 durumundayd\u0131 ve parti kongresine \u00fc\u00e7 delegeyi temsilen M\u00fctayit yolda\u015f\u0131 yollayacakt\u0131.<\/p>\n<p>Ertelenen belediye ba\u015fkanl\u0131\u011f\u0131 se\u00e7imleri 1980&#8217;de yeniden g\u00fcndeme geldi\u011finde Eme\u011fin Birli\u011fi grubu devrimci g\u00fc\u00e7lerin m\u00fc\u015fterek adayla \u00e7\u0131kmas\u0131 teklifini yeniden ileri s\u00fcrd\u00fc. Bu kez daha olumlu bir kar\u015f\u0131l\u0131k buldu. Ba\u015fta Dev-Yol olmak \u00fczere T\u0130P, TKP ve ba\u011f\u0131ms\u0131z bir sosyalist K\u00fcrt grubu ile yap\u0131lan g\u00f6r\u00fc\u015fmelerde mutabakata var\u0131ld\u0131. Sonu\u00e7ta ortak bir aday \u00e7\u0131karmak i\u00e7in \u00e7al\u0131\u015fmalara ge\u00e7ildi. Olu\u015fturulan devrimci ittifak Remzi &#8230; isimli Dev-Yol \u00e7evresinden bir karayollar\u0131 i\u015f\u00e7isini ortak aday olarak g\u00f6sterdi. Bu ittifakta Eme\u011fin Birli\u011fi\u2019ni M\u00fctayit yolda\u015f temsil ediyordu.<\/p>\n<p>Yap\u0131lan se\u00e7imlerde ortak devrimci aday CHP&#8217;yi neredeyse silip s\u00fcp\u00fcrd\u00fc, olduk\u00e7a y\u00fcksek oy ald\u0131; ama kazanamad\u0131. Fakat se\u00e7im \u00e7al\u0131\u015fmalar\u0131 hem devrimci g\u00fc\u00e7lerin i\u015fbirli\u011fi hem de devrimcilerin halkla ba\u011flar\u0131n\u0131n peki\u015ftirilmesinde \u00f6nemli rol oynad\u0131. Sola e\u011filimli kesimlere g\u00fcven geldi.<\/p>\n<p>6 Mart 1980&#8217;de 20&#8217;den fazla Eme\u011fin Birlik\u00e7isi g\u00f6zalt\u0131na al\u0131n\u0131p i\u015fkenceli sorgulardan ge\u00e7irildi. Yakalanan insanlar\u0131n b\u00fcy\u00fck bir k\u0131sm\u0131 bir hafta sonra serbest b\u0131rak\u0131ld\u0131lar. Ama M\u00fctayit yolda\u015f ve iki arkada\u015f\u0131 iki hafta daha i\u015fkenceli sorguya maruz kald\u0131ktan sonar, ancak ay sonunda serbest b\u0131rak\u0131lacaklard\u0131.<\/p>\n<p>Polis, tuttuklar\u0131n\u0131 b\u0131rakt\u0131 ama izlemeyi b\u0131rakmad\u0131. B\u00f6yle olunca 1. Kongre\u2019ye t\u00fcm delegeleri g\u00f6ndererek kongre g\u00fcvenli\u011fini tehlikeye d\u00fc\u015f\u00fcrmek aptalca bir davran\u0131\u015f olurdu. Bu y\u00fczden \u00fc\u00e7 delegeyi temsilen sadece 1 delege g\u00f6ndermeye karar verildi. M\u00fctayit yolda\u015f daha bedenindeki i\u015fkence izleri bile silinmeden Besni&#8217;nin Karalar K\u00f6y\u00fc\u2019ndeki illegal kurulu\u015f kongresine kat\u0131ld\u0131. Bu kongrede \u00f6rg\u00fct\u00fcn ad\u0131 TKEP olarak belirlendi. Parti b\u00fcnyesinde bir K\u00fcrdistan \u00d6zerk \u00d6rg\u00fct\u00fc (K\u00d6\u00d6) kurulmas\u0131 kararla\u015ft\u0131r\u0131ld\u0131. Yaz sonlar\u0131nda K\u00d6\u00d6 kuruldu ve Malatya il \u00f6rg\u00fct\u00fc buna ba\u011fland\u0131.<\/p>\n<p>Haziran 1978&#8217;de Do\u011fan\u015fehir&#8217;de yap\u0131lan bildiri da\u011f\u0131tma eylemlerinden birinde GEB \u00fcyesi 9 arkada\u015f yakalan\u0131p Binsekizy\u00fczevler\u2019de g\u00fcnlerce i\u015fkenceden ge\u00e7irildikten sonra Elaz\u0131\u011f Askeri Cezaevi\u2019ne konuldular. Aralar\u0131nda M\u00fctayit yolda\u015f\u0131n karde\u015fi Mehmet Elmas&#8217;\u0131n da bulundu\u011fu bu grup 9 ay s\u00fcren tutukluluktan sonra Mart 1979&#8217;da serbest b\u0131rak\u0131ld\u0131lar.<\/p>\n<p>12 Eyl\u00fcl\u2019de fa\u015fist generaller cuntas\u0131 iktidara el koyunca, o zamana kadarki legal ve yar\u0131 legal \u00e7al\u0131\u015fmalarda de\u015fifre olan parti kadrolar\u0131 ka\u00e7a\u011fa d\u00fc\u015ft\u00fcler. Arananlar listesinin ba\u015f\u0131nda H\u00fcseyin Elmas ve il komitesinin de\u015fifre olmu\u015f \u00f6teki elemanlar\u0131 vard\u0131. Bu durumda kent merkezinde ikamet etmek olduk\u00e7a zorla\u015fm\u0131\u015ft\u0131. Ba\u015fta il komitesi mensuplar\u0131 olmak \u00fczere, aranan parti \u00fcyeleri Ya\u015filyurt, Ak\u00e7ada\u011f ve Do\u011fan\u015fehir m\u0131nt\u0131kalar\u0131ndaki da\u011flara \u00e7ekildiler.<\/p>\n<p>Tedbirsiz davran\u0131p evlerinde kalmaya devam eden kimi \u00fcyeler daha ilk operasyonlarda ele ge\u00e7tiler. Bir s\u00fcre sonra da H\u00fcseyin yolda\u015f, Do\u011fan\u015fehir&#8217;in G\u00fcroba ve \u00c7\u0131\u011fl\u0131k k\u00f6yleri aras\u0131nda kalan Elmaderesi \/Dutderesi m\u0131nt\u0131kas\u0131nda kalmakta oldu\u011fu \u00e7ad\u0131rda karde\u015fi Mehmet Elmas&#8217;la birlikte Kas\u0131m 1980&#8217;de yakaland\u0131. Her iki karde\u015f bu operasyonda yakalanan di\u011fer yolda\u015flarla birlikte Elaz\u0131\u011f&#8217;\u0131n 1800 Evler i\u015fkence merkezinde bir ay boyunca a\u011f\u0131r i\u015fkence g\u00f6rd\u00fcler.<\/p>\n<p>Yarg\u0131land\u0131\u011f\u0131 S\u0131k\u0131y\u00f6netim 8. Kolordu Askeri Mahkemesi taraf\u0131ndan 18 y\u0131l cezaya \u00e7arpt\u0131r\u0131ld\u0131. Bu ceza asl\u0131nda \u00e7ok \u00f6nceden pe\u015finen verilmi\u015f, mahkemeye ise sadece onaylat\u0131lm\u0131\u015f bir ceza idi. Nitekim son mahkeme esnas\u0131nda Av. Erkal Gen\u00e7ayd\u0131n, &#8221;dosyalar\u0131 incelerken tesad\u00fcfen bir M\u0130T belgesine rastlad\u0131\u011f\u0131n\u0131, belgede bu davada yarg\u0131lananlara verilecek olan cezan\u0131n \u00f6nceden kesildi\u011fi ve mahkemeye dikte edildi\u011fini g\u00f6rd\u00fc\u011f\u00fcn\u00fc ve bu y\u00fczden bu ko\u015fullar alt\u0131nda savunma yapman\u0131n hi\u00e7bir anlam\u0131 olmad\u0131\u011f\u0131n\u0131&#8221; s\u00f6yleyerek, savunma avukatl\u0131\u011f\u0131ndan geri \u00e7ekilmi\u015fti.<\/p>\n<p>M\u00fctayit yolda\u015f cezaevinde de parti \u00f6rg\u00fctlenmesi faaliyetlerini aksatmad\u0131. \u00d6nceleri Elaz\u0131\u011f S\u0131k\u0131y\u00f6netim Askeri Cezaevi&#8217;nde, daha sonra Malatya E Tipi \u00d6zel Cezaevi\u2019nde y\u00f6netici parti komitesinde yer ald\u0131. Bu komite cezaevinde y\u00fcr\u00fct\u00fclen parti \u00e7al\u0131\u015fmalar\u0131n\u0131, partililerin a\u00e7l\u0131k grevleri ve direni\u015f eylemlerini y\u00f6netiyor, cezaevi direnme politikalar\u0131n\u0131 belirliyor, d\u0131\u015far\u0131daki parti \u00f6rg\u00fct\u00fcyle ba\u011flant\u0131lar\u0131 s\u00fcrd\u00fcr\u00fcyor, parti kom\u00fcn\u00fcn\u00fcn ve de\u011fi\u015fik cezaevlerinde yaln\u0131z kalm\u0131\u015f yolda\u015flar\u0131n ihtiya\u00e7lar\u0131n\u0131 kar\u015f\u0131l\u0131yor ve onlarla ba\u011flant\u0131lar\u0131 kuruyordu. (S\u0131k\u0131y\u00f6netim Cezaevi 1, 2 ve 3 nolu cezaevleri olarak de\u011fi\u015fik b\u00f6l\u00fcmler halindeydi). H\u00fcseyin yolda\u015f, 12 Eyl\u00fcl idaresi boyunca ve daha sonraki d\u00f6nemde partiye ait Birlik Yolu, Kom\u00fcnist, Deng\u00ea Kurdistan dergilerinin mikrofilmler halinde Elaz\u0131\u011f ve Malatya cezaevlerine sokulmas\u0131n\u0131 sa\u011flad\u0131.<\/p>\n<p>H\u00fcseyin ve karde\u015fi Mehmet Elmas yolda\u015flar cezaevinde parti kom\u00fcn\u00fcn\u00fcn ia\u015fesini de \u00fczerlerine ald\u0131lar. Yolda\u015flar\u0131n ihtiyar anne ve babas\u0131, o\u011fullar\u0131n\u0131n mahpusluklar\u0131 d\u00f6neminde neleri var neleri yoksa hepsini satt\u0131lar. G\u00f6r\u00fc\u015f izni oldu\u011fu s\u00fcrece her hafta cezaevini ziyarete geldiler; cezaevi idaresinin izin verdi\u011fi en y\u00fcksek para miktar\u0131n\u0131 \u00e7ocuklar\u0131na b\u0131rakt\u0131lar. Yolda\u015flar\u0131n \u00e7o\u011funun fakir ailelerden geldi\u011fi, bir\u00e7o\u011funun do\u011fru d\u00fcr\u00fcst ziyaret\u00e7isinin bile gelemedi\u011fi ko\u015fullarda H\u00fcseyin ve Mehmet Elmas yolda\u015flar\u0131n ihtiyar ebeveynlerinin getirdi\u011fi paralar TKEP\/KKP Kom\u00fcn\u00fc&#8217;n\u00fcn en b\u00fcy\u00fck finans kayna\u011f\u0131 oldu. H\u00fcseyin yolda\u015f\u0131n e\u015fi G\u00fclizar yolda\u015f bu d\u00f6nem boyunca \u201cba\u015fkan yolda\u015f\u201d\u0131 bir an bile yaln\u0131z b\u0131rakmad\u0131.<\/p>\n<p>M\u00fctayit yolda\u015f\u0131n cezaevinden \u00e7\u0131kt\u0131\u011f\u0131 d\u00f6nemde KKP Merkez Komitesi \u00fcyeleri cezaevinde bulunuyordu. O zamanlar birle\u015fik halde \u00f6rg\u00fctlenmi\u015f olan TKEP ve KKP m\u00fc\u015fterek faaliyet y\u00fcr\u00fct\u00fcyordu. KKP hen\u00fcz t\u00fcz\u00fcksel olarak TKEP&#8217;e ba\u011fl\u0131 \u00f6zerk bir \u00f6rg\u00fct durumundayd\u0131. Merkez \u00f6rg\u00fct\u00fc ve b\u00f6lge \u00f6rg\u00fctlerinin darbe yedi\u011fi bu ko\u015fullarda \u00fcst \u00f6rg\u00fct olarak TKEP&#8217;in KKP&#8217;yi yeniden olu\u015fturmas\u0131 gerekiyordu. H\u00fcseyin yolda\u015fa KKP&#8217;nin yeniden toparlanmas\u0131n\u0131 ger\u00e7ekle\u015ftirmekle g\u00f6revli Ge\u00e7ici Merkez Komitesi\u2019nde g\u00f6rev almas\u0131 \u00f6nerildi. M\u00fctayit yolda\u015f kendisine yap\u0131lan \u00f6neriyi teredd\u00fcts\u00fcz kabul etti ve 1986 ortalar\u0131ndan itibaren merkezi bir yap\u0131s\u0131 bulunmayan KKP, ge\u00e7ici bir merkez komitesi olu\u015fturdu. M\u00fctayit yolda\u015f\u0131n kat\u0131l\u0131m\u0131yla olu\u015fturulan bu komite KKP&#8217;yi yeniden toparlayacak ve onu \u00fc\u00e7\u00fcnc\u00fc kongresine ta\u015f\u0131yacakt\u0131. 1990 sonlar\u0131nda yap\u0131lan \u00fc\u00e7\u00fcnc\u00fc kongrede ise KKP, TKEP&#8217;le olan t\u00fcz\u00fcksel birli\u011fine son verecek, tamamen ba\u011f\u0131ms\u0131z bir \u00f6rg\u00fct haline gelecekti.<\/p>\n<p>M\u00fctayit yolda\u015f KKP Ge\u00e7ici Merkez Komitesi \u00fcyesi olarak derhal \u00e7al\u0131\u015fmalara giri\u015fti. Ama bir s\u00fcre sonra hastal\u0131\u011f\u0131 yeniden n\u00fcksetti. Bu kez \u0130stanbul&#8217;a kontrole gitti. Orada kanserin akci\u011fere yerle\u015fti\u011fi ve beyne s\u0131\u00e7rad\u0131\u011f\u0131 tespit edildi; \u00e7ok ge\u00e7 kal\u0131nm\u0131\u015ft\u0131. Ekim ay\u0131nda tamamen yata\u011fa d\u00fc\u015ft\u00fc.<\/p>\n<p>Ziyaretine gitti\u011fimiz son g\u00f6r\u00fc\u015fmede \u00f6l\u00fcm d\u00f6\u015fe\u011findeydi. Art\u0131k zorlukla konu\u015fabiliyordu. Bir iste\u011fi, bir diyece\u011fi olup olmad\u0131\u011f\u0131n\u0131 sordu\u011fumuzda, bir \u00f6nceki toplant\u0131da al\u0131nan kararlar\u0131 kastederek \u201cBir an \u00f6nce faaliyetleri ba\u015flatmak gerek\u201d dedi. Can \u00e7eki\u015firken s\u00f6yleyebildi\u011fi son s\u00f6zleri ise \u201cT\u00fcm yolda\u015flara selam s\u00f6yleyin\u201d oldu.<\/p>\n<p>1975-1981 y\u0131llar\u0131 aras\u0131nda Malatya&#8217;da \u00f6nceleri THKO MB (Eme\u011fin Birli\u011fi), sonra TKEP\/KKP \u0130L KOM\u0130TES\u0130 SEKRETER\u0130 ve ya\u015fam\u0131n\u0131n son d\u00f6neminde KKP GE\u00c7\u0130C\u0130 MERKEZ KOM\u0130TES\u0130 \u00dcYES\u0130 olarak partinin Malatya \u00f6rg\u00fct\u00fcn\u00fcn en zahmetli ta\u015f\u0131y\u0131c\u0131s\u0131 ve tart\u0131\u015fmas\u0131z beyni H\u00fcseyin Elmas&#8217;\u0131 30 Kas\u0131m 1988&#8217;de yitirdik.<\/p>\n<p>***<\/p>\n<p>H\u00fcseyin Elmas&#8217;\u0131 anarken, onu ya\u015fam\u0131 ve m\u00fccadelesinde son an\u0131na kadar yaln\u0131z b\u0131rakmayan, i\u015fkencehanede, cezaevinde birlikte m\u00fccadele veren karde\u015fi sevgili Mehmet Elmas&#8217;\u0131 hat\u0131rlamamak m\u00fcmk\u00fcn de\u011fil. 22 May\u0131s 2008&#8217;de s\u00fcrg\u00fcnde oldu\u011fu Almanya&#8217;da kansere yenik d\u00fc\u015ferek aram\u0131zdan ayr\u0131lan Mehmet Elmas, 1956 y\u0131l\u0131nda do\u011fdu. Do\u011fan\u015fehir Lisesi\u2019ni bitirdi. Daha lise y\u0131llar\u0131ndan itibaren abisi H\u00fcseyin&#8217;le ayn\u0131 yola girdi. THKO MB Do\u011fan\u015fehir Mahalli (\u0130l\u00e7e) Komitesi\u2019ndeve TKEP\/KKP Malatya \u0130l Komitesi\u2019nde \u00e7al\u0131\u015ft\u0131. 1978-1979 y\u0131llar\u0131nda bir grup arkada\u015f\u0131yla birlikte yakla\u015f\u0131k bir sene Elaz\u0131\u011f&#8217;da tutuklu kald\u0131. 26 Ekim 1980&#8217;de abisiyle birlikte yakaland\u0131. Fa\u015fist askeri mahkeme taraf\u0131ndan 15 sene cezaya \u00e7arpt\u0131r\u0131ld\u0131. 1986 y\u0131l\u0131 Mart&#8217;\u0131nda tahliye edildi. KKP faaliyetlerine d\u0131\u015farda da devam etti. Malatya&#8217;da KKP faaliyetlerinin kesintiye u\u011frad\u0131\u011f\u0131 90&#8217;l\u0131 y\u0131llarda partiyle ili\u015fkisi koptu. Ama o m\u00fccadeleye devam etti. PKK&#8217;nin b\u00f6lgedeki gerilla kuvvetlerine yard\u0131mc\u0131 oldu. Temmuz 1994&#8217;te PKK&#8217;ye yard\u0131m ve yatakl\u0131k yapmaktan tutukland\u0131. 7,5 ay hapis yatt\u0131ktan sonra tutuksuz yarg\u0131lanmak \u00fczere 1995 \u015eubat&#8217;\u0131nda serbest b\u0131rak\u0131ld\u0131. Mahkemece 3 sene 9 ay hapis cezas\u0131na \u00e7arpt\u0131r\u0131ld\u0131 ve g\u0131yabi tutuklama karar\u0131 verildi. Bu karar yarg\u0131tayda onaylan\u0131nca ka\u00e7a\u011fa d\u00fc\u015ft\u00fc. Bir s\u00fcre ka\u00e7ak ya\u015fad\u0131ktan sonra Almanya&#8217;ya \u00e7\u0131kt\u0131. Yurtd\u0131\u015f\u0131nda da devrimci faaliyetlere kat\u0131ld\u0131. Ya\u015fam\u0131n\u0131n sonuna kadar ilk gen\u00e7lik ideallerine ba\u011fl\u0131 kald\u0131.<\/p>\n<p>\u0130\u015f\u00e7i s\u0131n\u0131f\u0131, K\u00fcrt halk\u0131 bu iki yi\u011fit sava\u015f\u00e7\u0131s\u0131n\u0131 asla unutmamal\u0131d\u0131r.<\/p>\n<p>Malatya&#8217;daki sevgili dostlar, yolda\u015flar! Her 30 Kas\u0131m&#8217;da, her 22 May\u0131s\u2019ta Do\u011fan\u015fehir \u00c7\u0131\u011fl\u0131k K\u00f6y\u00fc&#8217;nde ELMAS karde\u015flerin mezarlar\u0131na gidin! Birer \u00e7i\u00e7ek de biz uzaklardaki yolda\u015flar\u0131 i\u00e7in b\u0131rak\u0131n! Onlar\u0131 yad edin! An\u0131lar\u0131n\u0131 ya\u015fat\u0131n! \u00d6m\u00fcrlerini, canlar\u0131n\u0131 proletaryan\u0131n ve K\u00fcrt halk\u0131n\u0131n kurtulu\u015fu i\u00e7in feda etmi\u015f bu yi\u011fit kom\u00fcnistleri ebedi uykular\u0131nda \u015fad edin!..<\/p>\n<p>28 Kas\u0131m 2009, yolda\u015f\u0131n\u0131z \u201cBaba\u201d<\/p>\n","protected":false},"excerpt":{"rendered":"<p>A\u015fa\u011f\u0131daki yaz\u0131 NEWROZ Gazetesinde 2009 Aral\u0131k&#8217;\u0131nda yay\u0131nlanm\u0131\u015ft\u0131r. Bundan 21 y\u0131l \u00f6nce, 30 Kas\u0131m 1988&#8217;de, hen\u00fcz 34 ya\u015f\u0131nda, Malatya i\u015f\u00e7ilerinin sevgili &#8221;ba\u015fkan&#8221;\u0131, devrimci yolda\u015flar\u0131n\u0131n &#8221;m\u00fctayit yolda\u015f&#8221;\u0131 H\u00fcseyin Elmas&#8217;\u0131 kaybettik. &#8221;Ba\u015fkan&#8221; yolda\u015f \u00f6mr\u00fcn\u00fc genelde t\u00fcm milliyetlerden i\u015f\u00e7i s\u0131n\u0131f\u0131n\u0131n toplumsal ve \u00f6zelde K\u00fcrt milletinin milli kurtulu\u015funa adam\u0131\u015f ender liderlerden biriydi. H\u00fcseyin Elmas, 1954 y\u0131l\u0131nda Malatya&#8217;n\u0131n Do\u011fan\u015fehir kazas\u0131n\u0131n \u00c7\u0131\u011fl\u0131k &hellip;<\/p>\n","protected":false},"author":4,"featured_media":2029,"comment_status":"closed","ping_status":"closed","sticky":false,"template":"","format":"standard","meta":[],"categories":[54,40],"tags":[],"_links":{"self":[{"href":"http:\/\/www.dengekurdistan.de\/index.php?rest_route=\/wp\/v2\/posts\/2022"}],"collection":[{"href":"http:\/\/www.dengekurdistan.de\/index.php?rest_route=\/wp\/v2\/posts"}],"about":[{"href":"http:\/\/www.dengekurdistan.de\/index.php?rest_route=\/wp\/v2\/types\/post"}],"author":[{"embeddable":true,"href":"http:\/\/www.dengekurdistan.de\/index.php?rest_route=\/wp\/v2\/users\/4"}],"replies":[{"embeddable":true,"href":"http:\/\/www.dengekurdistan.de\/index.php?rest_route=%2Fwp%2Fv2%2Fcomments&post=2022"}],"version-history":[{"count":1,"href":"http:\/\/www.dengekurdistan.de\/index.php?rest_route=\/wp\/v2\/posts\/2022\/revisions"}],"predecessor-version":[{"id":2027,"href":"http:\/\/www.dengekurdistan.de\/index.php?rest_route=\/wp\/v2\/posts\/2022\/revisions\/2027"}],"wp:featuredmedia":[{"embeddable":true,"href":"http:\/\/www.dengekurdistan.de\/index.php?rest_route=\/wp\/v2\/media\/2029"}],"wp:attachment":[{"href":"http:\/\/www.dengekurdistan.de\/index.php?rest_route=%2Fwp%2Fv2%2Fmedia&parent=2022"}],"wp:term":[{"taxonomy":"category","embeddable":true,"href":"http:\/\/www.dengekurdistan.de\/index.php?rest_route=%2Fwp%2Fv2%2Fcategories&post=2022"},{"taxonomy":"post_tag","embeddable":true,"href":"http:\/\/www.dengekurdistan.de\/index.php?rest_route=%2Fwp%2Fv2%2Ftags&post=2022"}],"curies":[{"name":"wp","href":"https:\/\/api.w.org\/{rel}","templated":true}]}}