{"id":1640,"date":"2017-09-17T12:56:37","date_gmt":"2017-09-17T10:56:37","guid":{"rendered":"http:\/\/www.dengekurdistan.de\/?p=1640"},"modified":"2017-09-17T12:56:37","modified_gmt":"2017-09-17T10:56:37","slug":"kuerdistanda-hedef-mezarliklar","status":"publish","type":"post","link":"http:\/\/www.dengekurdistan.de\/?p=1640","title":{"rendered":"K\u00fcrdistan\u2019da hedef mezarl\u0131klar"},"content":{"rendered":"<p>K\u00fcrdistan topraklar\u0131nda PKK ve YPS\u2019lilere ait mezarl\u0131klar tahrip edilmeye devam ediliyor.<\/p>\n<p>Diyarbak\u0131r\u2019\u0131n Ba\u011flar il\u00e7esinde bulunan Yenik\u00f6y Mezarl\u0131\u011f\u0131\u2019nda PKK ve YPS\u2019lilere ait mezarlar bir kez daha tahrip edildi. Mermer macunu kullan\u0131larak yap\u0131lan tahribatta, mezar ta\u015flar\u0131nda bulunan isimler ve foto\u011fraflara zarar verildi. Yak\u0131nlar\u0131n\u0131n mezar\u0131n\u0131 ziyarete gidenler taraf\u0131ndan fark edilen olay\u0131n ard\u0131ndan baz\u0131 aileler kendi imkanlar\u0131yla mezar ta\u015flar\u0131na s\u00fcr\u00fclen macunu s\u00f6kmeye \u00e7al\u0131\u015ft\u0131.<br \/>\nDaha \u00f6nce bir\u00e7ok kez ayn\u0131 mezarl\u0131kta bulunan baz\u0131 mezarlar polislerce tahrip edilmi\u015f ve bir k\u0131sm\u0131n\u0131n mezar ta\u015flar\u0131 yerinden s\u00f6k\u00fclm\u00fc\u015ft\u00fc.<br \/>\nK\u00fcrdistan topraklar\u0131nda son s\u00fcre\u00e7te mezarl\u0131klara d\u00f6n\u00fck sald\u0131r\u0131lar \u015fu \u015fekilde:<br \/>\n16 \u015eubat 2017<br \/>\nBatman Cumhuriyet Savc\u0131l\u0131\u011f\u0131 ve kayy\u0131m atanan Batman Belediyesi, \u0130kiztepe Mezarl\u0131\u011f\u0131\u2019nda bulunan ve farkl\u0131 tarihlerde ve yerlerde ya\u015fam\u0131n\u0131 yitiren, aralar\u0131nda 10 Ekim Ankara katliam\u0131nda ya\u015fam\u0131n\u0131 yitiren Bar\u0131\u015f Annesi Meryem Bulut ile Aycan Kaya\u2019n\u0131n da bulundu\u011fu 23 ki\u015finin mezar ta\u015flar\u0131n\u0131n y\u0131k\u0131lmas\u0131 i\u00e7in ailelerine g\u00f6nderilen tebligat\u0131n ard\u0131ndan mezar ta\u015flar\u0131 s\u00f6k\u00fcld\u00fc.<br \/>\n21 \u015eubat 2017<br \/>\nVan\u2019da onlarca polis ve z\u0131rhl\u0131 ara\u00e7 pekyolu il\u00e7esine ba\u011fl\u0131 \u2018Yeni Mahalle Mezarl\u0131\u011f\u0131\u2019nda bulunan mezarlar\u0131 tahrip edildi. Farkl\u0131 tarihlerde ya\u015famlar\u0131n\u0131 yitiren HPG, YJA-Star, YPG, YPJ\u2019lilerin kabirlerininde bulundu\u011fu mezarl\u0131\u011fa giren polisler mezarlar\u0131 tahrip etti ve sar\u0131 k\u0131rm\u0131z\u0131 renkli fularlar\u0131 \u00e7\u0131kar\u0131p yakt\u0131. Mezarl\u0131klar\u0131n bir \u00e7o\u011funa \u2018T.C\u2019 yaz\u0131lamas\u0131 yap\u0131ld\u0131\u011f\u0131 g\u00f6r\u00fcld\u00fc.<br \/>\n7 Nisan 2017<br \/>\nDersim\u2019in Mazgirt il\u00e7esinde ba\u011fl\u0131 Akpazar (Per\u00ee) Beldesi\u2019nin Karabulut (S\u00fcrek) k\u00f6y\u00fcnde Tunceli Valisi ve kayy\u0131m Osman Kaymak\u2019\u0131n talimat\u0131yla 7 Nisan tarihinde askerlerce HPG\u2019li Sancar Bulu\u00e7 (Seyid R\u0131za) ve Baran \u00c7etinkaya (Brusk Dersim)\u2019n\u0131n mezarlar\u0131 tahrip edildi.<br \/>\n28 Nisan 2017<br \/>\nHakkari\u2019nin Y\u00fcksekova il\u00e7esine ba\u011fl\u0131 Orman Mahallesi\u2019nde bulunan mezarl\u0131k, \u00f6zel harekat polisleri taraf\u0131ndan tahrip edildi. Mezar ta\u015flar\u0131n\u0131n \u00fczerine \u201cLe\u015f\u201d yaz\u0131lamas\u0131 yap\u0131ld\u0131.<br \/>\n5 Haziran 2017<br \/>\n\u015e\u0131rnak\u2019\u0131n Beyt\u00fc\u015f\u015febap il\u00e7esi Kato b\u00f6lgesinde \u00e7ok say\u0131da asker ve korucunun kat\u0131l\u0131m\u0131yla 18 Nisan tarihinde ba\u015flat\u0131lan operasyonda PKK\u2019lilere ait mezarl\u0131klar tahrip edildi. Meydan Kolya Yaylas\u0131\u2019ndaki \u201c\u015eehit Kurtay Fera\u015f\u00een \u015eehitli\u011fi\u201dnin duvarlar\u0131 kep\u00e7elerle y\u0131k\u0131ld\u0131. Mezar ta\u015flar\u0131n\u0131n tahrip edildi\u011fi mezarl\u0131kta, ziyaret\u00e7iler i\u00e7in in\u015fa edilen yap\u0131n\u0131n da tamamen y\u0131k\u0131ld\u0131\u011f\u0131 kaydedildi.<br \/>\nMezarl\u0131\u011f\u0131n etraf\u0131 da 14 Kas\u0131m 2015 tarihinde hava sald\u0131r\u0131s\u0131nda bombalanm\u0131\u015ft\u0131.<br \/>\n12 Haziran 2017<br \/>\nParis\u2019te 9 Ocak 2013 tarihinde Fidan Do\u011fan ve Leyla \u015eaylemez ile birlikte katledilen K\u00fcrt kad\u0131n siyaset\u00e7i Sakine Cans\u0131z\u2019\u0131n an\u0131t mezar\u0131 tahrip edildi. Kent merkezine 2 kilometre uzakl\u0131ktaki Dersim Asri Mezarl\u0131\u011f\u0131\u2019nda bulunan an\u0131t mezarda in\u015fa edilen 3 metre y\u00fcksekli\u011findeki duvarda Sakine\u2019nin foto\u011fraf\u0131 ile y\u0131ld\u0131z ve g\u00fcvercin kanatlar\u0131 bulunuyordu.<br \/>\nAn\u0131t mezara yap\u0131lan sald\u0131r\u0131da duvardaki g\u00fcvercin kanatlar\u0131 ile y\u0131ld\u0131z s\u00f6k\u00fclmek istendi. Mermer duvara monte edilen \u00e7am a\u011fac\u0131ndan yap\u0131lma kanatlar\u0131n s\u00f6k\u00fclmemesi \u00fczerine sert bir cisim ile g\u00fcvercin kanad\u0131n\u0131n bir k\u0131sm\u0131 ve y\u0131ld\u0131z sembol\u00fc k\u0131r\u0131ld\u0131.<br \/>\nSon olarak ise tutuklu HDP E\u015f Genel Ba\u015fkan Yard\u0131mc\u0131s\u0131 Aysel Tu\u011fluk\u2019un annesi Hatun Tu\u011fluk\u2019un mezarl\u0131\u011f\u0131na fa\u015fistler sald\u0131rm\u0131\u015f ve cenaze mezarl\u0131ktan \u00e7\u0131kar\u0131larak Dersim\u2019de defin edilmi\u015fti.<br \/>\n Kaynak:  Ajansa N\u00fb\u00e7eyan a Firat\u00ea 2017\t<\/p>\n","protected":false},"excerpt":{"rendered":"<p>K\u00fcrdistan topraklar\u0131nda PKK ve YPS\u2019lilere ait mezarl\u0131klar tahrip edilmeye devam ediliyor. Diyarbak\u0131r\u2019\u0131n Ba\u011flar il\u00e7esinde bulunan Yenik\u00f6y Mezarl\u0131\u011f\u0131\u2019nda PKK ve YPS\u2019lilere ait mezarlar bir kez daha tahrip edildi. Mermer macunu kullan\u0131larak yap\u0131lan tahribatta, mezar ta\u015flar\u0131nda bulunan isimler ve foto\u011fraflara zarar verildi. Yak\u0131nlar\u0131n\u0131n mezar\u0131n\u0131 ziyarete gidenler taraf\u0131ndan fark edilen olay\u0131n ard\u0131ndan baz\u0131 aileler kendi imkanlar\u0131yla mezar ta\u015flar\u0131na &hellip;<\/p>\n","protected":false},"author":4,"featured_media":1641,"comment_status":"closed","ping_status":"closed","sticky":false,"template":"","format":"standard","meta":[],"categories":[54,41],"tags":[],"_links":{"self":[{"href":"http:\/\/www.dengekurdistan.de\/index.php?rest_route=\/wp\/v2\/posts\/1640"}],"collection":[{"href":"http:\/\/www.dengekurdistan.de\/index.php?rest_route=\/wp\/v2\/posts"}],"about":[{"href":"http:\/\/www.dengekurdistan.de\/index.php?rest_route=\/wp\/v2\/types\/post"}],"author":[{"embeddable":true,"href":"http:\/\/www.dengekurdistan.de\/index.php?rest_route=\/wp\/v2\/users\/4"}],"replies":[{"embeddable":true,"href":"http:\/\/www.dengekurdistan.de\/index.php?rest_route=%2Fwp%2Fv2%2Fcomments&post=1640"}],"version-history":[{"count":1,"href":"http:\/\/www.dengekurdistan.de\/index.php?rest_route=\/wp\/v2\/posts\/1640\/revisions"}],"predecessor-version":[{"id":1645,"href":"http:\/\/www.dengekurdistan.de\/index.php?rest_route=\/wp\/v2\/posts\/1640\/revisions\/1645"}],"wp:featuredmedia":[{"embeddable":true,"href":"http:\/\/www.dengekurdistan.de\/index.php?rest_route=\/wp\/v2\/media\/1641"}],"wp:attachment":[{"href":"http:\/\/www.dengekurdistan.de\/index.php?rest_route=%2Fwp%2Fv2%2Fmedia&parent=1640"}],"wp:term":[{"taxonomy":"category","embeddable":true,"href":"http:\/\/www.dengekurdistan.de\/index.php?rest_route=%2Fwp%2Fv2%2Fcategories&post=1640"},{"taxonomy":"post_tag","embeddable":true,"href":"http:\/\/www.dengekurdistan.de\/index.php?rest_route=%2Fwp%2Fv2%2Ftags&post=1640"}],"curies":[{"name":"wp","href":"https:\/\/api.w.org\/{rel}","templated":true}]}}