{"id":1614,"date":"2017-09-03T15:28:56","date_gmt":"2017-09-03T13:28:56","guid":{"rendered":"http:\/\/www.dengekurdistan.de\/?p=1614"},"modified":"2017-09-03T15:28:56","modified_gmt":"2017-09-03T13:28:56","slug":"reqada-son-durum-14-mahalle-temizlendi-9-mahalle-kaldi","status":"publish","type":"post","link":"http:\/\/www.dengekurdistan.de\/?p=1614","title":{"rendered":"Reqa\u2019da son durum: 14 mahalle temizlendi, 9 mahalle kald\u0131!"},"content":{"rendered":"<p>\u00dc\u00e7\u00fcnc\u00fc ay\u0131n\u0131 geride b\u0131rakan Reqa operasyonu kapsam\u0131nda kentteki 23 mahalleden 14\u2019\u00fcn\u00fc kurtaran QSD, kentin y\u00fczde 65\u2019inden fazlas\u0131n\u0131 kontrol alt\u0131na ald\u0131. Operasyonu y\u00fcr\u00fcten kad\u0131n komutanlardan Clara Reqa, kentin h\u00e2kimiyetinin kendilerinde oldu\u011funu s\u00f6yledi. <\/p>\n<p>Demokratik Suriye G\u00fc\u00e7leri\u2019nin (QSD) Reqa\u2019y\u0131 DA\u0130\u015e esaretinden kurtarmak i\u00e7in \u201cB\u00fcy\u00fck Sava\u015f\u201d ad\u0131yla ba\u015flatt\u0131\u011f\u0131 operasyonlar \u00fc\u00e7\u00fcnc\u00fc ay\u0131n\u0131 geride b\u0131rakt\u0131. 23 mahalleden olu\u015fan kentte, 90\u2019\u0131nc\u0131 g\u00fcn\u00fcnde y\u00fcr\u00fct\u00fclen operasyonlar kapsam\u0131nda 14 mahalle QSD\u2019li sava\u015f\u00e7\u0131lar\u0131n kontrol\u00fcne ge\u00e7ti. 9 mahalle halen DA\u0130\u015e\u2019in esaretinde bulunurken, QSD kentin y\u00fczde 65\u2019inden fazlas\u0131n\u0131 denetimine ald\u0131. \u00c7at\u0131\u015fmalar kentin bat\u0131 cephesinde bulunan El Ber\u00eed, Mir\u00fbr ve Nehda mahallelerinde yo\u011funla\u015f\u0131rken, operasyonu y\u00fcr\u00fcten kad\u0131n komutanlardan Clara Reqa, kentin h\u00e2kimiyetinin kendilerinde oldu\u011funu s\u00f6yledi.<\/p>\n<p>REQA SAVA\u015eI BARI\u015eIN B\u0130R PAR\u00c7ASI<\/p>\n<p>Reqa, halklar\u0131n hem Kurban Bayram\u0131 hem de 1 Eyl\u00fcl D\u00fcnya Bar\u0131\u015f G\u00fcn\u00fc\u2019n\u00fc kutlad\u0131. 1 Eyl\u00fcl\u2019\u00fcn d\u00fcnyada bar\u0131\u015f i\u00e7in m\u00fccadele eden insanlar\u0131n ortakla\u015ft\u0131\u011f\u0131 bir g\u00fcn oldu\u011funu ifade eden Komutan Clara Reqa, y\u00fcr\u00fctt\u00fckleri sava\u015f\u0131n da bunun bir par\u00e7as\u0131 oldu\u011funu s\u00f6yledi. Bug\u00fcn Reqa\u2019da \u201cB\u00fcy\u00fck Sava\u015f\u201d operasyonuna devam ettiklerini belirten Clara Reqa, hamlenin ba\u015far\u0131l\u0131 bir \u015fekilde ilerledi\u011fini kaydetti.<\/p>\n<p>EB\u00db EMCED\u2026<\/p>\n<p>Reqa\u2019n\u0131n DA\u0130\u015e\u2019in zihniyet merkezi oldu\u011funu kaydeden Clara Reqa, bug\u00fcne gelmelerinde belli ba\u015fl\u0131 zorluklar da \u00e7ektiklerini ifade etti. Bu m\u00fccadele u\u011frunda bir\u00e7ok arkada\u015flar\u0131n\u0131 ve sava\u015f\u00e7\u0131lar\u0131n\u0131 kaybettiklerine de\u011finen Reqa, en son Minbic Askeri Meclisi Komutan\u0131 Adnan Eb\u00fb Emced\u2019in kentte ya\u015fam\u0131n\u0131 yitirdi\u011fini hat\u0131rlatt\u0131. Emced\u2019in \u00f6rnek bir kahramanl\u0131kla sava\u015f cephelerinde ya\u015fam\u0131n\u0131 yitirdi\u011fini kaydeden Reqa, Emced\u2019in m\u00fccadelesini aral\u0131ks\u0131z s\u00fcrd\u00fcreceklerini ifade etti.<\/p>\n<p>STRATEJ\u0130K NOKTALAR<\/p>\n<p>DA\u0130\u015e\u2019in A\u011fustos ay\u0131nda b\u00fcy\u00fck sald\u0131r\u0131lar ger\u00e7ekle\u015ftirdi\u011fini aktaran Reqa, bu sald\u0131r\u0131lar\u0131n DA\u0130\u015e\u2019in son \u00e7\u0131rp\u0131n\u0131\u015flar\u0131 oldu\u011funu kaydetti. QSD sava\u015f\u00e7\u0131lar\u0131n\u0131n verdi\u011fi sert kar\u015f\u0131l\u0131klarla yap\u0131lan b\u00fct\u00fcn sald\u0131r\u0131lar\u0131n k\u0131r\u0131ld\u0131\u011f\u0131n\u0131n alt\u0131n\u0131 \u00e7izen Reqa, \u201cEn son \u00f6nemli bir yerde duran ve b\u00fcy\u00fck bir yeri kapsayan Eski Reqa Mahallesi tamamen \u00f6zg\u00fcrle\u015ftirildi. Bu yer asl\u0131nda bir b\u00f6lge olarak tan\u0131mlanmal\u0131 \u00e7\u00fcnk\u00fc kendi i\u00e7inde mahalleler bar\u0131nd\u0131r\u0131yor. Bat\u0131 cephesinde bulunan \u00f6nemli kalelerinden El Diriye Mahallesi de \u00f6zg\u00fcrle\u015ftirildi. Burada bulunan \u00c7ocuk Hastanesi onlardan al\u0131nd\u0131. Buras\u0131 esirlerine tutuklar\u0131 yer olarak da biliniyordu\u201d dedi.<\/p>\n<p>REQA\u2019DA KA\u00c7 MAHALLE KALDI?<\/p>\n<p>Kendisi de Reqal\u0131 olan Clara Reqa, kentin 23 mahalleden olu\u015ftu\u011funu belirterek, 14 mahallenin tamamen \u00f6zg\u00fcrle\u015ftirildi\u011fini dile getirdi. Kentin y\u00fczde 65\u2019inden fazlas\u0131n\u0131 kontrol alt\u0131na ald\u0131klar\u0131n\u0131 s\u00f6yleyen Reqa, \u201cDA\u0130\u015e\u2019in elinde \u015fimdi 9 mahalle bulunuyor. Bu mahallelerde \u015fiddetli \u00e7at\u0131\u015fmalar devam ediyor. DA\u0130\u015e\u2019in elinde El Ber\u00eed, El Em\u00een, Rewda, El Ekrad, Ti\u015frin, End\u00fcl\u00fcs, Rim\u00eala, Nehda ve Mir\u00fbr mahalleleri kalm\u0131\u015f durumda. Bu mahallelere de operasyonlar d\u00fczenlemeye devam ediyoruz\u201d diye konu\u015ftu.<\/p>\n<p>H\u00c2K\u0130M\u0130YET QSD\u2019DE<\/p>\n<p>Reqa ne zaman \u00f6zg\u00fcrle\u015fecek sorusuna da cevap veren Reqa, sava\u015flarda belirli bir g\u00fcn\u00fcn olmad\u0131\u011f\u0131n\u0131 s\u00f6yledi. Kent i\u00e7in geri say\u0131m\u0131n ba\u015flad\u0131\u011f\u0131n\u0131 dile getiren Reqa, bundan sonra \u00e7ok zaman almayaca\u011f\u0131n\u0131 s\u00f6yleyerek, Reqa\u2019n\u0131n tamamen \u00f6zg\u00fcr olaca\u011f\u0131 g\u00fcn\u00fcn yak\u0131n oldu\u011funu kaydetti. Reqa\u2019n\u0131n \u00f6zg\u00fcrle\u015ftirilmedi\u011fini ancak kentin h\u00e2kimiyetinin QSD g\u00fc\u00e7lerinde oldu\u011funun alt\u0131n\u0131 \u00e7izdi.<\/p>\n<p>HALKLARA BIRAKILACAK<\/p>\n<p>Kentin \u00f6zg\u00fcrle\u015fmesinden sonra nas\u0131l y\u00f6netilece\u011fine ili\u015fkin de konu\u015fan Reqa, Minbic \u00f6rne\u011finin ortada oldu\u011funu kaydetti. Reqa Meclisi\u2019nin kuruldu\u011funu ve bu i\u015flerle ilgilendi\u011fini kaydeden Reqa, \u201cReqal\u0131 a\u015firetler ve halklar bir araya gelip meclislerini kurmu\u015f. \u00c7al\u0131\u015fmalar\u0131n\u0131 da y\u00fcr\u00fct\u00fcyorlar. Kent esaretten kurtulduktan sonra Reqa halk\u0131na b\u0131rak\u0131lacak ve \u00f6zerk bir \u015fekilde kendisini y\u00f6netecek\u201d dedi.<\/p>\n<p>Kaynak: Ajansa N\u00fb\u00e7eyan a Firat\u00ea<\/p>\n","protected":false},"excerpt":{"rendered":"<p>\u00dc\u00e7\u00fcnc\u00fc ay\u0131n\u0131 geride b\u0131rakan Reqa operasyonu kapsam\u0131nda kentteki 23 mahalleden 14\u2019\u00fcn\u00fc kurtaran QSD, kentin y\u00fczde 65\u2019inden fazlas\u0131n\u0131 kontrol alt\u0131na ald\u0131. Operasyonu y\u00fcr\u00fcten kad\u0131n komutanlardan Clara Reqa, kentin h\u00e2kimiyetinin kendilerinde oldu\u011funu s\u00f6yledi. Demokratik Suriye G\u00fc\u00e7leri\u2019nin (QSD) Reqa\u2019y\u0131 DA\u0130\u015e esaretinden kurtarmak i\u00e7in \u201cB\u00fcy\u00fck Sava\u015f\u201d ad\u0131yla ba\u015flatt\u0131\u011f\u0131 operasyonlar \u00fc\u00e7\u00fcnc\u00fc ay\u0131n\u0131 geride b\u0131rakt\u0131. 23 mahalleden olu\u015fan kentte, 90\u2019\u0131nc\u0131 g\u00fcn\u00fcnde &hellip;<\/p>\n","protected":false},"author":4,"featured_media":1615,"comment_status":"closed","ping_status":"closed","sticky":false,"template":"","format":"standard","meta":[],"categories":[43,54,41,42,55],"tags":[],"_links":{"self":[{"href":"http:\/\/www.dengekurdistan.de\/index.php?rest_route=\/wp\/v2\/posts\/1614"}],"collection":[{"href":"http:\/\/www.dengekurdistan.de\/index.php?rest_route=\/wp\/v2\/posts"}],"about":[{"href":"http:\/\/www.dengekurdistan.de\/index.php?rest_route=\/wp\/v2\/types\/post"}],"author":[{"embeddable":true,"href":"http:\/\/www.dengekurdistan.de\/index.php?rest_route=\/wp\/v2\/users\/4"}],"replies":[{"embeddable":true,"href":"http:\/\/www.dengekurdistan.de\/index.php?rest_route=%2Fwp%2Fv2%2Fcomments&post=1614"}],"version-history":[{"count":1,"href":"http:\/\/www.dengekurdistan.de\/index.php?rest_route=\/wp\/v2\/posts\/1614\/revisions"}],"predecessor-version":[{"id":1619,"href":"http:\/\/www.dengekurdistan.de\/index.php?rest_route=\/wp\/v2\/posts\/1614\/revisions\/1619"}],"wp:featuredmedia":[{"embeddable":true,"href":"http:\/\/www.dengekurdistan.de\/index.php?rest_route=\/wp\/v2\/media\/1615"}],"wp:attachment":[{"href":"http:\/\/www.dengekurdistan.de\/index.php?rest_route=%2Fwp%2Fv2%2Fmedia&parent=1614"}],"wp:term":[{"taxonomy":"category","embeddable":true,"href":"http:\/\/www.dengekurdistan.de\/index.php?rest_route=%2Fwp%2Fv2%2Fcategories&post=1614"},{"taxonomy":"post_tag","embeddable":true,"href":"http:\/\/www.dengekurdistan.de\/index.php?rest_route=%2Fwp%2Fv2%2Ftags&post=1614"}],"curies":[{"name":"wp","href":"https:\/\/api.w.org\/{rel}","templated":true}]}}