{"id":1608,"date":"2017-09-03T15:24:15","date_gmt":"2017-09-03T13:24:15","guid":{"rendered":"http:\/\/www.dengekurdistan.de\/?p=1608"},"modified":"2017-09-03T15:24:15","modified_gmt":"2017-09-03T13:24:15","slug":"akdogan-heron-saldirisindaki-sucu-oertbas-etmek-istiyorlar","status":"publish","type":"post","link":"http:\/\/www.dengekurdistan.de\/?p=1608","title":{"rendered":"Akdo\u011fan: Heron sald\u0131r\u0131s\u0131ndaki su\u00e7u \u00f6rtbas etmek istiyorlar"},"content":{"rendered":"<p>1 k\u00f6yl\u00fcn\u00fcn \u00f6ld\u00fc\u011f\u00fc 3 ki\u015finin de yaraland\u0131\u011f\u0131 insans\u0131z hava arac\u0131 sald\u0131r\u0131s\u0131yla ilgili geli\u015fmeleri ilk g\u00fcnden takip eden HDP\u2019li vekil Nihat Akdo\u011fan, \u201cBu su\u00e7u \u00f6rtbas etmek istiyorlar\u201d dedi. <\/p>\n<p>Hakkari\u2019ye ba\u011fl\u0131 O\u011flu (Tal\u00ea) k\u00f6y\u00fcnde Mehmet Temel\u2019in (35) ya\u015fam\u0131n\u0131 yitirdi\u011fi 3 k\u00f6yl\u00fcn\u00fcn de yaraland\u0131\u011f\u0131 Heron (\u0130nsans\u0131z hava arac\u0131) sald\u0131r\u0131s\u0131n\u0131n yank\u0131lar\u0131 devam ediyor. Olay\u0131n ya\u015fand\u0131\u011f\u0131 ilk g\u00fcnden bu yana geli\u015fmeleri ailelerle birlikte takip eden Halklar\u0131n Demokratik Partisi (HDP) Hakkari Milletvekili Nihat Akdo\u011fan, sorumlular\u0131n ya\u015fananlar\u0131 sapt\u0131rma ve gizleme \u00e7abas\u0131nda oldu\u011funu kaydetti.<\/p>\n<p>\u2018SERV\u0130S ED\u0130LEN B\u0130LG\u0130LERLE GER\u00c7EKLER \u00d6RT\u00dc\u015eM\u00dcYOR\u2019<\/p>\n<p>Baz\u0131 medya organlar\u0131n\u0131n \u201c\u0130\u015fbirlik\u00e7i \u00f6ld\u00fcr\u00fcld\u00fc\u201d \u015feklinde yapt\u0131klar\u0131 haberlerin ger\u00e7e\u011fi yans\u0131tmad\u0131\u011f\u0131n\u0131 belirten Akdo\u011fan, ya\u015fanan olay ile servis edilen bilgiler aras\u0131nda b\u00fcy\u00fck bir fark oldu\u011funun alt\u0131n\u0131 \u00e7izdi. \u00d6rg\u00fct \u00fcyesi olarak lanse edilen ki\u015filerin kentte bilinen ve tan\u0131nan i\u015f\u00e7i, emek\u00e7i ki\u015filer oldu\u011funu ifade eden Akdo\u011fan, \u201c\u00c7\u00fcnk\u00fc \u2018\u00f6rg\u00fct \u00fcyesi\u2019 olarak lanse edilenlerin Hakkari halk\u0131 taraf\u0131ndan tan\u0131nan ve her birisinin 3-5 \u00e7ocu\u011funun oldu\u011fu, kimisinin esnaf, kimisinin emekli oldu\u011fu ve halk taraf\u0131ndan iyi bilinen insanlar oldu\u011fu net bir \u015fekilde anla\u015f\u0131ld\u0131\u201d diye konu\u015ftu.<\/p>\n<p>\u2018MEHMET\u2019\u0130 B\u00dcT\u00dcN HALK TANIR\u2019<\/p>\n<p>Mehmet Temel\u2019in taziye \u00e7ad\u0131r\u0131n\u0131 ve oradaki \u00e7ocuklar\u0131na dikkat \u00e7eken Akdo\u011fan, \u201cBug\u00fcn burada taziyesi kurulan ve \u00f6rg\u00fct \u00fcyesi olarak lanse edilen Mehmet Temel\u2019in Mert, Merve ve Fidan ad\u0131nda 3 \u00e7ocu\u011fu bulunuyor. Mehmet\u2019i buradaki b\u00fct\u00fcn halk tan\u0131r. Yaral\u0131 Musa Tarhan\u2019\u0131n 8 \u00e7ocu\u011fu var, ayr\u0131ca bu yurtta\u015f bir d\u00f6nem muhtarl\u0131k yapm\u0131\u015ft\u0131r. \u0130brahim Sak ise emeklidir. Valilik ilk a\u00e7\u0131klamas\u0131nda \u2018\u00f6rg\u00fct \u00fcyelerinin\u2019 vuruldu\u011funu, daha sonra yapt\u0131\u011f\u0131 a\u00e7\u0131klamada ise olay\u0131n i\u00e7inde sivillerin de oldu\u011funu ve burada bir toplant\u0131n\u0131n yap\u0131ld\u0131\u011f\u0131 s\u00f6yl\u00fcyor. Bizler ya\u015fanan olay\u0131n ayd\u0131nlat\u0131lmas\u0131 i\u00e7in HDP olarak Van\u2019dan gelen parlamenter arkada\u015flar\u0131m\u0131z\u0131n da i\u00e7inde yer ald\u0131\u011f\u0131 bir heyet olu\u015fturulduk\u201d dedi.<\/p>\n<p>\u2018BU SU\u00c7U \u00d6RTBAS ETMEK \u0130ST\u0130YORLAR\u2019<\/p>\n<p>HDP heyeti olarak hem hastanede yatan yaral\u0131lar\u0131n ziyaret edilmesi hem de k\u00f6yde olay\u0131n ya\u015fand\u0131\u011f\u0131 b\u00f6lgedeki k\u00f6yl\u00fclerle g\u00f6r\u00fc\u015fmeler yapmak i\u00e7in Hakkari Valili\u011fi nezdinde giri\u015fimlerde bulunduklar\u0131n\u0131 aktaran Akdo\u011fan, bu giri\u015fimlerden olumlu sonu\u00e7 alamad\u0131klar\u0131n\u0131 ifade etti. Akdo\u011fan, \u201cHeyet olarak ilk g\u00fcnden beri g\u00f6zalt\u0131nda tutulan ve kimseyle g\u00f6r\u00fc\u015ft\u00fcr\u00fclmeyen 3 yurtta\u015f\u0131m\u0131z\u0131n durumunu \u00f6\u011frenmek i\u00e7in g\u00f6r\u00fc\u015fmek istedik. Ancak aileler dahi kimsenin yaral\u0131lar ile g\u00f6r\u00fc\u015femeyece\u011fi bizlere bildirildi. Ayr\u0131ca k\u00f6yde de incelemelerde bulunmak istedi\u011fimizi s\u00f6yledik, b\u00f6lgede operasyonlar\u0131n devam etti\u011fi ve talebimize kesinlikle izin verilmeyece\u011fi s\u00f6ylendi. Daha sonra yaral\u0131larla g\u00f6r\u00fc\u015fmek i\u00e7in \u00fcst mercilere ba\u015fvuracaklar\u0131n\u0131 ve izin \u00e7\u0131kmas\u0131 durumunda bizlerin de yaral\u0131lar\u0131 ziyaret edebilece\u011fimizi s\u00f6ylendi. Ancak \u00fcst makamlar\u0131n da b\u00f6ylesi bir izni verece\u011fini d\u00fc\u015f\u00fcnm\u00fcyorum. \u00c7\u00fcnk\u00fc burada bir su\u00e7 var ve bu su\u00e7u \u00f6rtbas etmek istiyorlar. Onun i\u00e7in olay\u0131n ya\u015fand\u0131\u011f\u0131 ilk dakikadan itibaren hem yaral\u0131lar\u0131 herkesten sakl\u0131yorlar hem de k\u00f6ye gidi\u015fimize izin vermiyorlar. \u00c7\u00fcnk\u00fc bu giri\u015fimler sonucunda ger\u00e7ekler ortaya \u00e7\u0131kaca\u011f\u0131n\u0131 biliyorlar\u201d \u015feklinde konu\u015ftu.<\/p>\n<p>\u2018CAM\u0130LER B\u0130LE YURTTA\u015eLARA YASAKLANDI\u2019<\/p>\n<p>Hayat\u0131n\u0131 kaybeden Mehmet Temel i\u00e7in camide taziyenin kurulmas\u0131na izin verilmedi\u011fini hat\u0131rlatan Akdo\u011fan, \u201cCamiler Allah\u2019\u0131n evidir\u201d s\u00f6zleriyle tepki g\u00f6sterdi. Ortada bir insanl\u0131k su\u00e7unun oldu\u011funu kaydeden Akdo\u011fan, \u201cAile cenazesini kamyonet kasas\u0131nda Hakkari\u2019ye getirebildi. Burada bir insanl\u0131k su\u00e7u var ve bunu saklamak istiyorlar\u201d dedi.<\/p>\n<p>YARALILAR K\u0130MSEYLE G\u00d6R\u00dc\u015eT\u00dcR\u00dcLM\u00dcYOR<\/p>\n<p>Akdo\u011fan, valili\u011fin, emniyetin, askeriyenin ve hatta hastane y\u00f6netiminin birlikte bu su\u00e7u gizlemek i\u00e7in \u00e7abalad\u0131\u011f\u0131na dikkat \u00e7ekti. Akdo\u011fan, \u201cDefalarca hastane y\u00f6netimiyle g\u00f6r\u00fc\u015fmelerimiz oldu. \u00d6nce olur verdiler. Sonras\u0131nda olay\u0131n ya\u015fand\u0131\u011f\u0131 yerin askeri alan oldu\u011fu ve bu nedenle askerlerden ba\u015fka kimsenin yaral\u0131larla g\u00f6r\u00fc\u015femeyece\u011fini belirterek, bizim yaral\u0131lar\u0131 g\u00f6rmemiz engellendi\u201d ifadelerini kulland\u0131.<\/p>\n<p>Yaral\u0131lar\u0131n kelep\u00e7eli bir \u015fekilde hastanede tutulduklar\u0131na dair bilgiler ald\u0131klar\u0131n\u0131 s\u00f6yleyen Akdo\u011fan s\u00f6zlerini \u015f\u00f6yle s\u00fcrd\u00fcrd\u00fc: \u201cYaral\u0131lar\u0131n durumu hakk\u0131nda net bir bilgimiz yok. Ailelerle g\u00f6r\u00fc\u015f\u00fcyoruz, onlar da bir bilgi alabilmi\u015f de\u011filler. Orada olan insanl\u0131k su\u00e7unu ne ailelerin neden ba\u015fkalar\u0131n\u0131n g\u00f6rmesini istemiyorlar. \u00c7\u00fcnk\u00fc birileri yaral\u0131larla g\u00f6r\u00fc\u015f\u00fcrse ger\u00e7ekler ortaya \u00e7\u0131kacak diye korkuyorlar. Zaten \u0130\u00e7i\u015fleri Bakan\u0131n\u0131n sokak a\u011fz\u0131yla yapt\u0131\u011f\u0131 a\u00e7\u0131klamalardan da anla\u015f\u0131laca\u011f\u0131 gibi bunlar kimsenin yaral\u0131lar ile g\u00f6r\u00fc\u015fmelerine izin vermeyecekler. Bizler de ger\u00e7eklerin ortaya \u00e7\u0131kmas\u0131 i\u00e7in m\u00fccadelemizi s\u00fcrd\u00fcrece\u011fiz.\u201d<\/p>\n<p>Kaynak: Ajansa N\u00fb\u00e7eyan a Firat\u00ea<\/p>\n","protected":false},"excerpt":{"rendered":"<p>1 k\u00f6yl\u00fcn\u00fcn \u00f6ld\u00fc\u011f\u00fc 3 ki\u015finin de yaraland\u0131\u011f\u0131 insans\u0131z hava arac\u0131 sald\u0131r\u0131s\u0131yla ilgili geli\u015fmeleri ilk g\u00fcnden takip eden HDP\u2019li vekil Nihat Akdo\u011fan, \u201cBu su\u00e7u \u00f6rtbas etmek istiyorlar\u201d dedi. Hakkari\u2019ye ba\u011fl\u0131 O\u011flu (Tal\u00ea) k\u00f6y\u00fcnde Mehmet Temel\u2019in (35) ya\u015fam\u0131n\u0131 yitirdi\u011fi 3 k\u00f6yl\u00fcn\u00fcn de yaraland\u0131\u011f\u0131 Heron (\u0130nsans\u0131z hava arac\u0131) sald\u0131r\u0131s\u0131n\u0131n yank\u0131lar\u0131 devam ediyor. Olay\u0131n ya\u015fand\u0131\u011f\u0131 ilk g\u00fcnden bu yana &hellip;<\/p>\n","protected":false},"author":4,"featured_media":1609,"comment_status":"closed","ping_status":"closed","sticky":false,"template":"","format":"standard","meta":[],"categories":[54,41,55],"tags":[],"_links":{"self":[{"href":"http:\/\/www.dengekurdistan.de\/index.php?rest_route=\/wp\/v2\/posts\/1608"}],"collection":[{"href":"http:\/\/www.dengekurdistan.de\/index.php?rest_route=\/wp\/v2\/posts"}],"about":[{"href":"http:\/\/www.dengekurdistan.de\/index.php?rest_route=\/wp\/v2\/types\/post"}],"author":[{"embeddable":true,"href":"http:\/\/www.dengekurdistan.de\/index.php?rest_route=\/wp\/v2\/users\/4"}],"replies":[{"embeddable":true,"href":"http:\/\/www.dengekurdistan.de\/index.php?rest_route=%2Fwp%2Fv2%2Fcomments&post=1608"}],"version-history":[{"count":1,"href":"http:\/\/www.dengekurdistan.de\/index.php?rest_route=\/wp\/v2\/posts\/1608\/revisions"}],"predecessor-version":[{"id":1613,"href":"http:\/\/www.dengekurdistan.de\/index.php?rest_route=\/wp\/v2\/posts\/1608\/revisions\/1613"}],"wp:featuredmedia":[{"embeddable":true,"href":"http:\/\/www.dengekurdistan.de\/index.php?rest_route=\/wp\/v2\/media\/1609"}],"wp:attachment":[{"href":"http:\/\/www.dengekurdistan.de\/index.php?rest_route=%2Fwp%2Fv2%2Fmedia&parent=1608"}],"wp:term":[{"taxonomy":"category","embeddable":true,"href":"http:\/\/www.dengekurdistan.de\/index.php?rest_route=%2Fwp%2Fv2%2Fcategories&post=1608"},{"taxonomy":"post_tag","embeddable":true,"href":"http:\/\/www.dengekurdistan.de\/index.php?rest_route=%2Fwp%2Fv2%2Ftags&post=1608"}],"curies":[{"name":"wp","href":"https:\/\/api.w.org\/{rel}","templated":true}]}}