{"id":1590,"date":"2017-08-24T10:56:45","date_gmt":"2017-08-24T08:56:45","guid":{"rendered":"http:\/\/www.dengekurdistan.de\/?p=1590"},"modified":"2017-08-24T10:56:45","modified_gmt":"2017-08-24T08:56:45","slug":"tuerk-devletinden-ynknin-ankara-temsilcisine-sinir-disi","status":"publish","type":"post","link":"http:\/\/www.dengekurdistan.de\/?p=1590","title":{"rendered":"T\u00fcrk devletinden YNK&#8217;nin Ankara temsilcisine s\u0131n\u0131r d\u0131\u015f\u0131"},"content":{"rendered":"<p>T\u00fcrk devletinin YNK Ankara temsilcisi Behroz Galal\u00ee&#8217;yi s\u0131n\u0131r d\u0131\u015f\u0131 etme karar\u0131 ald\u0131\u011f\u0131 belirtildi. <\/p>\n<p>T\u00fcrk D\u0131\u015fi\u015fleri Bakan\u0131 Mevl\u00fct \u00c7avu\u015fo\u011flu&#8217;nun Hewl\u00ear ziyaretinin s\u00fcrd\u00fc\u011f\u00fc saatlerde T\u00fcrk devleti, K\u00fcrdistan Yurtseverler Birli\u011fi (YNK) T\u00fcrkiye temsilcisi Behroz Galal\u00ee&#8217;yi s\u0131n\u0131r d\u0131\u015f\u0131 etme karar\u0131 ald\u0131. <\/p>\n<p>YNK&#8217;nin resmi yay\u0131n organ\u0131 PUKMedia\u2019&#8217;n\u0131n haberine g\u00f6re, T\u00fcrk devleti, Gelal\u00ee&#8217;nin 24 saat i\u00e7inde \u00fclkeyi terk etmesini istedi. Gelali&#8217;nin s\u0131n\u0131rd\u0131\u015f\u0131 edilmesi karar\u0131na &#8220;T\u00fcrkiye ile YNK aras\u0131nda ya\u015fanan sorunlar&#8221; gerek\u00e7e g\u00f6sterilirken, sorunlar\u0131 ne oldu\u011fu ise a\u00e7\u0131klanmad\u0131. <\/p>\n<p>15 y\u0131ld\u0131r Ankara&#8217;da bulunan Gelal\u00ee&#8217;nin bu gece S\u00fcleymaniye&#8217;ye d\u00f6nmesi bekleniyor.<\/p>\n<p>Kaynak: Ajansa N\u00fb\u00e7eyan a Firat\u00ea 2017. <\/p>\n","protected":false},"excerpt":{"rendered":"<p>T\u00fcrk devletinin YNK Ankara temsilcisi Behroz Galal\u00ee&#8217;yi s\u0131n\u0131r d\u0131\u015f\u0131 etme karar\u0131 ald\u0131\u011f\u0131 belirtildi. T\u00fcrk D\u0131\u015fi\u015fleri Bakan\u0131 Mevl\u00fct \u00c7avu\u015fo\u011flu&#8217;nun Hewl\u00ear ziyaretinin s\u00fcrd\u00fc\u011f\u00fc saatlerde T\u00fcrk devleti, K\u00fcrdistan Yurtseverler Birli\u011fi (YNK) T\u00fcrkiye temsilcisi Behroz Galal\u00ee&#8217;yi s\u0131n\u0131r d\u0131\u015f\u0131 etme karar\u0131 ald\u0131. YNK&#8217;nin resmi yay\u0131n organ\u0131 PUKMedia\u2019&#8217;n\u0131n haberine g\u00f6re, T\u00fcrk devleti, Gelal\u00ee&#8217;nin 24 saat i\u00e7inde \u00fclkeyi terk etmesini istedi. Gelali&#8217;nin &hellip;<\/p>\n","protected":false},"author":4,"featured_media":1591,"comment_status":"closed","ping_status":"closed","sticky":false,"template":"","format":"standard","meta":[],"categories":[43,54,41,42],"tags":[],"_links":{"self":[{"href":"http:\/\/www.dengekurdistan.de\/index.php?rest_route=\/wp\/v2\/posts\/1590"}],"collection":[{"href":"http:\/\/www.dengekurdistan.de\/index.php?rest_route=\/wp\/v2\/posts"}],"about":[{"href":"http:\/\/www.dengekurdistan.de\/index.php?rest_route=\/wp\/v2\/types\/post"}],"author":[{"embeddable":true,"href":"http:\/\/www.dengekurdistan.de\/index.php?rest_route=\/wp\/v2\/users\/4"}],"replies":[{"embeddable":true,"href":"http:\/\/www.dengekurdistan.de\/index.php?rest_route=%2Fwp%2Fv2%2Fcomments&post=1590"}],"version-history":[{"count":1,"href":"http:\/\/www.dengekurdistan.de\/index.php?rest_route=\/wp\/v2\/posts\/1590\/revisions"}],"predecessor-version":[{"id":1595,"href":"http:\/\/www.dengekurdistan.de\/index.php?rest_route=\/wp\/v2\/posts\/1590\/revisions\/1595"}],"wp:featuredmedia":[{"embeddable":true,"href":"http:\/\/www.dengekurdistan.de\/index.php?rest_route=\/wp\/v2\/media\/1591"}],"wp:attachment":[{"href":"http:\/\/www.dengekurdistan.de\/index.php?rest_route=%2Fwp%2Fv2%2Fmedia&parent=1590"}],"wp:term":[{"taxonomy":"category","embeddable":true,"href":"http:\/\/www.dengekurdistan.de\/index.php?rest_route=%2Fwp%2Fv2%2Fcategories&post=1590"},{"taxonomy":"post_tag","embeddable":true,"href":"http:\/\/www.dengekurdistan.de\/index.php?rest_route=%2Fwp%2Fv2%2Ftags&post=1590"}],"curies":[{"name":"wp","href":"https:\/\/api.w.org\/{rel}","templated":true}]}}