{"id":1574,"date":"2017-08-24T10:30:03","date_gmt":"2017-08-24T08:30:03","guid":{"rendered":"http:\/\/www.dengekurdistan.de\/?p=1574"},"modified":"2017-08-24T10:30:03","modified_gmt":"2017-08-24T08:30:03","slug":"26-mart-2017-kkp-sykp-newroz-gecesi-konusmasi-hueseyin-isli","status":"publish","type":"post","link":"http:\/\/www.dengekurdistan.de\/?p=1574","title":{"rendered":"26 Mart 2017 KKP &#8211; SYKP Newroz Gecesi Konu\u015fmas\u0131 \/ H\u00dcSEY\u0130N \u0130\u015eL\u0130"},"content":{"rendered":"<p>D\u00fcn alanlarda, direni\u015flerde, zindanlarda \u201eFabrikalar, Tarlalar, Siyasi \u0130ktidar, Her \u015eey Eme\u011fin Olacak!\u201c diyerek hayk\u0131ran; bug\u00fcn de halk\u0131m\u0131z\u0131n direni\u015f ve m\u00fccadele g\u00fcn\u00fc olan Newroz\u2019da biraraya gelen, bu Newroz etkinli\u011fimizi onurland\u0131ran sevgili yolda\u015flar\u0131m\u0131z,<br \/>\nHosgeldiniz!<br \/>\n&#8211;<br \/>\nBug\u00fcn hepimiz biliyoruz ki, K\u00fcrdistan ve T\u00fcrkiye\u2019de Hitler bozuntusu Tayyip Erdo\u011fan&#8217;\u0131n ba\u015f\u0131n\u0131 \u00e7ekti\u011fi s\u00f6m\u00fcrgeci T.C. rejimi halklar\u0131m\u0131za sald\u0131r\u0131lar\u0131yla, katliamlar\u0131yla her g\u00fcn\u00fcm\u00fcz\u00fc ya\u015fanamaz hale  getirmi\u015ftir.<br \/>\n&#8211;<br \/>\nAma, \u00f6nce i\u015f\u00e7i &#8211; emek\u00e7iler olarak s\u0131n\u0131f m\u00fccadelemizde, K\u00fcrtler olarak ulusal \u00f6zg\u00fcrl\u00fck kavgam\u0131zda hep hat\u0131rda tutaca\u011f\u0131m\u0131z, dersler  \u00e7\u0131karaca\u011f\u0131m\u0131z, hat\u0131rlatmadan ge\u00e7meyece\u011fimiz kimi \u00f6nemli g\u00fcnleri an\u0131msatmak istiyorum.<br \/>\n&#8211;<br \/>\nGe\u00e7ti\u011fimiz 8 Mart D\u00fcnya Emek\u00e7i Kad\u0131nlar G\u00fcn\u00fc Hepinize Kutlu olsun! Selam olsun Rosa Luxemburg, Clara Zetkinlere! Selam olsun Leyla Kas\u0131m, Zekiye Alkan,Sakine Cans\u0131zlara! Selam olsun D\u00f6nd\u00fc T\u00fcrkmen ve Evrim Alata\u015flara ve alanlarda, zindanlarda, da\u011flarda s\u00f6m\u00fcr\u00fc ve z\u00fclme kar\u015f\u0131 direni\u015f bayra\u011f\u0131n\u0131 y\u00fckselten milyonlarca emek\u00e7i kad\u0131nlar\u0131m\u0131za!<br \/>\n&#8211;<br \/>\n\u0130dam sehpalar\u0131nda 12 Eyl\u00fcl fa\u015fizmine kar\u015f\u0131 boyun e\u011fmeyerek ulusal ve sosyal kurtulus bayra\u011f\u0131n\u0131 dalgaland\u0131ran,  partimizin &#8221;Onur \u00dcyeleri&#8221; \u0130BRAH\u0130M ETHEM CO\u015eKUN, SEY\u0130T KONUK ve NECAT\u0130 VARDARlara selam olsun! Ne mutlu sizlere ki onlar\u0131n yolda\u015flar\u0131s\u0131n\u0131z.<br \/>\n&#8211;<br \/>\nYine hi\u00e7 bir zaman unutamayaca\u011f\u0131m\u0131z bir g\u00fcn, s\u00f6m\u00fcrgeci Saddam rejiminin G\u00fcney K\u00fcrdistan&#8217;daki kentimiz Halep\u00e7e&#8217;ye 16 Mart 1988 g\u00fcn\u00fc kimyasal bombalarla sald\u0131rarak \u00e7ocuk, ya\u015fl\u0131, kad\u0131n, gen\u00e7 demeden 5\u2018000&#8217;den fazla  insan\u0131m\u0131z\u0131 t\u00fcm D\u00fcnya&#8217;n\u0131n g\u00f6z\u00fc \u00f6n\u00fcnde vah\u015fice katletti\u011fi g\u00fcnd\u00fcr, unutmayaca\u011f\u0131z.<br \/>\n&#8211;<br \/>\nPartimizin kurulu\u015funun temellerinin at\u0131ld\u0131\u011f\u0131 topraklarda yeti\u015fen, Pirim\u2019in i\u015fkencehanelerinde ser verip, s\u0131r vermeyen, 16 Mart 1982&#8217;de hunharca katledilen Halil Ulu\u011f ve Yusuf Ali Erbay yolda\u015flar\u0131m\u0131z\u0131n an\u0131lar\u0131 \u00f6n\u00fcnde sayg\u0131yla e\u011filiyoruz.<br \/>\n&#8211;<br \/>\n18 Mart 1871, 25 bin Paris Kom\u00fcnar\u0131n\u0131n en k\u00fc\u00e7\u00fck bir pi\u015fmanl\u0131k duymadan, \u00f6l\u00fcm\u00fc kahramanca kar\u015f\u0131layarak g\u00f6\u011fe \u00e7\u0131kt\u0131klar\u0131 g\u00fcnd\u00fcr. Onlar t\u00fcm d\u00fcnya proleterlerine \u00e7ok b\u00fcy\u00fck de\u011feri olan bir devrim deneyi b\u0131rakt\u0131lar. Buradan, bu Newroz kutlamas\u0131ndan, K\u00fcrdistan, T\u00fcrkiye ve Ortado\u011fu halklar\u0131 olarak Paris Kom\u00fcnarlar\u0131na milyonlarca sayg\u0131 ve sevgilerimizi sunuyoruz.<br \/>\n&#8211;<br \/>\n21 Mart 1982 Newroz G\u00fcn\u00fc, Mazlum Do\u011fan&#8217;\u0131n Amed  zindanlar\u0131nda \u00fc\u00e7 kibrit \u00e7\u00f6p\u00fc ile Newroz Ate\u015fini yakarak &#8221;Berxwedan Jiyane!&#8221; slogan\u0131yla aram\u0131zdan sonsuzlu\u011fa ayr\u0131ld\u0131\u011f\u0131 g\u00fcnd\u00fcr. Selam olsun \u00e7agda\u015f Kawalara!<br \/>\n&#8211;<br \/>\n25 Mart 1976,  1926-1930 A\u011fr\u0131 Direni\u015finin b\u00fcy\u00fck komutan\u0131 \u0130hsan Nuri Pa\u015fa&#8217;n\u0131n Tahran&#8217;da \u015f\u00fcpheli bir kazan\u0131n ard\u0131ndan hayata veda etti\u011fi g\u00fcnd\u00fcr. \u0130hsan Nuri Pa\u015falara selam olsun!<br \/>\n&#8211;<br \/>\n30 Mart 1972, 12 Mart fa\u015fizmine kar\u015f\u0131 m\u00fccadelenin, devrimci dayan\u0131\u015fman\u0131n, m\u00fccadele birli\u011finin sembol\u00fc olarak THKO ve THKP-C  \u00f6nderlerinin K\u0131z\u0131ldere&#8217;de birlikte \u00f6l\u00fcm\u00fc kucaklayarak Paris Kom\u00fcnarlar\u0131n\u0131n yan\u0131na gittikleri g\u00fcnd\u00fcr. Selam olsun 10lar&#8217;a!<br \/>\n&#8211;<br \/>\n31 Mart 1947 Qazi Muhammed ve arkada\u015flar\u0131n\u0131n Mahabat merkezli K\u00fcrt Cumhuriyetini ilan ettikleri \u00c7ar\u00e7\u0131ra Meydan\u0131&#8217;nda idam edildikleri lanetli g\u00fcnd\u00fcr. Bizlere ibretlik bir tarih dersi b\u0131rakarak sonsuzlu\u011fa y\u00fcr\u00fcyen Qazi Muhammed ve yolda\u015flar\u0131na selam olsun!<br \/>\n&#8211;<br \/>\nDe\u011ferli Yolda\u015flar\u0131m,<br \/>\n21 Mart ayn\u0131 zamanda partimiz PART\u00ceYA KOMUN\u00ceSTA KURD\u00ceSTAN&#8217;\u0131n (KKP&#8217;nin)  35&#8217;inci kurulu\u015f y\u0131ld\u00f6n\u00fcm\u00fcd\u00fcr. Bug\u00fcn bu vesilesiyle partimizin kurulu\u015funa, temellerinin at\u0131lmas\u0131na katk\u0131 sunan, de\u011fer katan, 12 Eyl\u00fcl zindanlar\u0131ndan ge\u00e7erek bug\u00fcne  kadar kom\u00fcnizm davas\u0131n\u0131 savunan; bug\u00fcn \u015fu ya da bu sebepten dolay\u0131 aram\u0131zda olmasa da kalbi burayla birlikte atan b\u00fct\u00fcn yolda\u015flar\u0131m\u0131za selam olsun.<br \/>\n&#8211;<br \/>\nBu vesilesiyle buradan bir kere daha  hayk\u0131r\u0131yoruz ve diyoruz ki \u015fehitlerimize, Deniz Gezmi\u015flerden, Avni G\u00f6koglu, Mustafa Akdeniz, Devrimci Ali, Elmas Kardeslere; Tuncay Atmaca, K\u00f6yl\u00fc Mehmet, Ihsan \u00d6zsoylu, 13 Mart \u015fehitlerimize; Nusret Korkmaz, Kaz\u0131m \u00c7ak\u0131r, Evrim Alata\u015flara; \u0130srail siyonizmine kar\u015f\u0131 m\u00fccadelede \u015fehit d\u00fc\u015fen \u0130mam Ate\u015f, Mustafa \u00c7etiner ve Te\u011fmen Alilerimize ve  adlar\u0131n\u0131 saymad\u0131\u011f\u0131m\u0131z  daha onlarca \u015fehidimize and olsun ki Newroz Ate\u015fini sizlerin d\u00fc\u015ft\u00fc\u011f\u00fc o topraklarda sizlerin ilkelerinize, sizlerin kararl\u0131l\u0131\u011f\u0131n\u0131za uygun olarak daha da g\u00fcr yakaca\u011f\u0131z.<br \/>\n&#8211;<br \/>\nBug\u00fcn s\u00f6m\u00fcrgeci, fa\u015fist Erdo\u011fan rejimi kendilerinin tezgahlad\u0131\u011f\u0131 15 Temmuzu bahane  ederek, T.C. devletini yeniden \u00f6rg\u00fctleyerek Hitlerin kurdu\u011fu t\u00fcrden bir fa\u015fist rejimi oturtmaya \u00e7al\u0131\u015f\u0131yor. T.C. devleti, onun halefi olan Osmanl\u0131 devletinin 1900&#8217;l\u00fc y\u0131llar\u0131n ilk yar\u0131s\u0131 boyunca birbiri pe\u015fi s\u0131ra yapt\u0131\u011f\u0131 Rum, Ermeni, S\u00fcryani, Yezidi, Alevi, K\u00fcrt soyk\u0131r\u0131mlar\u0131na bir yenisini daha eklemeye; K\u00fcrdistan&#8217;da yeniden bir soyk\u0131r\u0131m ger\u00e7ekle\u015ftirmeye \u00e7al\u0131\u015f\u0131yor.<br \/>\nBunun i\u00e7in de 16 Nisan referendumuyla bir korku imparatorlu\u011fu yaratmak istiyor. Diktat\u00f6r Erdo\u011fan&#8217;\u0131n, ald\u0131\u011f\u0131 7 Haziran se\u00e7im yenilgisinden sonra neler yapt\u0131\u011f\u0131n\u0131 hepimiz biliyoruz. Sur&#8217;dan ba\u015flayarak kentlerimizi havadan &#8211; karadan ku\u015fatarak top ve bombalarla yak\u0131p y\u0131kt\u0131; \u015fehirlerimizi tek tek harebeye \u00e7evirdiler. Halk\u0131m\u0131z\u0131 evlerinde, gen\u00e7lerimizi bodrum katlar\u0131nda en barbar bir tarzda  topluca katlettiler. Analar\u0131m\u0131z\u0131n cenazelerini g\u00fcnlerce caddelerde beklettiler. Halk\u0131m\u0131za haftalarca, aylarca soka\u011fa \u00e7\u0131kma yasa\u011f\u0131 uygulad\u0131lar.  Annelerimiz bebeklerimizin \u00f6l\u00fclerini  buzdolab\u0131nda saklamak zorunda kald\u0131lar. Gen\u00e7lerimizin cenazeleri  tanklar\u0131n arkas\u0131nda s\u00fcr\u00fcklendi&#8230;<br \/>\n&#8211;<br \/>\nDostlar, yolda\u015flar<br \/>\n2017 Newroz&#8217;unun ba\u015fka bir anlam\u0131 daha var:<br \/>\nBu Newroz, &#8221;Yeni T\u00fcrkiye&#8217;yi kuruyoruz&#8221; diye, su kat\u0131lmam\u0131\u015f bir fa\u015fist diktat\u00f6rl\u00fc\u011f\u00fc yerle\u015ftirmek isteyen Erdo\u011fan ve ekibinin niyetlerini kursaklar\u0131nda b\u0131rakman\u0131n provas\u0131d\u0131r.<br \/>\n16 Nisan&#8217;da Referandum&#8217;dan hezimetle \u00e7\u0131kacak olanlar daha \u015fimdiden tela\u015f i\u00e7indedir.<br \/>\nBu tela\u015flad\u0131r ki h\u00fck\u00fcmet K\u00fcrdistan&#8217;da halk\u0131m\u0131za dalkavuk\u00e7a s\u0131rna\u015fmakta; \u015eeyh Sait ve arkada\u015flar\u0131n\u0131n ad\u0131na pankartlar asmaktad\u0131r. S\u0131rf bu kadar da de\u011fil; T\u00fcrk h\u00fck\u00fcmeti ilk kez protokolde K\u00fcrdistan bayra\u011f\u0131n\u0131 g\u00f6ndere \u00e7ekmi\u015f, el alt\u0131ndan eyalet sistemine ge\u00e7ilece\u011fi, K\u00fcrtlerin haklar\u0131na kavu\u015facaklar\u0131 s\u00f6ylentilerini yaymaya ba\u015flam\u0131\u015f ve K\u00fcrt oylar\u0131n\u0131 kazanamazsa dahi tarafs\u0131z k\u0131lmak, &#8221;boykot&#8221; yahut ge\u00e7ersiz oy kullanmaya te\u015fvik etmek i\u00e7in kollar\u0131 s\u0131vam\u0131\u015ft\u0131r. A\u011f\u0131zlar\u0131n\u0131 her a\u00e7t\u0131klar\u0131nda &#8221;tek dil&#8221; laf\u0131n\u0131 dillerinden d\u00fc\u015f\u00fcrmeyenler K\u00fcrdistan&#8217;da K\u00fcrt\u00e7e afi\u015flerle oy talep etmektedir!<br \/>\nAma bunlar nafiledir. Bunlar Erdo\u011fan ve \u00e7etesinin korkusunu g\u00f6steriyor. Onlar korkuyorlar. \u00c7\u00fcnk\u00fc Newroz g\u00f6sterilerinde de g\u00f6rd\u00fcler ki s\u0131rt\u0131nda K\u00fcrdistan ti\u015f\u00f6rt\u00fc ta\u015f\u0131yor diye katledilen Kemal Korkut&#8217;un avaz avaz hayk\u0131rd\u0131\u011f\u0131 sloganlar K\u00fcrd&#8217;\u00fcn net HAYIR tutumudur. Elinde tuttu\u011fu ya\u015fam kayna\u011f\u0131 bir \u015fi\u015fe suyu can verirken dahi elden b\u0131rakmayan Newroz \u015fehidimizden; alanlarda z\u0131lg\u0131t \u00e7eken kad\u0131nlar\u0131m\u0131za kadar halk\u0131m\u0131z s\u00f6m\u00fcrgeci katillere kar\u015f\u0131 tavr\u0131n\u0131 a\u00e7\u0131k\u00e7a koymu\u015ftur.<br \/>\nMilletvekillerimizi zindanlara atanlara HAYIR!<br \/>\nBelediyelerimizi kayyumlara devredenlere HAYIR!<br \/>\nKentlerimizi, k\u00f6ylerimizi yak\u0131p y\u0131k\u0131p harabeye \u00e7evirenlere HAYIR!<br \/>\nBinlerce insan\u0131m\u0131z\u0131 katleden, on binlerce insan\u0131m\u0131z\u0131 zindanlara atan, on binlerce kamu \u00e7al\u0131\u015fan\u0131n\u0131 i\u015flerinden atanlara HAYIR!<br \/>\nTek Adam Rejimine HAYIR!<br \/>\nFa\u015fist 12 Eyl\u00fcl Anayasas\u0131&#8217;n\u0131n daha da fa\u015fist hale getirilmesine HAYIR!<br \/>\n&#8211;<br \/>\nDostlar, yolda\u015flar<br \/>\nPartimiz&#8217;in kuruldu\u011fu 1982 y\u0131l\u0131n\u0131n 7 Kas\u0131m&#8217;\u0131nda 12 Eyl\u00fcl Anayasas\u0131 i\u00e7in referandum yap\u0131lm\u0131\u015ft\u0131. KKP o referandumda K\u00fcrdistan&#8217;da en yayg\u0131n HAYIR kampanyas\u0131n\u0131 y\u00fcr\u00fctm\u00fc\u015f, her tarafta bildiriler, pullamalarla halk\u0131m\u0131z\u0131 HAYIR demeye \u00e7a\u011f\u0131rm\u0131\u015ft\u0131.<br \/>\n\u015eimdi 35&#8217;inci kurulu\u015f y\u0131ld\u00f6n\u00fcm\u00fcm\u00fcz\u00fc de bir kez daha HAYIR&#8217;l\u0131 bi\u00e7imde kutluyoruz. Bu geceyi SYKP&#8217;li yolda\u015flarla birlikte kutlamam\u0131z olduk\u00e7a anlaml\u0131d\u0131r. Bu, halklar\u0131n hak e\u015fitli\u011fi temelinde enternasyonalist birli\u011fine ve kayna\u015fmas\u0131na verdi\u011fimiz \u00f6nemin g\u00f6stergesidir.<br \/>\nFa\u015fist diktat\u00f6rl\u00fc\u011f\u00fc el ele, omuz omuza y\u0131kaca\u011f\u0131z!<br \/>\nS\u00f6m\u00fcrgeci kirli sava\u015f\u0131 elbirli\u011fiyle bitirece\u011fiz!<br \/>\nSaraylarda t\u00fcnemi\u015f kan i\u00e7ici akbabalar\u0131n saraylar\u0131n\u0131 hep beraber yerle bir edece\u011fiz!<br \/>\nHepinizi sayg\u0131yla selaml\u0131yorum!<br \/>\n26 Mart 2017<\/p>\n","protected":false},"excerpt":{"rendered":"<p>D\u00fcn alanlarda, direni\u015flerde, zindanlarda \u201eFabrikalar, Tarlalar, Siyasi \u0130ktidar, Her \u015eey Eme\u011fin Olacak!\u201c diyerek hayk\u0131ran; bug\u00fcn de halk\u0131m\u0131z\u0131n direni\u015f ve m\u00fccadele g\u00fcn\u00fc olan Newroz\u2019da biraraya gelen, bu Newroz etkinli\u011fimizi onurland\u0131ran sevgili yolda\u015flar\u0131m\u0131z, Hosgeldiniz! &#8211; Bug\u00fcn hepimiz biliyoruz ki, K\u00fcrdistan ve T\u00fcrkiye\u2019de Hitler bozuntusu Tayyip Erdo\u011fan&#8217;\u0131n ba\u015f\u0131n\u0131 \u00e7ekti\u011fi s\u00f6m\u00fcrgeci T.C. rejimi halklar\u0131m\u0131za sald\u0131r\u0131lar\u0131yla, katliamlar\u0131yla her g\u00fcn\u00fcm\u00fcz\u00fc ya\u015fanamaz &hellip;<\/p>\n","protected":false},"author":4,"featured_media":1575,"comment_status":"closed","ping_status":"closed","sticky":false,"template":"","format":"standard","meta":[],"categories":[41,55],"tags":[],"_links":{"self":[{"href":"http:\/\/www.dengekurdistan.de\/index.php?rest_route=\/wp\/v2\/posts\/1574"}],"collection":[{"href":"http:\/\/www.dengekurdistan.de\/index.php?rest_route=\/wp\/v2\/posts"}],"about":[{"href":"http:\/\/www.dengekurdistan.de\/index.php?rest_route=\/wp\/v2\/types\/post"}],"author":[{"embeddable":true,"href":"http:\/\/www.dengekurdistan.de\/index.php?rest_route=\/wp\/v2\/users\/4"}],"replies":[{"embeddable":true,"href":"http:\/\/www.dengekurdistan.de\/index.php?rest_route=%2Fwp%2Fv2%2Fcomments&post=1574"}],"version-history":[{"count":1,"href":"http:\/\/www.dengekurdistan.de\/index.php?rest_route=\/wp\/v2\/posts\/1574\/revisions"}],"predecessor-version":[{"id":1579,"href":"http:\/\/www.dengekurdistan.de\/index.php?rest_route=\/wp\/v2\/posts\/1574\/revisions\/1579"}],"wp:featuredmedia":[{"embeddable":true,"href":"http:\/\/www.dengekurdistan.de\/index.php?rest_route=\/wp\/v2\/media\/1575"}],"wp:attachment":[{"href":"http:\/\/www.dengekurdistan.de\/index.php?rest_route=%2Fwp%2Fv2%2Fmedia&parent=1574"}],"wp:term":[{"taxonomy":"category","embeddable":true,"href":"http:\/\/www.dengekurdistan.de\/index.php?rest_route=%2Fwp%2Fv2%2Fcategories&post=1574"},{"taxonomy":"post_tag","embeddable":true,"href":"http:\/\/www.dengekurdistan.de\/index.php?rest_route=%2Fwp%2Fv2%2Ftags&post=1574"}],"curies":[{"name":"wp","href":"https:\/\/api.w.org\/{rel}","templated":true}]}}