{"id":1568,"date":"2017-08-24T10:13:35","date_gmt":"2017-08-24T08:13:35","guid":{"rendered":"http:\/\/www.dengekurdistan.de\/?p=1568"},"modified":"2017-08-24T10:24:32","modified_gmt":"2017-08-24T08:24:32","slug":"isci-sinifinin-ve-duenya-halklarinin-enternaszonalini-yeniden-insa-etmek-zorundayiz-samir-amin","status":"publish","type":"post","link":"http:\/\/www.dengekurdistan.de\/?p=1568","title":{"rendered":"\u0130\u015e\u00c7\u0130 SINIFININ VE D\u00dcNYA HALKLARININ ENTERNASZONAL\u0130N\u0130 YEN\u0130DEN \u0130N\u015eA ETMEK ZORUNDAYIZ \/ Samir Amin"},"content":{"rendered":"<p> D\u00fcnya sisteminde; yerel ve uluslararas\u0131, ekonomik ve askeri, toplumsal ve k\u00fclt\u00fcrel olmak \u00fczere t\u00fcm boyutlarda inan\u0131lmaz \u00f6l\u00e7\u00fclerde bir iktidar merkezile\u015fmesi oldu.<br \/>\nA\u015fa\u011f\u0131 yukar\u0131 bin tane dev \u015firket ve y\u00fczlerce finans kurulu\u015fu kendi aralar\u0131nda karteller olu\u015fturdular ve ulusal ve k\u00fcresel \u00fcretim sistemlerini ta\u015feron stat\u00fcs\u00fcne indirgediler. Bu yolla, finans oligar\u015fileri, emekten ve kendi \u00f6zel \u00e7\u0131karlar\u0131 i\u00e7in rant \u00fcretricilerine d\u00f6n\u00fc\u015ft\u00fcr\u00fclen \u015firketlerden gelen b\u00fcy\u00fcyen k\u00e2r hisselerine el koyuyorlar.<br \/>\nBelli ba\u015fl\u0131 sa\u011f ve sol partiler ile sendika ve s\u00f6zde sivil toplum \u00f6rg\u00fctlerini ehlile\u015ftirdikten sonra bu oligar\u015filer ayr\u0131ca; bunlar\u0131n emrine amade medyan\u0131n, kamuoyunu depolitize etmek amac\u0131yla gerekli dezenformasyonlar\u0131 yaratmas\u0131 ile birlikte \u015fu an mutlak bir politik g\u00fc\u00e7 uyguluyorlar. Oligar\u015filer, sermaye taraf\u0131ndan denetlenen neredeyse tek partili bir sistemi geleneksel \u00e7ok partili prati\u011fin yerine ikame ederek, s\u00f6z\u00fc edilen prati\u011fi imha ettiler. Temsili demokrasi, t\u00fcm anlam\u0131n\u0131 yitirdi\u011fi i\u00e7in me\u015fruiyetini de kaybetti.<br \/>\nTamamen kapal\u0131 bir sistem olan bu ge\u00e7 d\u00f6nem, g\u00fcn\u00fcm\u00fcz kapitalizmi, her ne kadar b\u00f6yle bir adland\u0131rmadan ka\u00e7\u0131nmak i\u00e7in gerekli \u00f6zen g\u00f6sterilse de, \u2018totalitarizm\u2019 \u00f6l\u00e7\u00fctlerine tekab\u00fcl etmekten kendini kurtaram\u0131yor. Totalitarizm hala \u2018yumu\u015fak\u2019 olsa da, kurbanlar\u0131 \u2013 i\u015f\u00e7i s\u0131n\u0131f\u0131n\u0131n ve d\u00fcnya halklar\u0131n\u0131n b\u00fcy\u00fck \u00e7o\u011funlu\u011fu \u2013 isyan eder etmez son derece b\u00fcy\u00fck bir \u015fiddete ba\u015fvurmak i\u00e7in her daim haz\u0131rd\u0131r. S\u00f6zde \u2018modernle\u015fme\u2019nin bir par\u00e7as\u0131 olan t\u00fcm de\u011fi\u015fimler, yukar\u0131daki analizin \u0131\u015f\u0131\u011f\u0131nda ele al\u0131nmal\u0131d\u0131r. Tekeller i\u00e7in yarat\u0131lacak finansal \u00e7\u0131karlar\u0131n gerektirdiklerinden ba\u015fka bir \u015feye tabi olmayan bilimsel geli\u015fmeler ve teknolojik yeniliklerin (BT dahil) yan\u0131nda, kapitalizmin asla \u00e7\u00f6zme yetene\u011finin olmad\u0131\u011f\u0131 (Aral\u0131k 2016 Paris Anla\u015fmas\u0131 maskeden ba\u015fka bir\u015fey de\u011fildi) b\u00fcy\u00fck ekolojik sorunlar da (\u00f6zellikle iklim de\u011fi\u015fikli\u011fi) sonu\u00e7 olarak bir vaka olarak \u00f6n\u00fcm\u00fczde durmaktad\u0131r. G\u00f6klere \u00e7\u0131kar\u0131lan rekabet ve u\u015fak ruhlu medyan\u0131n, \u00f6zg\u00fcrl\u00fc\u011f\u00fcn ve etkili bir sivil toplumun garantisi olarak sundu\u011fu piyasa \u00f6zg\u00fcrl\u00fc\u011f\u00fc asl\u0131nda, mevcut oligar\u015finin fraksiyonlar\u0131 aras\u0131ndaki \u015fiddetli \u00e7at\u0131\u015fmalar y\u00fcz\u00fcnden parampar\u00e7a edilmi\u015f ger\u00e7ekli\u011fin tam z\u0131tt\u0131 ve bu oligar\u015filerin iktidarlar\u0131n\u0131n y\u0131k\u0131c\u0131 etkilerinin de sebebidir.<br \/>\nD\u00fcnya d\u00fczeyinde g\u00fcn\u00fcm\u00fcz kapitalizmi, ba\u015f\u0131ndan itibaren k\u00fcreselle\u015fmi\u015f olarak (19. y\u00fczy\u0131l s\u00f6m\u00fcrgele\u015ftirmeleri de \u00e7ok a\u00e7\u0131k bir \u015fekilde k\u00fcreselle\u015fmenin bir bi\u00e7imiydi), ge\u00e7mi\u015fte de oldu\u011fu gibi hep ayn\u0131 mant\u0131\u011f\u0131 izler. G\u00fcn\u00fcm\u00fczdeki \u2018k\u00fcreselle\u015fme\u2019de bu mant\u0131ktan ka\u00e7amaz: Emperyalist k\u00fcreselle\u015fmenin yeni bir bi\u00e7iminden ba\u015fka bir\u015fey de\u011fildir. Herhangi bir tan\u0131mlama olmaks\u0131z\u0131n s\u0131k\u00e7a kullan\u0131lan bu \u2018k\u00fcresell\u015feme\u2019 s\u00f6zc\u00fc\u011f\u00fc \u00f6nemli bir ger\u00e7e\u011fi gizliyor: G\u00fcney K\u00fcrenin kaynaklar\u0131n\u0131 ya\u011fmalamaya, yerelli\u011fin bozulmas\u0131 ve ta\u015feronla\u015ft\u0131rma ile ili\u015fkili olarak K\u00fcrenin emek g\u00fcc\u00fcn\u00fc a\u015f\u0131r\u0131 derecede s\u00f6m\u00fcrmeye devam eden tarihsel emperyalist g\u00fc\u00e7ler (benim \u2018\u00dc\u00e7l\u00fc Tak\u0131m\u2019 diye adland\u0131rd\u0131\u011f\u0131m Amerika, Bat\u0131 ve Orta Avrupa \u00fclkeleri ve Japonya) taraf\u0131ndan geli\u015ftirilen sistematik stratejilerin uygulanmas\u0131. Bu g\u00fc\u00e7lerin niyeti \u2018tarihsel ayr\u0131cal\u0131klar\u0131n\u0131\u2019 s\u00fcrd\u00fcrmek ve h\u00fckmedilen \u00e7evre \u00fclkelerin mevcut stat\u00fclerinden s\u0131yr\u0131lmalar\u0131n\u0131 engellemektir. Ge\u00e7en y\u00fczy\u0131l\u0131n tarihi asl\u0131nda d\u00fcnya sisteminin \u00e7evresindeki halklar\u0131n sosyalist bir kopu\u015fla ya da ulusal kurtulu\u015fun inceltilmi\u015f formlar\u0131yla ilgili ayaklanmalar\u0131n\u0131n tarihidir. Tarihin bu sayfas\u0131 \u015fimdilik \u00e7evrilmi\u015f durumdad\u0131r. Ancak \u015fu an s\u00fcrmekte olan yeniden s\u00f6m\u00fcrgele\u015ftirme, me\u015fruiyeti olmad\u0131\u011f\u0131 i\u00e7in k\u0131r\u0131lgand\u0131r.<br \/>\nBu y\u00fczden, bu tarihsel emperyalist \u00dc\u00e7l\u00fc tak\u0131m, gezegeni askeri a\u00e7\u0131dan t\u00fcmden kontrol alt\u0131na almak i\u00e7in Amerika taraf\u0131ndan y\u00f6netilen bir sistem in\u015fa etti. Avrupa\u2019n\u0131n yap\u0131s\u0131n\u0131n ayr\u0131lmaz bir \u015fekilde ba\u011fl\u0131 oldu\u011fu NATO \u00fcyelikleri ve ayn\u0131 \u015fekilde Japonya\u2019n\u0131n militarizasyonu, daha \u00f6nce daimi ve \u015fiddetli bir \u00e7eki\u015fme i\u00e7inde olan ulusal emperyalizmlerin (Amerika, B\u00fcy\u00fck Britanya, Japonya, Almanya, Fransa ve di\u011fer birka\u00e7 \u00fclke) yerini bu yeni kollektif emperyalizmin ald\u0131\u011f\u0131n\u0131n i\u015faretleridir.<br \/>\nBu ko\u015fullar alt\u0131nda, t\u00fcm d\u00fcnyadaki i\u015f\u00e7iler ve halklardan olu\u015fan bir enternasyonal cephe in\u015fa etmek, g\u00fcn\u00fcm\u00fcz emperyalist kapitalizminin yay\u0131lan sald\u0131r\u0131s\u0131na kar\u015f\u0131 koyabilecek bir m\u00fccadelenin ana hedefi olmak zorundad\u0131r.<br \/>\nBu devasa meydan okumayla kar\u015f\u0131la\u015ft\u0131r\u0131ld\u0131\u011f\u0131nda, sistemin kurbanlar\u0131 taraf\u0131ndan verilen m\u00fccadelenin yetersizli\u011fi apa\u00e7\u0131k ortadad\u0131r. M\u00fccadelenin zay\u0131fl\u0131\u011f\u0131n\u0131 ben a\u015fa\u011f\u0131daki ba\u015fl\u0131klar alt\u0131nda s\u0131n\u0131fland\u0131r\u0131yorum:<br \/>\n1.\ti) ister yerel d\u00fczeyde isterse de d\u00fcnya d\u00fczeyinde olsun m\u00fccadelenin a\u015f\u0131r\u0131 derecede par\u00e7alanm\u0131\u015fl\u0131\u011f\u0131, her zaman spesifik olmas\u0131 ve belirli yerler ve belli konular \u00fczerine y\u00f6nelmesi (ekoloji, kad\u0131n haklar\u0131, sosyal hizmetler, birtak\u0131m topluluklar\u0131n talepleri vb.). Ulus, hatta d\u00fcnya d\u00fczeyinde y\u00fcr\u00fct\u00fclen ender kampanyalar da, iktidardakilerin y\u00fcr\u00fctt\u00fc\u011f\u00fc politikalar\u0131 de\u011fi\u015ftirmeye y\u00f6nelik bir bask\u0131 olu\u015fturmad\u0131\u011f\u0131 i\u00e7in elle tutulur bir ba\u015far\u0131 elde edemedi. Bu m\u00fccadelelerin b\u00fcy\u00fck \u00e7o\u011funlu\u011fu sistem taraf\u0131ndan so\u011furuldu ve b\u00f6ylelikle sistemin \u0131slah edilebilece\u011fine dair ilizyon da beslenmi\u015f oldu.<br \/>\nNe var ki, genelle\u015ftirilmi\u015f proleterle\u015ftirme s\u00fcrecinde devasa bir ivme kazan\u0131ld\u0131. \u015eu anda, merkez kapitalist \u00fclkelerdeki halklar\u0131n neredeyse tamam\u0131 emek g\u00fcc\u00fcn\u00fc satan \u00fccretli \u00e7al\u0131\u015fan konumuna mahkumdur. G\u00fcney K\u00fcre\u2019de baz\u0131 b\u00f6lgelerin sanayile\u015ftirilmesi bir taraftan proleterya ve maa\u015fl\u0131 orta s\u0131n\u0131f\u0131 yarat\u0131rken, di\u011fer taraftan da bu b\u00f6lgelerin k\u00f6yl\u00fc s\u0131n\u0131f\u0131n\u0131 \u015fu an tamamen piyasa sistemine dahil etti. Fakat egemenlerin uygulamaya koydu\u011fu politik stratejiler, bu muazzam b\u00fcy\u00fckl\u00fckteki proleteryay\u0131, birbirleriyle s\u0131kl\u0131kla \u00e7at\u0131\u015fma halinde olan \u00e7e\u015fitli fraksiyonlara b\u00f6lmeyi ba\u015fard\u0131. Bu \u00e7eli\u015fkinin \u00fcstesinden gelinmesi gerekiyor.<br \/>\n1.\tii) Bu \u00dc\u00e7l\u00fcn\u00fcn (Amerika, Bat\u0131 ve Orta Avrupa, Japonya ) halklar\u0131, uluslararas\u0131 anti-emperyalist dayan\u0131\u015fmadan vazge\u00e7ip, yerine yapabildikleri en iyi \u015fey olarak, tekellere ait sermaye taraf\u0131ndan denetlenen \u2018insanc\u0131l\u2019 kampanyalar ve \u2018yard\u0131m\u2019 programlar\u0131 ikame ettiler. Sonu\u00e7 olarak, Avrupa\u2019n\u0131n sol gelenekten miras alan politik g\u00fc\u00e7leri \u015fu anda, mevcut k\u00fcreselle\u015fmenin emperyalist vizyonuna destek sunuyor.<br \/>\niii) Yeni sa\u011f ideoloji halk aras\u0131nda destek kazan\u0131yor.<br \/>\nKuzeyde antikapitalist s\u0131n\u0131f m\u00fccadelesinin ana temas\u0131 terkedildi ya da solun s\u00f6zde yeni tan\u0131m\u0131 \u2018ortakl\u0131k k\u00fclt\u00fcr\u00fc\u2019 veya kom\u00fcniteryanizm gibi ifadelere indirgendi. \u00d6zg\u00fcl haklar\u0131n savunusu kapitalizme kar\u015f\u0131 genel m\u00fccadeleden ayr\u0131ld\u0131.<br \/>\nKimi G\u00fcney \u00fclkelerinde toplumsal de\u011fi\u015fim i\u00e7in sava\u015fan antiemperyalist karakterdeki m\u00fccadele gelene\u011fi yerini, dinler ya da sahte ahlak de\u011ferleri taraf\u0131ndan ifade edilen modas\u0131 ge\u00e7mi\u015f reaksiyoner ilizyonlara b\u0131rakt\u0131. Di\u011fer G\u00fcney \u00fclkelerinde, ge\u00e7ti\u011fimiz y\u0131llar i\u00e7erisinde ba\u015far\u0131l\u0131 bir ekonomik b\u00fcy\u00fcme ivmesi yakalanmas\u0131 da, k\u00fcreselle\u015fmeyi \u015fekillendirmeye aktif bir \u015fekilde dahil olabilecek kabiliyette, \u2018geli\u015fmi\u015f\u2019 ulusal bir kapitalizmin in\u015fa edilebilece\u011fi yan\u0131lg\u0131s\u0131n\u0131 besliyor.<br \/>\n\u00dc\u00e7l\u00fc Tak\u0131m \u00fclkelerinde ve hatta d\u00fcnya d\u00fczeyinde, g\u00fcn\u00fcm\u00fcz emperyalizminde oligar\u015filerin iktidar\u0131 y\u0131k\u0131lamaz gibi g\u00f6r\u00fcn\u00fcyor (\u201ctarihin sonu\u201d!). Halk\u0131n \u00e7o\u011funlu\u011fu; s\u00fcrekli olarak, sab\u0131kal\u0131, milliyet\u00e7i ya da totaliter otokrasi gibi lakaplarla s\u00fcslenen ge\u00e7mi\u015fteki hasm\u0131n\u0131n \u2013 sosyalizm \u2013 yerine \u2018piyasa demokrasisi\u2019 k\u0131l\u0131\u011f\u0131ndaki sisteme raz\u0131 oluyor.<br \/>\nFakat bu sistem bir\u00e7ok sebepten dolay\u0131 s\u00fcrd\u00fcr\u00fclebilir de\u011fildir:<br \/>\n1.\ti) G\u00fcn\u00fcm\u00fcz kapitalizmi, ele\u015ftiriye ve reforma \u2018a\u00e7\u0131k\u2019, yenilik\u00e7i ve esnek olarak takdim ediliyor. Baz\u0131lar\u0131, sistemdeki kontrolden \u00e7\u0131km\u0131\u015f finans\u0131n istismarlar\u0131na ve sisteme daimi olarak e\u015flik eden kemer s\u0131kma politikalar\u0131na son verilmesi gerekti\u011fini \u2013ve b\u00f6ylece \u2018kapitalizmi kurtarabilece\u011fimizi\u2019\u2013 iddia ediyor. Ancak, \u00dc\u00e7l\u00fc Tak\u0131m\u0131n oligarklar\u0131n\u0131n \u00e7\u0131karlar\u0131na \u2013 ba\u015fka hi\u00e7bir \u015feyin \u00f6nemi yoktur \u2013 hizmet eden, \u00fclkelerini d\u00f6rt bir yandan ku\u015fatan ekonomik durgunlu\u011fa ra\u011fmen bu oligarklar\u0131n sahip olduklar\u0131 servetin s\u00fcrekli olarak art\u0131\u015f\u0131n\u0131 garanti eden mevcut pratiklere bakarak bu \u00e7a\u011fr\u0131lar\u0131n beyhude oldu\u011funu g\u00f6rebiliriz.<br \/>\n2.\tii) Avrupa alt sistemi de emperyal k\u00fcreselle\u015fmenin \u00f6nemli bir par\u00e7as\u0131d\u0131r. Amerika\u2019n\u0131n askeri kumandanl\u0131\u011f\u0131n\u0131n alt\u0131nda, antisosyalist ve emperyalizm yanl\u0131s\u0131, reaksiyoner bir ruh i\u00e7erisinde tasarlanm\u0131\u015ft\u0131r. Bunun i\u00e7inde Almanya, \u00f6zellikle euro b\u00f6lgesi ve Amerika\u2019n\u0131n Latin Amerika\u2019y\u0131 istilas\u0131na benzer bir \u015fekilde dahil ettikleri Do\u011fu Avrupa \u00fczerinde egemenli\u011fini kullan\u0131yor. \u2018Alman Avrupa\u2019, Yunanistan krizinde g\u00f6rd\u00fc\u011f\u00fcm\u00fcz gibi, b\u00fcy\u00fck bir kibirle ortaya serilen Alman oligar\u015fisinin milliyet\u00e7i \u00e7\u0131karlar\u0131na hizmet ediyor. Bu Avrupa, varl\u0131\u011f\u0131n\u0131 s\u00fcrd\u00fcremez ve i\u00e7e do\u011fru patlama ba\u015flad\u0131 bile.<br \/>\niii) \u00dc\u00e7l\u00fc Tak\u0131m \u00fclkelerinde b\u00fcy\u00fcmedeki durgunluk ile k\u00fcreselle\u015fmeden kazan\u00e7 elde etmeyi ba\u015farm\u0131\u015f G\u00fcney b\u00f6lgelerinde yakalanan b\u00fcy\u00fcme ivmesi \u00e7eli\u015fki olu\u015fturuyor. A\u011f\u0131rl\u0131k merkezi Atlantik Bat\u0131 \u00fclkelerinden G\u00fcneye, \u00f6zellikle de Asya\u2019ya kay\u0131yor olsa da kapitalizmin hala canl\u0131 ve iyi durumda oldu\u011funa dair acele bir \u00e7\u0131kar\u0131m yap\u0131ld\u0131. Ama asl\u0131nda, tarihi \u0131slah hareketini s\u00fcrd\u00fcrmenin \u00f6n\u00fcne \u00e7\u0131kar\u0131lacak engellerin askeri sald\u0131rganl\u0131\u011f\u0131 da i\u00e7erecek \u015fekilde giderek \u015fiddetini art\u0131rmas\u0131 kuvvetle muhtemeldir. Emperyal g\u00fc\u00e7lerin, k\u00fc\u00e7\u00fck ya da b\u00fcy\u00fck hi\u00e7bir \u00e7evre \u00fclkesinin bu boyunduruk alt\u0131ndan kendini kurtarmas\u0131na m\u00fcsaade etmeye niyeti yoktur.<br \/>\n1.\tiv) Kapitalist yay\u0131lmayla zorunlu olarak ili\u015fkili olan ekolojik y\u0131k\u0131m da bu sistemin neden s\u00fcrd\u00fcr\u00fclebilir olmad\u0131\u011f\u0131n\u0131 g\u00f6steren nedenlerdendir.<br \/>\nBiz \u015fu an \u2018halk\u0131n bahar\u0131\u2019 ve bir sosyalist perspektifin (ama \u015fu an mevcut olmayan) do\u011fu\u015fu ile h\u0131zlanacak \u2018kapitalizmin sonbahar\u2019 a\u015famas\u0131n\u0131 ya\u015f\u0131yoruz. Kapitalizmin bug\u00fcnk\u00fc a\u015famas\u0131nda, tatmin edici, iyiye giden bir reform ihtimali yaln\u0131zca bir ilizyondan ibarettir. Sosyalist at\u0131l\u0131m\u0131 ger\u00e7ekle\u015ftirebilecek \u2013 yaln\u0131zca hayal edecek de\u011fil \u2013 yetene\u011fe sahip uluslararas\u0131 radikal solun yeniden canland\u0131r\u0131lmas\u0131ndan ba\u015fka se\u00e7enek yoktur. Kapitalizmin krizini de\u011fil, krizlerle dolu kapitalizmi sonland\u0131rmaya ihtiya\u00e7 var.<br \/>\n\u0130lk hipotezden yola \u00e7\u0131k\u0131ld\u0131\u011f\u0131nda, \u00f6zellikle Avrupa\u2019da, kararl\u0131 hi\u00e7bir \u015feyin \u00dc\u00e7l\u00fc Tak\u0131m halklar\u0131n\u0131n emperyalist se\u00e7ene\u011fe ba\u011fl\u0131l\u0131\u011f\u0131na etki etmeyece\u011fi g\u00f6r\u00fclecektir. Sistemin kurbanlar\u0131, daha sonra ba\u015fka bir vizyonla yeniden in\u015fa edilmeden \u00f6nce y\u0131k\u0131lmak zorunda olan \u2018Avrupa projesi\u2019nin \u00e7izdi\u011fi yol d\u0131\u015f\u0131nda bir alternatifi d\u00fc\u015f\u00fcnme yetisinden yoksun olmaya devam edeceklerdir. Siriza, Podemos ve Fransa\u2019da Insoumise deneyimleri ve Alman Sol Parti\u2019nin (Die Linke) karars\u0131zl\u0131klar\u0131 sorunun b\u00fcy\u00fckl\u00fc\u011f\u00fcn\u00fc ve karma\u015f\u0131kl\u0131\u011f\u0131n\u0131 g\u00f6steriyor. Avrupa\u2019daki bu ele\u015ftirel yakla\u015f\u0131mlar\u0131n y\u00fczeysel bir \u015fekilde \u2018milliyet\u00e7ilik\u2019le su\u00e7lanmas\u0131n\u0131n makul bir taraf\u0131 yok. Tam tersi, Avrupa projesi giderek Almanya\u2019n\u0131n burjuva milliyet\u00e7ili\u011fi olarak g\u00f6r\u00fcl\u00fcr hale geliyor. Ba\u015fka yerlerde oldu\u011fu gibi Avrupa\u2019da da, emperyalist k\u00fcreselle\u015fmeden kopu\u015fu ba\u015flatacak ulusal, halk\u00e7\u0131 ve demokratik projeler (burjuva de\u011fil, aksine burjuvazi kar\u015f\u0131t\u0131) olu\u015fturmaktan ba\u015fka se\u00e7enek bulunmamaktad\u0131r. Servetin ve iktidar\u0131n a\u015f\u0131r\u0131 merkezile\u015fmesiyle ilintili sistemi y\u0131kmak gerekiyor.<\/p>\n<p>Bu hipoteze g\u00f6re en muhtemel sonu\u00e7 20. y\u00fczy\u0131l\u0131 yeniden olu\u015fturmak olacakt\u0131r: \u00f6zellikle sistemin \u00e7evresinde (periphery) yer alan kimi yerlerde ger\u00e7ekle\u015fen ilerlemeler. Fakat bu geli\u015fimler ayn\u0131 sebepten \u2013 emperyalist g\u00fc\u00e7 merkezleri taraf\u0131ndan onlara kar\u015f\u0131 y\u00fcr\u00fct\u00fclen daimi sava\u015f ve bu at\u0131l\u0131mlar\u0131n ba\u015far\u0131s\u0131 b\u00fcy\u00fck oranda kendi s\u0131n\u0131rlar\u0131na ve sapmalar\u0131na ba\u011fl\u0131d\u0131r\u2013 dolay\u0131 t\u0131pk\u0131 ge\u00e7mi\u015fte oldu\u011fu gibi k\u0131r\u0131lgan olacakt\u0131r.<br \/>\nFakat i\u015f\u00e7i s\u0131n\u0131f\u0131n\u0131n ve d\u00fcnya halklar\u0131n\u0131n enternasyonalizmi gerekli ve m\u00fcmk\u00fcn daha ileri de\u011fi\u015fimler i\u00e7in yollar a\u00e7\u0131yor.<br \/>\nBu yollardan biri \u2018medeniyetin y\u0131k\u0131m\u0131\u2019d\u0131r. Bu durumda, bu de\u011fi\u015fimler herhangi birileri taraf\u0131ndan planlan\u0131p y\u00f6netilmeyecek, \u015fartlar\u0131n yaratt\u0131\u011f\u0131 ihtiya\u00e7lar, izlenecek yolu belirlemek durumunda olacakt\u0131r. Gelgelelim, \u00e7a\u011f\u0131m\u0131zdaki ekolojik ve askeri y\u0131k\u0131m g\u00fcc\u00fcn\u00fc ve bu g\u00fcc\u00fc kullanma e\u011filiminin varl\u0131\u011f\u0131n\u0131 hesaba katt\u0131\u011f\u0131m\u0131zda, Marx\u2019\u0131n zaman\u0131nda ele\u015ftirdi\u011fi gibi, sava\u015f\u0131n birbirine kar\u015f\u0131t kamplar\u0131n hepsini birden yok etme riskini ger\u00e7ek anlamda ta\u015f\u0131d\u0131\u011f\u0131n\u0131 g\u00f6r\u00fcr\u00fcz. Fakat bunun tersine ikinci yol, i\u015f\u00e7i s\u0131n\u0131f\u0131 ve halklar\u0131n olu\u015fturdu\u011fu enternasyonal cephenin akl\u0131 ba\u015f\u0131nda ve \u00f6rg\u00fctl\u00fc bir m\u00fcdahalesini gerektirecektir.<br \/>\n\u015eu an var olan emperyalist kapitalist sistemin i\u011fren\u00e7 tabiat\u0131 taraf\u0131ndan kand\u0131r\u0131lm\u0131\u015f ger\u00e7ek militanlar\u0131n as\u0131l amac\u0131 i\u015f\u00e7iler ve halklardan olu\u015fan yeni bir Enternasyonal yaratmak olmal\u0131d\u0131r. Bu a\u011f\u0131r bir sorumluluktur ve bu g\u00f6rev elle tutulur sonu\u00e7lar elde edene kadar biraz zaman alacakt\u0131r. Ben kendimce, a\u015fa\u011f\u0131daki \u00f6nerileri ortaya at\u0131yorum:<br \/>\n1.\ti) Ama\u00e7, yaln\u0131zca bir \u2018hareket\u2019 de\u011fil, bir \u00d6rg\u00fct (yeni Enternasyonal) kurmak olmal\u0131. Bu bir tart\u0131\u015fma forumu konseptinin \u00f6tesinde bir\u015feyler i\u00e7erir. Ayn\u0131 zamanda, hala yayg\u0131n olan \u2018hareketlerin\u2019 yatay olmas\u0131n\u0131n gerekli oldu\u011fu fikri ve antidemokratik karakteri bahane edilerek dikey \u00f6rg\u00fctlenme diye adland\u0131rd\u0131klar\u0131n\u0131n d\u00fc\u015fmanla\u015ft\u0131r\u0131lmas\u0131 konusunda kavram\u0131n yetersizliklerini analiz etmeyi de i\u00e7ermelidir: asl\u0131nda \u00f6rg\u00fct,\u2018liderler\u2019 \u00fcreten kendili\u011finden hareketin sonucudur. Dikey \u00f6rg\u00fctlerin liderleri, h\u00fckmetmek ve hatta hareketi manip\u00fcle etmek isteyebilir. Fakat uygun t\u00fcz\u00fcklerle bundan ka\u00e7\u0131n\u0131lmas\u0131 m\u00fcmk\u00fcnd\u00fcr. Bu konu tart\u0131\u015f\u0131lmal\u0131d\u0131r.<br \/>\n2.\tii) Ge\u00e7mi\u015fe ait de olsalar i\u015f\u00e7i Enternasyonallari \u00fczerinde ciddi anlamda \u00e7al\u0131\u015f\u0131lmal\u0131d\u0131r. Bu, onlar\u0131n aras\u0131ndan bir model \u2018se\u00e7mek\u2019 amac\u0131yla de\u011fil, g\u00fcn\u00fcm\u00fcz ko\u015fullar\u0131 i\u00e7in en uygun formu bulmak i\u00e7in yap\u0131lmal\u0131d\u0131r.<br \/>\niii) B\u00f6yle bir davet bir\u00e7ok m\u00fccadeleci parti ve \u00f6rg\u00fctlere g\u00f6nderilmelidir. Projeyi hemen ba\u015flatmak i\u00e7in ilk i\u015f olarak bir komite kurulmal\u0131d\u0131r.<br \/>\n1.\tiv) Bu metni a\u011f\u0131rla\u015ft\u0131rmak istemiyorum ama tamamlay\u0131c\u0131 olmas\u0131 a\u00e7\u0131s\u0131ndan a\u015fa\u011f\u0131daki metinleri \u00f6neriyorum (\u0130ngilizce ve Frans\u0131zca):<br \/>\n2.\tmodern tarihte sosyalizm y\u00f6n\u00fcnde hareketlerin birli\u011fi ve \u00e7e\u015fitlili\u011fi \u00fczerine temel bir metin;<br \/>\n3.\tAvrupa projesinin \u00e7\u00f6kmesi \u00fczerine bir metin;<br \/>\n4.\tradikal solu yenilemek i\u00e7in gerekli cesaret; Marx\u2019\u0131 okumak; yeni k\u00f6yl\u00fc sorunu; Ekim 1917 ve Maoizm\u2019den al\u0131nacak dersler; ulusal, halk\u00e7\u0131 projelerin yeniden olu\u015fturulmas\u0131n\u0131n gereklili\u011fi \u00fczerine metinler.<br \/>\n \u00c7eviri: \u00d6zg\u00fcr Giri\u015fen<br \/>\nKaynak: \u00d6zg\u00fcr \u00dcniversite<\/p>\n","protected":false},"excerpt":{"rendered":"<p>D\u00fcnya sisteminde; yerel ve uluslararas\u0131, ekonomik ve askeri, toplumsal ve k\u00fclt\u00fcrel olmak \u00fczere t\u00fcm boyutlarda inan\u0131lmaz \u00f6l\u00e7\u00fclerde bir iktidar merkezile\u015fmesi oldu. A\u015fa\u011f\u0131 yukar\u0131 bin tane dev \u015firket ve y\u00fczlerce finans kurulu\u015fu kendi aralar\u0131nda karteller olu\u015fturdular ve ulusal ve k\u00fcresel \u00fcretim sistemlerini ta\u015feron stat\u00fcs\u00fcne indirgediler. Bu yolla, finans oligar\u015fileri, emekten ve kendi \u00f6zel \u00e7\u0131karlar\u0131 i\u00e7in rant &hellip;<\/p>\n","protected":false},"author":4,"featured_media":1569,"comment_status":"closed","ping_status":"closed","sticky":false,"template":"","format":"standard","meta":[],"categories":[43,55],"tags":[],"_links":{"self":[{"href":"http:\/\/www.dengekurdistan.de\/index.php?rest_route=\/wp\/v2\/posts\/1568"}],"collection":[{"href":"http:\/\/www.dengekurdistan.de\/index.php?rest_route=\/wp\/v2\/posts"}],"about":[{"href":"http:\/\/www.dengekurdistan.de\/index.php?rest_route=\/wp\/v2\/types\/post"}],"author":[{"embeddable":true,"href":"http:\/\/www.dengekurdistan.de\/index.php?rest_route=\/wp\/v2\/users\/4"}],"replies":[{"embeddable":true,"href":"http:\/\/www.dengekurdistan.de\/index.php?rest_route=%2Fwp%2Fv2%2Fcomments&post=1568"}],"version-history":[{"count":1,"href":"http:\/\/www.dengekurdistan.de\/index.php?rest_route=\/wp\/v2\/posts\/1568\/revisions"}],"predecessor-version":[{"id":1573,"href":"http:\/\/www.dengekurdistan.de\/index.php?rest_route=\/wp\/v2\/posts\/1568\/revisions\/1573"}],"wp:featuredmedia":[{"embeddable":true,"href":"http:\/\/www.dengekurdistan.de\/index.php?rest_route=\/wp\/v2\/media\/1569"}],"wp:attachment":[{"href":"http:\/\/www.dengekurdistan.de\/index.php?rest_route=%2Fwp%2Fv2%2Fmedia&parent=1568"}],"wp:term":[{"taxonomy":"category","embeddable":true,"href":"http:\/\/www.dengekurdistan.de\/index.php?rest_route=%2Fwp%2Fv2%2Fcategories&post=1568"},{"taxonomy":"post_tag","embeddable":true,"href":"http:\/\/www.dengekurdistan.de\/index.php?rest_route=%2Fwp%2Fv2%2Ftags&post=1568"}],"curies":[{"name":"wp","href":"https:\/\/api.w.org\/{rel}","templated":true}]}}