{"id":1534,"date":"2017-08-20T14:35:55","date_gmt":"2017-08-20T12:35:55","guid":{"rendered":"http:\/\/www.dengekurdistan.de\/?p=1534"},"modified":"2017-08-20T15:33:26","modified_gmt":"2017-08-20T13:33:26","slug":"disk-kesk-tmmob-ve-ttbden-birlikte-muecadele-cagrisi","status":"publish","type":"post","link":"http:\/\/www.dengekurdistan.de\/?p=1534","title":{"rendered":"D\u0130SK, KESK, TMMOB ve TTB&#8217;den birlikte m\u00fccadele \u00e7a\u011fr\u0131s\u0131"},"content":{"rendered":"<p>HDP E\u015f Ba\u015fkan\u0131 Serpil Kemalbay ve milletvekilleri taraf\u0131ndan kar\u015f\u0131lanan KESK, D\u0130SK, TMMOB ve TTB ba\u015fkan ve e\u015fba\u015fkanlar\u0131, n\u00f6bete desteklerini iletirken, birlikte m\u00fccadelenin \u00f6nemine vurgu yapt\u0131.<br \/>\nZiyarette konu\u015fan HDP E\u015f Ba\u015fkan\u0131 Serpil Kemalbay, T\u00fcrkiye\u2019de s\u0131n\u0131f, emek ve demokrasi m\u00fccadelesinin en \u00f6nemli akt\u00f6rlerinin, bug\u00fcne kadar ger\u00e7ekle\u015fmi\u015f kazan\u0131mlarda b\u00fcy\u00fck eme\u011fi olan TTB, TMMOB, KESK ve D\u0130SK\u2019in aralar\u0131nda oldu\u011funu belirterek \u015funlar\u0131 ekledi: \u201cBurada oldu\u011funuz i\u00e7in, n\u00f6betimize g\u00fc\u00e7 katt\u0131\u011f\u0131n\u0131z i\u00e7in te\u015fekk\u00fcrler. T\u00fcrkiye\u2019nin ne kadar kritik bir d\u00f6nemden ge\u00e7ti\u011fini hepimiz g\u00f6r\u00fcyoruz. AKP-Saray iktidar\u0131 fa\u015fizm yolunda ilerliyor. Epeyi bir yol ald\u0131\u011f\u0131n\u0131 hepimiz g\u00f6r\u00fcyoruz ve bunu kayg\u0131yla izliyoruz. Ancak elbette izlemekle kalm\u0131yoruz. Bu \u00fclkenin demokrasi g\u00fc\u00e7leri olarak bir araya gelerek fa\u015fizmi birlikte durdural\u0131m istiyoruz. Bunun i\u00e7in m\u00fccadeleyi y\u00fckseltiyoruz. Bu m\u00fccadele hepimizin omuzlar\u0131nda \u00f6nemli bir g\u00f6rev. Bir demokrasi s\u0131nav\u0131 ile kar\u015f\u0131 kar\u015f\u0131yay\u0131z bu s\u0131nav\u0131 hep birlikte kazanaca\u011f\u0131 diye d\u00fc\u015f\u00fcn\u00fcyoruz.<br \/>\nT\u00fcrkiye\u2019de i\u015finden ekme\u011finden olan y\u00fcz elli bini a\u015fk\u0131n emek\u00e7i var. B\u00fcy\u00fck bir ac\u0131 ya\u015f\u0131yorlar. Akademisyenler, kamu emek\u00e7ileri sivil bir \u00f6l\u00fcme mahkum edildiler. T\u00fcrkiye b\u00fcy\u00fck bir rant\u0131n, talan\u0131n da ma\u011fduru. Her g\u00fcn tarih, do\u011fa, canl\u0131lar ya\u011fmalan\u0131yor. Hasankeyf\u2019te, Dersim\u2019de, Botan\u2019da oldu\u011fu gibi.<br \/>\nBu y\u0131k\u0131c\u0131 fa\u015fist d\u00fczene dur diyen herkes bizim i\u00e7in \u00e7ok k\u0131ymetli. Yan yana gelen, g\u00fcc\u00fcn\u00fc birle\u015ftiren b\u00fct\u00fcn demokrasi g\u00fc\u00e7lerine selam olsun diyoruz.\u201d<br \/>\nKemalbay\u2019dan sonra s\u00f6z alan TTB Ba\u015fkan\u0131 Ra\u015fit T\u00fcrkel ise, T\u00fcrkiye\u2019nin zor bir s\u00fcre\u00e7ten ge\u00e7ti\u011fini belirtti. Sa\u011fl\u0131k alan\u0131nda 14 y\u0131ld\u0131r ciddi bir y\u0131k\u0131m\u0131n i\u00e7inde ya\u015fad\u0131klar\u0131n\u0131 dile getiren T\u00fcrkel, \u201cTTB olarak sa\u011fl\u0131k haklar\u0131 m\u00fccadelesini b\u00fct\u00fcn olumsuz ko\u015fullara, neo-liberal ko\u015fullara ra\u011fmen s\u00fcrd\u00fcr\u00fcyoruz.<br \/>\nBir darbe giri\u015fimi sonras\u0131 \u00fclkemiz \u00f6nemli bir e\u015fi\u011fe geldi. Darbe ile m\u00fccadele etmenin \u00e7ok fazla se\u00e7ene\u011fi vard\u0131. Demokratik y\u00f6ntemlerin kullan\u0131lmas\u0131 s\u00f6z konusuydu ancak yap\u0131lan temel hak ve \u00f6zg\u00fcrl\u00fcklerin ask\u0131ya al\u0131nmas\u0131 oldu. KHK\u2019lerle \u00fclkemiz y\u00f6netilmeye ba\u015fland\u0131. Bir bask\u0131, tutuklama, ihra\u00e7 etme s\u00fcreci ya\u015fand\u0131. Temel hak ve \u00f6zg\u00fcrl\u00fcklerin ask\u0131ya al\u0131nmas\u0131 sonucunda geldi\u011fimiz nokta b\u00fct\u00fcn demokrasi g\u00fc\u00e7lerinin bir arada m\u00fccadele i\u00e7erisinde olmas\u0131n\u0131n gerekli oldu\u011funu g\u00f6steriyor. B\u00fct\u00fcn demokrasi g\u00fc\u00e7leri olarak bir y\u0131ldan fazlad\u0131r s\u00fcrd\u00fcr\u00fcyoruz ve s\u00fcrd\u00fcrmeye devam edece\u011fiz.<br \/>\nSon 1 y\u0131l i\u00e7erisindeki bu antidemokratik uygulamalar\u0131n giderek artmas\u0131n\u0131n bir sonucu da eme\u011fin hakk\u0131n\u0131n gasp edilmesi, ihra\u00e7 edilenlerin ya i\u015fsiz kalmas\u0131 ya da ucuz i\u00e7 g\u00fcc\u00fc olarak \u00e7al\u0131\u015fmak zorunda olmas\u0131 oldu. Vicdan ve Adalet N\u00f6beti\u2019ni milyonlar\u0131n talebini dile getirdi\u011fi i\u00e7in, milyonlar\u0131n talebini burada birlikte ifade etmesini \u00f6n\u00fcm\u00fcze koydu\u011fu i\u00e7in \u00e7ok \u00f6nemli buluyorum. \u00d6ncelikli olarak T\u00fcrkiye\u2019nin OHAL ko\u015fullar\u0131ndan \u00e7\u0131kmas\u0131n\u0131 istiyoruz. Adaletin, demokrasinin, laikli\u011fin \u00f6n planda oldu\u011fu bir \u00fclkede ya\u015fama arzumuzu ifade ediyoruz. Demokratik bir d\u00fczenin kurulmas\u0131 i\u00e7in TTB ad\u0131na ve birlikte m\u00fccadele edece\u011fiz\u201d dedi.<br \/>\nTMMOB Ba\u015fkan\u0131 Emin Koromaz ise, \u015fu durumun bile siyasi iktidar\u0131n vicdans\u0131zl\u0131\u011f\u0131n\u0131n ve adaletsizli\u011finin tescillenmi\u015f hali oldu\u011funu vurgulad\u0131. Y\u00fcz bini a\u015fk\u0131n kamu \u00e7al\u0131\u015fan\u0131n\u0131n sorgusuz, sualsiz i\u015ften at\u0131ld\u0131\u011f\u0131n\u0131 da kaydeden Koromaz \u015f\u00f6yle konu\u015ftu: \u201cMeslek kurulu\u015flar\u0131 y\u00f6neticileri g\u00f6revinden al\u0131nmaya \u00e7al\u0131\u015f\u0131l\u0131yor. B\u00f6ylesi bir \u00fclkede tabii ki vicdan diyece\u011fiz, adalet diyece\u011fiz. Onlar iktidara gelirken \u00fcst\u00fcnlerin hukukunu de\u011fil hukukun \u00fcst\u00fcnl\u00fc\u011f\u00fcn\u00fc savunaca\u011f\u0131z dediler, ama g\u00f6r\u00fcyoruz ki hukuku ayaklar alt\u0131na ald\u0131lar.<br \/>\n\u2018OHAL\u2019i biz kald\u0131rd\u0131k\u2019 dediler \u015fu an OHAL ko\u015fullar\u0131 ile y\u00f6netiliyor. Hak, hukuk dediler, tek adam rejimi tek parti d\u00fczeni kurdular. Ama biz bu d\u00fczene izin vermeyece\u011fiz.<br \/>\nBunlar\u0131n kurdu\u011fu d\u00fczenin bizler a\u00e7\u0131s\u0131ndan gelece\u011fi yok. Vicdan diyen, adalet diyen, laiklik diyen insanlar\u0131n m\u00fccadelesi elbette bunlar\u0131n kirli d\u00fczenini y\u0131kacak. Bask\u0131lar\u0131, korkular\u0131ndan kaynakl\u0131. Anayasay\u0131 de\u011fi\u015ftirdiler, OHAL ilan ettiler, olmad\u0131. \u015eair ne demi\u015f hi\u00e7bir \u015feye benzemez halk\u0131n\u0131 satanlar\u0131n korkusu. Bu korku onlar\u0131n sonu olacak.<br \/>\nBiz de m\u00fchendisler mimarlar olarak meslek formasyonundan ald\u0131\u011f\u0131m\u0131z g\u00fc\u00e7le bu \u00fclkenin gelece\u011fini hep birlikte in\u015fa edece\u011fiz. TMMOB vicdandan, bar\u0131\u015ftan yanad\u0131r. Bunun i\u00e7in b\u00fct\u00fcnl\u00fckl\u00fc bir m\u00fccadele gerekiyor. Bu m\u00fccadelede hepimize kolay gelsin\u201d dedi.<br \/>\nKESK E\u015fba\u015fkan\u0131 Aysun Gezen de T\u0130S g\u00f6r\u00fc\u015fmelerinin devam etti\u011fine dikkat \u00e7ekti ve \u015f\u00f6yle konu\u015ftu: \u201cBizim a\u00e7\u0131m\u0131zdan \u00e7ok b\u00fcy\u00fck bir e\u015fitsizlikle ba\u015flad\u0131. Bizler bu masaya davet edilmedik. \u00c7\u00fcnk\u00fc o masada sat\u0131\u015f s\u00f6zle\u015fmesi ko\u015fullar\u0131 olu\u015fturuldu. Bizler emek\u00e7iler i\u00e7in adalet, i\u015f g\u00fcvencesi istiyoruz. \u0130\u015f\u00e7ilerin insanca ya\u015famas\u0131n\u0131, \u00e7al\u0131\u015fmas\u0131n\u0131 istiyoruz. Her g\u00fcn onlarca \u00e7al\u0131\u015fan i\u015f cinayetlerine kurban gidiyor. Bizler t\u00fcm bunlar\u0131 s\u00f6yleyecek tek konfederasyon olarak oraya al\u0131nmad\u0131k. Bizim KHK\u2019lar\u0131 da yanda\u015f konfederasyon gibi tescillememizi istediler. 3+3 ile emek\u00e7ilerin hakk\u0131yla dalga ge\u00e7en iktidara kar\u015f\u0131 kamu \u00e7al\u0131\u015fanlar\u0131 olarak ve bu konfederasyonun m\u00fccadelesini s\u0131rtlanan emek\u00e7iler i\u00e7in bu m\u00fccadeleyi y\u00fckseltece\u011fiz. Bizler bar\u0131\u015f i\u00e7inde bir T\u00fcrkiye i\u00e7in, laik demokratik bir d\u00fczen i\u00e7in m\u00fccadelemizi s\u00fcrd\u00fcrece\u011fiz.\u201d<br \/>\n\u201cDemokrasi tarihine bakt\u0131\u011f\u0131m\u0131zda biz \u015funlar\u0131 g\u00f6rd\u00fck: H\u0131rs\u0131zlar\u0131n ve katillerin y\u00f6netti\u011fi \u00fclkelerde onurlu, ahlakl\u0131 ve \u015ferefli insanlar ya cezaevinde ya da mezarda olmu\u015ftur. Mazlumlar\u0131n ve ma\u011fdurlar\u0131n fa\u015fist diktat\u00f6rl\u00fc\u011fe kar\u015f\u0131 aya\u011fa kalkmas\u0131ndan ba\u015fka \u00e7aresi yoktur. Fa\u015fist diktat\u00f6rler diz \u00e7\u00f6k\u00fcnceye kadar mazlumlar ve ma\u011fdurlar birlikte m\u00fccadele etmek zorundad\u0131r. K\u0131sa bir d\u00f6nemde, 15 Temmuz darbe giri\u015fimi gecesi T\u00fcrkiye\u2019deki demokrasi m\u00fccadelesi verenlerin tamam\u0131 darbe giri\u015fimine kar\u015f\u0131 geldi. TBMM\u2019de grubu bulunan siyasi partiler de dimdik m\u00fccadele verdiler. 1 y\u0131ld\u0131r \u00fclkemizde OHAL var, \u00fclkemiz KHK\u2019larla y\u00f6netiliyor\u201d diyen D\u0130SK Ba\u015fkan\u0131 Kani Beko da 12 Eyl\u00fcl fa\u015fist cuntan\u0131n \u00fclke y\u00f6netimine el koydu\u011funda D\u0130SK\u2019in kapat\u0131lmad\u0131\u011f\u0131n\u0131 hat\u0131rlatt\u0131. O zaman D\u0130SK\u2019in mahkeme karar\u0131 ile kapat\u0131ld\u0131\u011f\u0131n\u0131 s\u00f6yleyen Beko, \u201cAma bug\u00fcn 150 bine yak\u0131n \u00e7al\u0131\u015fan mahkeme karar\u0131 olmadan kapat\u0131ld\u0131. Do\u011fuda 85\u2019e yak\u0131n belediyede kayyum var, bizim \u00fcyemiz olan 2000 i\u015f\u00e7i i\u015fsiz b\u0131rak\u0131ld\u0131. Daha d\u00fcn \u00e7al\u0131\u015fma bakan\u0131na anlatt\u0131m, 4857 say\u0131l\u0131 yasada b\u00f6yle bir madde yok. Kendinizi onlar\u0131n yerine koyun. 30 y\u0131ll\u0131k belediye i\u015f\u00e7isi KHK ile at\u0131ld\u0131\u011f\u0131nda i\u015fsizlik fonundan bile yararlanam\u0131yor. 2000\u2019e yak\u0131n i\u015f\u00e7i arkada\u015flar\u0131m\u0131z\u0131n k\u0131dem tazminatlar\u0131n\u0131, ihbarlar\u0131, i\u015fsizlik maa\u015flar\u0131 neden vermiyorsunuz? 21 Eyl\u00fcl\u2019de insanlar\u0131n gidebilecekleri bir mahkemeleri vard\u0131. Ama bug\u00fcn binlerce kamu \u00e7al\u0131\u015fan\u0131, i\u015f\u00e7inin gidebilecekleri bir mahkeme yok. Bug\u00fcn siyasal iktidara kar\u015f\u0131 toplumsal muhalefetin i\u00e7inde birlikte m\u00fccadele etmekten ba\u015fka \u00e7aremiz yok. Yar\u0131n \u00e7ok ge\u00e7 olabilir. Ta\u015f \u00e7ok sert. Bu ta\u015f bizi kanlar i\u00e7inde b\u0131rak\u0131rsa \u00e7ok ge\u00e7 kalm\u0131\u015f olaca\u011f\u0131z.<br \/>\nD\u00fcn oldu\u011fu gibi bug\u00fcn de yar\u0131n da n\u00f6betinizin yan\u0131nday\u0131z. \u00c7ok k\u0131ymetli bir i\u015f yap\u0131yorsunuz. Bu i\u015flerin yan\u0131nda bu \u00fclkede demokrasi, insan haklar\u0131, bar\u0131\u015f, karde\u015flik, adalet isteyen insanlar\u0131n yan yana olmaktan ba\u015fka \u00e7aresi yoktur. \u00d6n\u00fcm\u00fczdeki s\u00fcre\u00e7teki t\u00fcm etkinliklerde adalet arayanlar\u0131n yan\u0131nda olaca\u011f\u0131z\u201d dedi.<br \/>\nHDP\u2019li vekil Ahmet Y\u0131ld\u0131r\u0131m ise Hanna Arendt\u2019den &#8220;B\u00fct\u00fcn bu k\u00f6t\u00fcl\u00fcklere seyirci kalma. G\u00f6r\u00fcnd\u00fc\u011f\u00fc halde susmak iyili\u011fin belirsizli\u011fidir&#8221; al\u0131nt\u0131s\u0131n\u0131 yaparak konu\u015fmas\u0131na ba\u015flad\u0131.<br \/>\n\u201cBiz de diyoruz ki Mezopotamya, Anadolu ve Trakya&#8217;n\u0131n tarihi asla bu k\u00f6t\u00fcl\u00fcklere f\u0131rsat vermeyecek kadar k\u00f6kl\u00fcd\u00fcr. Biz ac\u0131 ile tecr\u00fcbe etti\u011fimiz ve bedelini \u00f6deyerek geldi\u011fimiz bu g\u00fcnlerde, 80 milyon insan\u0131n ayn\u0131 tecr\u00fcbeyi ya\u015famas\u0131n\u0131 istemiyoruz\u201d diyen Y\u0131ld\u0131r\u0131m, 4 kentteki n\u00f6bet eylemlerinde halk\u0131n \u00f6nlerine &#8220;bu haramilerin saltanat\u0131na son vermek i\u00e7in siyasi hassasiyetleri bir kenara b\u0131rakarak, asgari m\u00fc\u015ftereklerde bir araya gelin&#8221; g\u00f6revini koydu\u011funu belirtti.<br \/>\nBu mesaj\u0131 ald\u0131klar\u0131n\u0131 dile getiren Y\u0131ld\u0131r\u0131m, \u201cBu n\u00f6betler bizim eylemselli\u011fimizin ilk periyoduydu. Bundan sonra da OHAL kalk\u0131ncaya kadar, KHK ile ihra\u00e7 edilenler g\u00f6revlerine d\u00f6n\u00fcnceye kadar, milletvekillerimiz \u00f6zg\u00fcr oluncaya kadar, \u00f6\u011fretilmi\u015f \u00e7aresizlik son buluncaya kadar sokaktan ve alandan \u00e7ekilmeyece\u011fiz. Bu \u00fclkeye kal\u0131c\u0131 ve onurlu bir bar\u0131\u015f\u0131 arma\u011fan edinceye kadar y\u00fcre\u011fi bu istikamette atan herkesle ortakla\u015faca\u011f\u0131z. Mezopotamya&#8217;n\u0131n Trakya&#8217;n\u0131n bu k\u00fclt\u00fcr\u00fcn\u00fcn oldu\u011funu biliyoruz. Hep beraber g\u00fc\u00e7l\u00fcy\u00fcz. Onlar\u0131n en b\u00fcy\u00fck g\u00fcc\u00fc bizim yan yana gelme s\u00fcrecimizi engellemekten ge\u00e7iyor. Onlara inat bir araya gelmeli, ortak vatanda, ortak gelecek i\u00e7in birlikte m\u00fccadele etmeliyiz\u201d diye konu\u015ftu.<br \/>\nKaynak: Ajansa N\u00fb\u00e7eyan a Firat\u00ea<\/p>\n","protected":false},"excerpt":{"rendered":"<p>HDP E\u015f Ba\u015fkan\u0131 Serpil Kemalbay ve milletvekilleri taraf\u0131ndan kar\u015f\u0131lanan KESK, D\u0130SK, TMMOB ve TTB ba\u015fkan ve e\u015fba\u015fkanlar\u0131, n\u00f6bete desteklerini iletirken, birlikte m\u00fccadelenin \u00f6nemine vurgu yapt\u0131. Ziyarette konu\u015fan HDP E\u015f Ba\u015fkan\u0131 Serpil Kemalbay, T\u00fcrkiye\u2019de s\u0131n\u0131f, emek ve demokrasi m\u00fccadelesinin en \u00f6nemli akt\u00f6rlerinin, bug\u00fcne kadar ger\u00e7ekle\u015fmi\u015f kazan\u0131mlarda b\u00fcy\u00fck eme\u011fi olan TTB, TMMOB, KESK ve D\u0130SK\u2019in aralar\u0131nda oldu\u011funu &hellip;<\/p>\n","protected":false},"author":4,"featured_media":1535,"comment_status":"closed","ping_status":"closed","sticky":false,"template":"","format":"standard","meta":[],"categories":[54],"tags":[],"_links":{"self":[{"href":"http:\/\/www.dengekurdistan.de\/index.php?rest_route=\/wp\/v2\/posts\/1534"}],"collection":[{"href":"http:\/\/www.dengekurdistan.de\/index.php?rest_route=\/wp\/v2\/posts"}],"about":[{"href":"http:\/\/www.dengekurdistan.de\/index.php?rest_route=\/wp\/v2\/types\/post"}],"author":[{"embeddable":true,"href":"http:\/\/www.dengekurdistan.de\/index.php?rest_route=\/wp\/v2\/users\/4"}],"replies":[{"embeddable":true,"href":"http:\/\/www.dengekurdistan.de\/index.php?rest_route=%2Fwp%2Fv2%2Fcomments&post=1534"}],"version-history":[{"count":1,"href":"http:\/\/www.dengekurdistan.de\/index.php?rest_route=\/wp\/v2\/posts\/1534\/revisions"}],"predecessor-version":[{"id":1539,"href":"http:\/\/www.dengekurdistan.de\/index.php?rest_route=\/wp\/v2\/posts\/1534\/revisions\/1539"}],"wp:featuredmedia":[{"embeddable":true,"href":"http:\/\/www.dengekurdistan.de\/index.php?rest_route=\/wp\/v2\/media\/1535"}],"wp:attachment":[{"href":"http:\/\/www.dengekurdistan.de\/index.php?rest_route=%2Fwp%2Fv2%2Fmedia&parent=1534"}],"wp:term":[{"taxonomy":"category","embeddable":true,"href":"http:\/\/www.dengekurdistan.de\/index.php?rest_route=%2Fwp%2Fv2%2Fcategories&post=1534"},{"taxonomy":"post_tag","embeddable":true,"href":"http:\/\/www.dengekurdistan.de\/index.php?rest_route=%2Fwp%2Fv2%2Ftags&post=1534"}],"curies":[{"name":"wp","href":"https:\/\/api.w.org\/{rel}","templated":true}]}}